{"id":686,"date":"2020-09-10T17:53:08","date_gmt":"2020-09-10T15:53:08","guid":{"rendered":"http:\/\/5.45.101.177\/haut-allier\/usagers-transportse\/index.php\/2020\/09\/10\/ligne-du-train-cevenol-pas-de686\/"},"modified":"2020-09-10T17:53:08","modified_gmt":"2020-09-10T15:53:08","slug":"ligne-du-train-cevenol-pas-de686","status":"publish","type":"post","link":"https:\/\/usagers-transports.haut-allier.eu\/index.php\/2020\/09\/10\/ligne-du-train-cevenol-pas-de686\/","title":{"rendered":"Ligne du train C\u00e9venol : pas de trains le matin du 14 septembre au 6 novembre [MAJ]"},"content":{"rendered":"<p>[(<br \/>\n[fond rouge][jaune]<strong>[MAJ du 11\/09 \u00e0 12:15 avec la r\u00e9ponse de la SNCF]<\/strong>[\/jaune][\/fond rouge]<br \/>\n&nbsp;<br \/>\nVoici le tweet de r\u00e9ponse \u00e0 notre question pos\u00e9e la veille \u00e0 la SNCF :<br \/>\n&nbsp;<br \/>\n<img loading=\"lazy\" decoding=\"async\" class=\" aligncenter size-full wp-image-2984\" src=\"http:\/\/5.45.101.177\/haut-allier\/usagers-transportse\/wp-content\/uploads\/2020\/09\/question.jpg\" alt=\"question.jpg\" align=\"center\" width=\"263\" height=\"547\" srcset=\"https:\/\/usagers-transports.haut-allier.eu\/wp-content\/uploads\/2020\/09\/question.jpg 263w, https:\/\/usagers-transports.haut-allier.eu\/wp-content\/uploads\/2020\/09\/question-144x300.jpg 144w\" sizes=\"auto, (max-width: 263px) 100vw, 263px\" \/><br \/>\n&nbsp;<br \/>\n<img loading=\"lazy\" decoding=\"async\" class=\" aligncenter size-full wp-image-2985\" src=\"http:\/\/5.45.101.177\/haut-allier\/usagers-transportse\/wp-content\/uploads\/2020\/09\/travx-aura.jpg\" alt=\"travx-aura.jpg\" align=\"center\" width=\"252\" height=\"272\" \/><br \/>\n&nbsp;<br \/>\n<strong>Deux mois de \u00ab\u00a0petits travaux\u00a0\u00bb ce sera largement \u00e0 l&rsquo;aise non ?<\/strong> Faut pas trop en faire \u00e0 la fois. Des fois qu&rsquo;il y aurait surmenage. En attendant c&rsquo;est les voyageurs qui trinquent et qui ne peuvent pas prendre de correspondances pour des destinations \u00e9loign\u00e9es. Merci SNCF R\u00e9seau et ses travaux de jour l\u00e0 o\u00f9 \u00e7a l&rsquo;arrange.<br \/>\n )]<\/p>\n<p>&nbsp;<br \/>\nLa p\u00e9riode de 2 \u00e0 trois mois extensibles de coupure de ligne ne leur suffit pas : la SNCF va r\u00e9aliser des travaux le matin sur la ligne des C\u00e9vennes entre le 14 septembre et le 6 novembre.<br \/>\n&nbsp;<br \/>\n<strong>Ainsi les trains du matin TER 873971 et TER 873991 ne circuleront plus dans les gorges de l&rsquo;Allier.<\/strong> Point. Les deux autres Aller retour eux sont maintenus. Prenez vos pr\u00e9cautions. Des bus de substitution sont pr\u00e9vus mais aucun ne s&rsquo;arr\u00eate dans les gorges.<br \/>\n&nbsp;<br \/>\n<em>La fiche horaires. Cliquer pour avoir les deux sens.<\/em><br \/>\n<a href=\"http:\/\/5.45.101.177\/haut-allier\/usagers-transportse\/wp-content\/uploads\/2020\/09\/aff_l8_cle_ni_1409au0611_v260820_tcm72-105036_tcm72-265037.pdf\">aff_l8_cle_ni_1409au0611_v260820_tcm72-105036_tcm72-265037.pdf<\/a><br \/>\n&nbsp;<br \/>\nNe vous inqui\u00e9tez pas il est bien pr\u00e9vu aussi une coupure totale de trois mois pour travaux au printemps 2021 pour changer.<br \/>\n&nbsp;<br \/>\nCes travaux subits et subis ne sont pas pr\u00e9vus dans les programmes de travaux ni sur l&rsquo;Occitanie ni sur Auvergne Rh\u00f4ne Alpes. Il s&rsquo;agit donc du bon vouloir de SNCF R\u00e9seau pour en&#8230;. les usagers.<br \/>\n&nbsp;<br \/>\n<a href=\"https:\/\/www.sncf-reseau.com\/sites\/default\/files\/2019-12\/BAT2%20A3_OCCITANIE_2020_07.pdf\">Travaux pr\u00e9vus en 2020 en Occitanie<\/a><br \/>\n<a href=\"https:\/\/www.sncf-reseau.com\/sites\/default\/files\/2020-01\/A3_AURA_2020.pdf\">Travaux pr\u00e9vus en 2020 en Aura<\/a><br \/>\n&nbsp;<br \/>\nBien entendu aucun service de TAD taxi \u00e0 la demande n&rsquo;est pr\u00e9vu pour les gorges de l&rsquo;Allier. D\u00e9brouillez vous.<\/p>\n","protected":false},"excerpt":{"rendered":"<p>[( [fond rouge][jaune][MAJ du 11\/09 \u00e0 12:15 avec la r\u00e9ponse de la SNCF][\/jaune][\/fond rouge] &nbsp; Voici le tweet<\/p>\n","protected":false},"author":1,"featured_media":2983,"comment_status":"open","ping_status":"open","sticky":false,"template":"","format":"standard","meta":{"footnotes":""},"categories":[2],"tags":[],"class_list":["post-686","post","type-post","status-publish","format-standard","has-post-thumbnail","hentry","category-infos"],"_links":{"self":[{"href":"https:\/\/usagers-transports.haut-allier.eu\/index.php\/wp-json\/wp\/v2\/posts\/686","targetHints":{"allow":["GET"]}}],"collection":[{"href":"https:\/\/usagers-transports.haut-allier.eu\/index.php\/wp-json\/wp\/v2\/posts"}],"about":[{"href":"https:\/\/usagers-transports.haut-allier.eu\/index.php\/wp-json\/wp\/v2\/types\/post"}],"author":[{"embeddable":true,"href":"https:\/\/usagers-transports.haut-allier.eu\/index.php\/wp-json\/wp\/v2\/users\/1"}],"replies":[{"embeddable":true,"href":"https:\/\/usagers-transports.haut-allier.eu\/index.php\/wp-json\/wp\/v2\/comments?post=686"}],"version-history":[{"count":0,"href":"https:\/\/usagers-transports.haut-allier.eu\/index.php\/wp-json\/wp\/v2\/posts\/686\/revisions"}],"wp:featuredmedia":[{"embeddable":true,"href":"https:\/\/usagers-transports.haut-allier.eu\/index.php\/wp-json\/wp\/v2\/media\/2983"}],"wp:attachment":[{"href":"https:\/\/usagers-transports.haut-allier.eu\/index.php\/wp-json\/wp\/v2\/media?parent=686"}],"wp:term":[{"taxonomy":"category","embeddable":true,"href":"https:\/\/usagers-transports.haut-allier.eu\/index.php\/wp-json\/wp\/v2\/categories?post=686"},{"taxonomy":"post_tag","embeddable":true,"href":"https:\/\/usagers-transports.haut-allier.eu\/index.php\/wp-json\/wp\/v2\/tags?post=686"}],"curies":[{"name":"wp","href":"https:\/\/api.w.org\/{rel}","templated":true}]}}