{"id":688,"date":"2020-09-14T15:59:16","date_gmt":"2020-09-14T13:59:16","guid":{"rendered":"http:\/\/5.45.101.177\/haut-allier\/usagers-transportse\/index.php\/2020\/09\/14\/train-de-nuit-nimes-clermont-paris688\/"},"modified":"2020-09-14T15:59:16","modified_gmt":"2020-09-14T13:59:16","slug":"train-de-nuit-nimes-clermont-paris688","status":"publish","type":"post","link":"https:\/\/usagers-transports.haut-allier.eu\/index.php\/2020\/09\/14\/train-de-nuit-nimes-clermont-paris688\/","title":{"rendered":"Train de nuit N\u00eemes Clermont Paris : d\u00e9lib\u00e9ration des \u00e9lus de Brioude (Haute-Loire)"},"content":{"rendered":"<p>La mobilisation des territoires travers\u00e9s par l&rsquo;ex train de nuit de la ligne des C\u00e9vennes N\u00eemes Clermont-Ferrand Paris ne faiblit pas.Pour son retour et re\u00e7ue \u00e0 l&rsquo;instant celle du conseil municipal de Brioude, premi\u00e8re grande ville \u00e0 la signer. Nous essayons de motiver les villes \u00e9quivalentes comme Langogne Issoire Al\u00e8s, elles le sont, mais ont tellement d&rsquo;autres sujets essentiels qui passent devant notre demande&#8230; Tout viendra bien.<br \/>\n&nbsp;<br \/>\nLa motion exemplaire des \u00e9lus de Brioude.<br \/>\n&nbsp;<br \/>\n<a href=\"http:\/\/5.45.101.177\/haut-allier\/usagers-transportse\/wp-content\/uploads\/2020\/09\/brioudes45c-9_mair20091408580.pdf\">brioudes45c-9_mair20091408580.pdf<\/a><br \/>\n&nbsp;<\/p>\n","protected":false},"excerpt":{"rendered":"<p>La mobilisation des territoires travers\u00e9s par l&rsquo;ex train de nuit de la ligne des C\u00e9vennes N\u00eemes Clermont-Ferrand Paris<\/p>\n","protected":false},"author":1,"featured_media":2989,"comment_status":"open","ping_status":"open","sticky":false,"template":"","format":"standard","meta":{"footnotes":""},"categories":[8],"tags":[],"class_list":["post-688","post","type-post","status-publish","format-standard","has-post-thumbnail","hentry","category-communiques"],"_links":{"self":[{"href":"https:\/\/usagers-transports.haut-allier.eu\/index.php\/wp-json\/wp\/v2\/posts\/688","targetHints":{"allow":["GET"]}}],"collection":[{"href":"https:\/\/usagers-transports.haut-allier.eu\/index.php\/wp-json\/wp\/v2\/posts"}],"about":[{"href":"https:\/\/usagers-transports.haut-allier.eu\/index.php\/wp-json\/wp\/v2\/types\/post"}],"author":[{"embeddable":true,"href":"https:\/\/usagers-transports.haut-allier.eu\/index.php\/wp-json\/wp\/v2\/users\/1"}],"replies":[{"embeddable":true,"href":"https:\/\/usagers-transports.haut-allier.eu\/index.php\/wp-json\/wp\/v2\/comments?post=688"}],"version-history":[{"count":0,"href":"https:\/\/usagers-transports.haut-allier.eu\/index.php\/wp-json\/wp\/v2\/posts\/688\/revisions"}],"wp:featuredmedia":[{"embeddable":true,"href":"https:\/\/usagers-transports.haut-allier.eu\/index.php\/wp-json\/wp\/v2\/media\/2989"}],"wp:attachment":[{"href":"https:\/\/usagers-transports.haut-allier.eu\/index.php\/wp-json\/wp\/v2\/media?parent=688"}],"wp:term":[{"taxonomy":"category","embeddable":true,"href":"https:\/\/usagers-transports.haut-allier.eu\/index.php\/wp-json\/wp\/v2\/categories?post=688"},{"taxonomy":"post_tag","embeddable":true,"href":"https:\/\/usagers-transports.haut-allier.eu\/index.php\/wp-json\/wp\/v2\/tags?post=688"}],"curies":[{"name":"wp","href":"https:\/\/api.w.org\/{rel}","templated":true}]}}