{"id":689,"date":"2020-09-21T19:24:12","date_gmt":"2020-09-21T17:24:12","guid":{"rendered":"http:\/\/5.45.101.177\/haut-allier\/usagers-transportse\/index.php\/2020\/09\/21\/auvergne-rhone-alpes-la-position689\/"},"modified":"2020-09-21T19:24:12","modified_gmt":"2020-09-21T17:24:12","slug":"auvergne-rhone-alpes-la-position689","status":"publish","type":"post","link":"https:\/\/usagers-transports.haut-allier.eu\/index.php\/2020\/09\/21\/auvergne-rhone-alpes-la-position689\/","title":{"rendered":"Auvergne Rh\u00f4ne Alpes : la position de la r\u00e9gion sur les trains de nuit"},"content":{"rendered":"<p>Un membre de Oui au Train de Nuit Rh\u00f4ne Alpes a interrog\u00e9 la r\u00e9gion sur sa position concernant les trains de nuit.<br \/>\n&nbsp;<br \/>\nC&rsquo;est Brice Hortefeux en sa qualit\u00e9 de \u00ab\u00a0conseiller r\u00e9gional sp\u00e9cial\u00a0\u00bb Auvergne Rh\u00f4ne Alpes et de pr\u00e9sident<br \/>\nde la commission Am\u00e9nagement du Territoire, Infrastructures et Transports, qui s&rsquo;y est coll\u00e9.<br \/>\n&nbsp;<br \/>\nIl pr\u00e9cise entre autres : \u00ab\u00a0La r\u00e9gion Auvergne-Rh\u00f4ne-Alpes a fait du maintien des services publics et de<br \/>\nI&rsquo;accessibilit\u00e9 des territoires peu denses une priorit\u00e9 de son action et l&rsquo;a prouv\u00e9 par des<br \/>\ninvestissements massifs, notamment dans le cadre du plan de sauvetage des petites lignes,<br \/>\n\u00e0 hauteur de 264 M\u20ac sur ce mandat.\u00a0\u00bb<br \/>\n&nbsp;<br \/>\nVoici sa lettre compl\u00e8te :<br \/>\n&nbsp;<br \/>\n<img loading=\"lazy\" decoding=\"async\" class=\" aligncenter size-full wp-image-2992\" src=\"http:\/\/5.45.101.177\/haut-allier\/usagers-transportse\/wp-content\/uploads\/2020\/09\/scan_montel_fabienne_20200921-134525_0914_001.jpg\" alt=\"scan_montel_fabienne_20200921-134525_0914_001.jpg\" align=\"center\" width=\"792\" height=\"1121\" srcset=\"https:\/\/usagers-transports.haut-allier.eu\/wp-content\/uploads\/2020\/09\/scan_montel_fabienne_20200921-134525_0914_001.jpg 792w, https:\/\/usagers-transports.haut-allier.eu\/wp-content\/uploads\/2020\/09\/scan_montel_fabienne_20200921-134525_0914_001-212x300.jpg 212w, https:\/\/usagers-transports.haut-allier.eu\/wp-content\/uploads\/2020\/09\/scan_montel_fabienne_20200921-134525_0914_001-723x1024.jpg 723w, https:\/\/usagers-transports.haut-allier.eu\/wp-content\/uploads\/2020\/09\/scan_montel_fabienne_20200921-134525_0914_001-768x1087.jpg 768w\" sizes=\"auto, (max-width: 792px) 100vw, 792px\" \/><br \/>\n&nbsp;<\/p>\n","protected":false},"excerpt":{"rendered":"<p>Un membre de Oui au Train de Nuit Rh\u00f4ne Alpes a interrog\u00e9 la r\u00e9gion sur sa position concernant<\/p>\n","protected":false},"author":1,"featured_media":2991,"comment_status":"open","ping_status":"open","sticky":false,"template":"","format":"standard","meta":{"footnotes":""},"categories":[8],"tags":[],"class_list":["post-689","post","type-post","status-publish","format-standard","has-post-thumbnail","hentry","category-communiques"],"_links":{"self":[{"href":"https:\/\/usagers-transports.haut-allier.eu\/index.php\/wp-json\/wp\/v2\/posts\/689","targetHints":{"allow":["GET"]}}],"collection":[{"href":"https:\/\/usagers-transports.haut-allier.eu\/index.php\/wp-json\/wp\/v2\/posts"}],"about":[{"href":"https:\/\/usagers-transports.haut-allier.eu\/index.php\/wp-json\/wp\/v2\/types\/post"}],"author":[{"embeddable":true,"href":"https:\/\/usagers-transports.haut-allier.eu\/index.php\/wp-json\/wp\/v2\/users\/1"}],"replies":[{"embeddable":true,"href":"https:\/\/usagers-transports.haut-allier.eu\/index.php\/wp-json\/wp\/v2\/comments?post=689"}],"version-history":[{"count":0,"href":"https:\/\/usagers-transports.haut-allier.eu\/index.php\/wp-json\/wp\/v2\/posts\/689\/revisions"}],"wp:featuredmedia":[{"embeddable":true,"href":"https:\/\/usagers-transports.haut-allier.eu\/index.php\/wp-json\/wp\/v2\/media\/2991"}],"wp:attachment":[{"href":"https:\/\/usagers-transports.haut-allier.eu\/index.php\/wp-json\/wp\/v2\/media?parent=689"}],"wp:term":[{"taxonomy":"category","embeddable":true,"href":"https:\/\/usagers-transports.haut-allier.eu\/index.php\/wp-json\/wp\/v2\/categories?post=689"},{"taxonomy":"post_tag","embeddable":true,"href":"https:\/\/usagers-transports.haut-allier.eu\/index.php\/wp-json\/wp\/v2\/tags?post=689"}],"curies":[{"name":"wp","href":"https:\/\/api.w.org\/{rel}","templated":true}]}}