{"id":69,"date":"2013-08-30T10:38:00","date_gmt":"2013-08-30T08:38:00","guid":{"rendered":"http:\/\/5.45.101.177\/haut-allier\/usagers-transportse\/index.php\/2013\/08\/30\/notre-petition-en-4-points-envoyee069\/"},"modified":"2013-08-30T10:38:00","modified_gmt":"2013-08-30T08:38:00","slug":"notre-petition-en-4-points-envoyee069","status":"publish","type":"post","link":"https:\/\/usagers-transports.haut-allier.eu\/index.php\/2013\/08\/30\/notre-petition-en-4-points-envoyee069\/","title":{"rendered":"Notre p\u00e9tition en 4 points envoy\u00e9e au Ministre, \u00e0 la SNCF et aux r\u00e9gions Auvergne et Languedoc Roussillon [MAJ]"},"content":{"rendered":"<p>Nous venons de faire parvenir notre p\u00e9tition jeune de trois mois et comportant plus de 400 signatures recueillies dans et aux abords des gares \u00e0 :<\/p>\n<p>&#8211; Fr\u00e9d\u00e9ric Cuvillier en charge des transports au minist\u00e8re du D\u00e9veloppement durable,<br \/>\n&#8211; Guillaume P\u00e9py pr\u00e9sident de la SNCF,<br \/>\n&#8211; Ren\u00e9 Souchon pr\u00e9sident r\u00e9gion Auvergne,<br \/>\n&#8211; Christian Bourquin pr\u00e9sident r\u00e9gion LR,<\/p>\n<p>Ci-dessous pour information les quatres lettres l&rsquo;accompagnant.<\/p>\n<p><a href=\"http:\/\/5.45.101.177\/haut-allier\/usagers-transportse\/wp-content\/uploads\/2013\/08\/lettre-cuvillier-petition-aout-2013.pdf\">lettre-cuvillier-petition-aout-2013.pdf<\/a><\/p>\n<p><a href=\"http:\/\/5.45.101.177\/haut-allier\/usagers-transportse\/wp-content\/uploads\/2010\/07\/lettre-sncf-petition-aout-2013.pdf\">lettre-sncf-petition-aout-2013.pdf<\/a><\/p>\n<p><a href=\"http:\/\/5.45.101.177\/haut-allier\/usagers-transportse\/wp-content\/uploads\/2013\/08\/lettre-region-auvergne-petition-aout-2013.pdf\">lettre-region-auvergne-petition-aout-2013.pdf<\/a><\/p>\n<p><a href=\"http:\/\/5.45.101.177\/haut-allier\/usagers-transportse\/wp-content\/uploads\/2013\/08\/lettre-region-lr-petition-aout-2013.pdf\">lettre-region-lr-petition-aout-2013.pdf<\/a><\/p>\n<p><strong> <em>Dans la presse :<\/em>  <\/strong> <\/p>\n<p>&#8211; Zoom d&rsquo;ici du 29 Ao\u00fbt 2013 :<\/p>\n<p><a href=\"http:\/\/www.zoomdici.fr\/actualite\/Train-Cevenol-suppression-inenvisageable-pour-le-Ministre-des-Transports-id131612.html\"><img loading=\"lazy\" decoding=\"async\" class=\" aligncenter size-full wp-image-1455\" src=\"http:\/\/5.45.101.177\/haut-allier\/usagers-transportse\/wp-content\/uploads\/2013\/08\/zoom.jpg\" alt=\"zoom.jpg\" align=\"center\" width=\"548\" height=\"1962\" srcset=\"https:\/\/usagers-transports.haut-allier.eu\/wp-content\/uploads\/2013\/08\/zoom.jpg 548w, https:\/\/usagers-transports.haut-allier.eu\/wp-content\/uploads\/2013\/08\/zoom-84x300.jpg 84w, https:\/\/usagers-transports.haut-allier.eu\/wp-content\/uploads\/2013\/08\/zoom-286x1024.jpg 286w, https:\/\/usagers-transports.haut-allier.eu\/wp-content\/uploads\/2013\/08\/zoom-429x1536.jpg 429w\" sizes=\"auto, (max-width: 548px) 100vw, 548px\" \/><\/a><\/p>\n<p>&#8211; La Loz\u00e8re Nouvelle du 30 Ao\u00fbt 2013 :<\/p>\n<p><img loading=\"lazy\" decoding=\"async\" class=\" aligncenter size-full wp-image-1456\" src=\"http:\/\/5.45.101.177\/haut-allier\/usagers-transportse\/wp-content\/uploads\/2013\/08\/ln.jpg\" alt=\"ln.jpg\" align=\"center\" width=\"800\" height=\"1287\" srcset=\"https:\/\/usagers-transports.haut-allier.eu\/wp-content\/uploads\/2013\/08\/ln.jpg 800w, https:\/\/usagers-transports.haut-allier.eu\/wp-content\/uploads\/2013\/08\/ln-186x300.jpg 186w, https:\/\/usagers-transports.haut-allier.eu\/wp-content\/uploads\/2013\/08\/ln-637x1024.jpg 637w, https:\/\/usagers-transports.haut-allier.eu\/wp-content\/uploads\/2013\/08\/ln-768x1236.jpg 768w\" sizes=\"auto, (max-width: 800px) 100vw, 800px\" \/><\/p>\n<p>&#8211; La Montagne du 31 Ao\u00fbt 2013 :<\/p>\n<p><a href=\"http:\/\/www.lamontagne.fr\/auvergne\/actualite\/departement\/haute-loire\/2013\/08\/31\/le-ministre-des-transports-ne-veut-pas-supprimer-le-cevenol-1673708.html\"><img loading=\"lazy\" decoding=\"async\" class=\" aligncenter size-full wp-image-1457\" src=\"http:\/\/5.45.101.177\/haut-allier\/usagers-transportse\/wp-content\/uploads\/2013\/08\/lamontagne-leministredestransportsneveutpassupprimerlecevenol.jpg\" alt=\"lamontagne-leministredestransportsneveutpassupprimerlecevenol.jpg\" align=\"center\" width=\"800\" height=\"1334\" srcset=\"https:\/\/usagers-transports.haut-allier.eu\/wp-content\/uploads\/2013\/08\/lamontagne-leministredestransportsneveutpassupprimerlecevenol.jpg 800w, https:\/\/usagers-transports.haut-allier.eu\/wp-content\/uploads\/2013\/08\/lamontagne-leministredestransportsneveutpassupprimerlecevenol-180x300.jpg 180w, https:\/\/usagers-transports.haut-allier.eu\/wp-content\/uploads\/2013\/08\/lamontagne-leministredestransportsneveutpassupprimerlecevenol-614x1024.jpg 614w, https:\/\/usagers-transports.haut-allier.eu\/wp-content\/uploads\/2013\/08\/lamontagne-leministredestransportsneveutpassupprimerlecevenol-768x1281.jpg 768w\" sizes=\"auto, (max-width: 800px) 100vw, 800px\" \/><\/a><\/p>\n<p>&#8211; Radio Totem du 2 Septembre 2013 :<\/p>\n<p><a href=\"http:\/\/www.radiototem.net\/actualite\/journal\/puy-de-dome\/article-74611-ligne-des-cevennes-les-usagers-en-colere\/?page=&#038;filtre=all\">A la Une : Ligne des C\u00e9vennes, les usagers en col\u00e8re<\/a><\/p>\n","protected":false},"excerpt":{"rendered":"<p>Nous venons de faire parvenir notre p\u00e9tition jeune de trois mois et comportant plus de 400 signatures recueillies<\/p>\n","protected":false},"author":1,"featured_media":0,"comment_status":"closed","ping_status":"open","sticky":false,"template":"","format":"standard","meta":{"footnotes":""},"categories":[2],"tags":[],"class_list":["post-69","post","type-post","status-publish","format-standard","hentry","category-infos"],"_links":{"self":[{"href":"https:\/\/usagers-transports.haut-allier.eu\/index.php\/wp-json\/wp\/v2\/posts\/69","targetHints":{"allow":["GET"]}}],"collection":[{"href":"https:\/\/usagers-transports.haut-allier.eu\/index.php\/wp-json\/wp\/v2\/posts"}],"about":[{"href":"https:\/\/usagers-transports.haut-allier.eu\/index.php\/wp-json\/wp\/v2\/types\/post"}],"author":[{"embeddable":true,"href":"https:\/\/usagers-transports.haut-allier.eu\/index.php\/wp-json\/wp\/v2\/users\/1"}],"replies":[{"embeddable":true,"href":"https:\/\/usagers-transports.haut-allier.eu\/index.php\/wp-json\/wp\/v2\/comments?post=69"}],"version-history":[{"count":0,"href":"https:\/\/usagers-transports.haut-allier.eu\/index.php\/wp-json\/wp\/v2\/posts\/69\/revisions"}],"wp:attachment":[{"href":"https:\/\/usagers-transports.haut-allier.eu\/index.php\/wp-json\/wp\/v2\/media?parent=69"}],"wp:term":[{"taxonomy":"category","embeddable":true,"href":"https:\/\/usagers-transports.haut-allier.eu\/index.php\/wp-json\/wp\/v2\/categories?post=69"},{"taxonomy":"post_tag","embeddable":true,"href":"https:\/\/usagers-transports.haut-allier.eu\/index.php\/wp-json\/wp\/v2\/tags?post=69"}],"curies":[{"name":"wp","href":"https:\/\/api.w.org\/{rel}","templated":true}]}}