{"id":690,"date":"2020-09-22T07:37:21","date_gmt":"2020-09-22T05:37:21","guid":{"rendered":"http:\/\/5.45.101.177\/haut-allier\/usagers-transportse\/index.php\/2020\/09\/22\/pour-la-reouverture-de-la-ligne690\/"},"modified":"2020-09-22T07:37:21","modified_gmt":"2020-09-22T05:37:21","slug":"pour-la-reouverture-de-la-ligne690","status":"publish","type":"post","link":"https:\/\/usagers-transports.haut-allier.eu\/index.php\/2020\/09\/22\/pour-la-reouverture-de-la-ligne690\/","title":{"rendered":"Pour la r\u00e9ouverture de la ligne ferroviaire Thiers &#8211; Bo\u00ebn [MAJ]"},"content":{"rendered":"<p>[fond rouge][blanc]<strong>[MAJ en fin d&rsquo;article]<\/strong>[\/blanc][\/fond rouge]<br \/>\n&nbsp;<br \/>\nLe mardi 22 septembre 2020, \u00e0 l\u2019occasion de la derni\u00e8re journ\u00e9e de la Semaine Europ\u00e9enne de la Mobilit\u00e9 et du challenge mobilit\u00e9 de la r\u00e9gion Auvergne Rh\u00f4ne-Alpes, Thiers Nouveaux Mondes vous invite \u00e0 une r\u00e9union d\u2019\u00e9changes autour du Train ou autres modes de transports en commun.<br \/>\n&nbsp;<br \/>\nCe moment de convivialit\u00e9 et de partage, en faveur de la transition \u00e9cologique et de notre environnement se d\u00e9roulera :<br \/>\n&nbsp;<br \/>\n<strong>le 22 septembre 2020 de 20h30 \u00e0 22h.<br \/>\n&nbsp;<br \/>\nSalle Tournilhac (derri\u00e8re la mairie de Thiers \u2013 plan acc\u00e8s)<\/strong><br \/>\n&nbsp;<br \/>\nL\u2019enjeu de cette r\u00e9union est d\u2019identifier les besoins des usagers et d\u2019envisager un plan d\u2019action compl\u00e9mentaire \u00e0 celui de la nouvelle \u00e9quipe municipale de Thiers.<br \/>\n&nbsp;<br \/>\n<strong>Extrait du bilan moral 2019\/2020 de l\u2019association TNM : \u00ab\u00a0LA LIGNE FERROVIAIRE Thiers \/ Bo\u00ebn<\/strong><br \/>\n&nbsp;<br \/>\nSuite \u00e0 notre d\u00e9marche, les communes de Noir\u00e9table, de Les Salles, de Saint-Didier-sur-Rochefort, de Leigneux, de Cervi\u00e8res et de la Monnerie-le-Montel se sont mobilis\u00e9es pour demander l\u2019entretien de la ligne ferroviaire entre Thiers et Bo\u00ebn. En r\u00e9ponse \u00e0 ces courriers, la SNCF recherche une association de r\u00e9insertion afin de r\u00e9aliser de d\u00e9broussaillage de ce tron\u00e7on suspendu.<br \/>\n&nbsp;<br \/>\nL\u2019intercommunalit\u00e9 Thiers, Dore et Montagne a pris connaissance des arguments avanc\u00e9s pour d\u00e9fendre l\u2019int\u00e9r\u00eat de cette r\u00e9ouverture ferroviaire notamment de diviser au moins par 2 les co\u00fbts de transport entre Lyon et Clermont-Ferrand et d\u00e9senclaver le Forez pour des usages mixtes : fr\u00eat, usagers du quotidien et touristes. TDM s\u2019est engag\u00e9e \u00e0 relayer notre travail aupr\u00e8s du Pr\u00e9fet de R\u00e9gion.<br \/>\n&nbsp;<br \/>\nNous faisons toujours partie du comit\u00e9 de vigilance ferroviaire du 63 et nous sommes toujours un interlocuteur de la Direction Mobilit\u00e9 de la r\u00e9gion Auvergne Rh\u00f4ne-Alpes et participons \u00e0 la r\u00e9union annuelle des usagers ferroviaires du 63. Nous allons devenir soci\u00e9taire de la SCIC Railcoop.<br \/>\n&nbsp;<br \/>\nGr\u00e2ce \u00e0 nos actions, le tron\u00e7on Thiers\/Clermont-Ferrand r\u00e9appara\u00eet dans les comptes-rendus et a \u00e9t\u00e9 int\u00e9gr\u00e9 au programme de certains candidats aux \u00e9lections municipales de Thiers.\u00a0\u00bb<br \/>\n&nbsp;<br \/>\nAu plaisir de vous y rencontrer dans le respect des gestes barri\u00e8res,<br \/>\n&nbsp;<br \/>\n<em>L\u2019\u00e9quipe de Thiers Nouveaux Mondes<\/em><br \/>\n&nbsp;<br \/>\n<strong>Thiers Nouveaux Mondes<\/strong><br \/>\n30 avenue de la Gare<br \/>\n63300 Thiers<br \/>\nT\u00e9l : 07 66 53 46 18<br \/>\nEmail : contact@thiers-nouveaux-mondes.org<br \/>\nWeb : https:\/\/thiers-nouveaux-mondes.org\/<br \/>\nFacebook : https:\/\/www.facebook.com\/ThiersNouveauxMondes\/<br \/>\nTwitter : https:\/\/twitter.com\/ThiersNouveauxM<br \/>\n&nbsp;<br \/>\n&nbsp;<br \/>\n[fond rouge][blanc] Mise \u00e0 Jour du 22 septembre \u00e0 23h15 [\/blanc][\/fond rouge]<br \/>\n&nbsp;<br \/>\nDe la r\u00e9union il ressort que pour f\u00e9d\u00e9rer toutes les volont\u00e9s cit\u00e9es \u00e0 tous les niveaux, collectivit\u00e9s territoriales, syndicats, \u00e9lus, personnalit\u00e9s, usagers, etc. la cr\u00e9ation d&rsquo;un collectif avec un objectif unique et clair semble incontournable.<br \/>\n&nbsp;<br \/>\nIl appara\u00eet \u00e9galement que la r\u00e9ouverture de l&rsquo;axe ferroviaire Clermont Fd &#8211; Thiers &#8211; St-Etienne &#8211; Lyon est possible avec la bonne volont\u00e9 de chacun. Les probl\u00e8mes ont l&rsquo;avantage d&rsquo;\u00eatre clairement chiffr\u00e9s, voici d&rsquo;ailleurs une des diapos projet\u00e9es :<br \/>\n&nbsp;<br \/>\n<img loading=\"lazy\" decoding=\"async\" class=\" aligncenter size-full wp-image-2994\" src=\"http:\/\/5.45.101.177\/haut-allier\/usagers-transportse\/wp-content\/uploads\/2020\/09\/collectif-clermont-thiers-st-etienne-proj.jpg\" alt=\"collectif-clermont-thiers-st-etienne-proj.jpg\" align=\"center\" width=\"666\" height=\"508\" srcset=\"https:\/\/usagers-transports.haut-allier.eu\/wp-content\/uploads\/2020\/09\/collectif-clermont-thiers-st-etienne-proj.jpg 666w, https:\/\/usagers-transports.haut-allier.eu\/wp-content\/uploads\/2020\/09\/collectif-clermont-thiers-st-etienne-proj-300x229.jpg 300w\" sizes=\"auto, (max-width: 666px) 100vw, 666px\" \/><br \/>\n&nbsp;<br \/>\n<strong>Le plus \u00e9conomique et mobilit\u00e9 apport\u00e9 dans la vall\u00e9e de la Loire, en perte de vitesse, vaut bien 35 M d&rsquo;euros Messieurs de SNCF R\u00e9seau et de la r\u00e9gion Auvergne Rh\u00f4ne Alpes, non ? Maintenant que le projet de l&rsquo;autoroute A45 est abandonn\u00e9 et puisqu&rsquo;il avait \u00e9t\u00e9 provisionn\u00e9. Faites en profiter les lig\u00e9riens ! <\/strong><br \/>\n&nbsp;<br \/>\nUne r\u00e9union pour faire le point des avanc\u00e9es qui fut aussi porteuse de nouvelles id\u00e9es pour remobiliser. Elles brilleront de plus belle avec la cr\u00e9ation de ce groupe de travail tr\u00e8s ouvert que l&rsquo;on attend avec impatience.<\/p>\n","protected":false},"excerpt":{"rendered":"<p>[fond rouge][blanc][MAJ en fin d&rsquo;article][\/blanc][\/fond rouge] &nbsp; Le mardi 22 septembre 2020, \u00e0 l\u2019occasion de la derni\u00e8re journ\u00e9e<\/p>\n","protected":false},"author":1,"featured_media":2993,"comment_status":"open","ping_status":"open","sticky":false,"template":"","format":"standard","meta":{"footnotes":""},"categories":[2],"tags":[],"class_list":["post-690","post","type-post","status-publish","format-standard","has-post-thumbnail","hentry","category-infos"],"_links":{"self":[{"href":"https:\/\/usagers-transports.haut-allier.eu\/index.php\/wp-json\/wp\/v2\/posts\/690","targetHints":{"allow":["GET"]}}],"collection":[{"href":"https:\/\/usagers-transports.haut-allier.eu\/index.php\/wp-json\/wp\/v2\/posts"}],"about":[{"href":"https:\/\/usagers-transports.haut-allier.eu\/index.php\/wp-json\/wp\/v2\/types\/post"}],"author":[{"embeddable":true,"href":"https:\/\/usagers-transports.haut-allier.eu\/index.php\/wp-json\/wp\/v2\/users\/1"}],"replies":[{"embeddable":true,"href":"https:\/\/usagers-transports.haut-allier.eu\/index.php\/wp-json\/wp\/v2\/comments?post=690"}],"version-history":[{"count":0,"href":"https:\/\/usagers-transports.haut-allier.eu\/index.php\/wp-json\/wp\/v2\/posts\/690\/revisions"}],"wp:featuredmedia":[{"embeddable":true,"href":"https:\/\/usagers-transports.haut-allier.eu\/index.php\/wp-json\/wp\/v2\/media\/2993"}],"wp:attachment":[{"href":"https:\/\/usagers-transports.haut-allier.eu\/index.php\/wp-json\/wp\/v2\/media?parent=690"}],"wp:term":[{"taxonomy":"category","embeddable":true,"href":"https:\/\/usagers-transports.haut-allier.eu\/index.php\/wp-json\/wp\/v2\/categories?post=690"},{"taxonomy":"post_tag","embeddable":true,"href":"https:\/\/usagers-transports.haut-allier.eu\/index.php\/wp-json\/wp\/v2\/tags?post=690"}],"curies":[{"name":"wp","href":"https:\/\/api.w.org\/{rel}","templated":true}]}}