{"id":691,"date":"2020-09-23T09:25:46","date_gmt":"2020-09-23T07:25:46","guid":{"rendered":"http:\/\/5.45.101.177\/haut-allier\/usagers-transportse\/index.php\/2020\/09\/23\/train-aubrac-beziers-clermont691\/"},"modified":"2020-09-23T09:25:46","modified_gmt":"2020-09-23T07:25:46","slug":"train-aubrac-beziers-clermont691","status":"publish","type":"post","link":"https:\/\/usagers-transports.haut-allier.eu\/index.php\/2020\/09\/23\/train-aubrac-beziers-clermont691\/","title":{"rendered":"Train Aubrac B\u00e9ziers &#8211; Clermont Ferrand : appel du Comit\u00e9 pluraliste"},"content":{"rendered":"<p><em>\u00ab\u00a0La voie ferr\u00e9e St Ch\u00e9ly-Neussargues, va-t-elle subir le m\u00eame sort que S\u00e9verac-Rodez ou B\u00e9ziers-Marvejols, pour les trains de marchandise, une interdiction de circulation des trains et donc une fermeture d\u00e9finitive de la ligne\u00a0?<br \/>\n&nbsp;<br \/>\nLes Directions SNCF se suivent et se ressemblent. Dans leurs cartons leur vieux projet r\u00e9trograde et pass\u00e9iste\u00a0: \u00ab\u00a0neutraliser\u00a0\u00bb le tron\u00e7on de ligne St Ch\u00e9ly-Neussargues au trafic voyageur.<br \/>\nLe train \u00ab\u00a0Aubrac\u00a0\u00bb, sous convention entre le Conseil R\u00e9gional Occitanie et l\u2019Etat, est un des derniers trains national TET du Massif Central. Il serait supprim\u00e9 en fin d\u2019ann\u00e9e 2020\u00a0\u2026\u00a0\u00bb<\/em><br \/>\n&nbsp;<br \/>\nNous diffusons le communiqu\u00e9 de Jacky Tello, toutes les lignes ferroviaires de notre Massif central nous concernant :<br \/>\n&nbsp;<br \/>\n<img loading=\"lazy\" decoding=\"async\" class=\" aligncenter size-full wp-image-2996\" src=\"http:\/\/5.45.101.177\/haut-allier\/usagers-transportse\/wp-content\/uploads\/2020\/09\/comite_pluraliste_adresse_cheminots_et_population_19_09_2020-r.png\" alt=\"comite_pluraliste_adresse_cheminots_et_population_19_09_2020-r.png\" align=\"center\" width=\"892\" height=\"1263\" srcset=\"https:\/\/usagers-transports.haut-allier.eu\/wp-content\/uploads\/2020\/09\/comite_pluraliste_adresse_cheminots_et_population_19_09_2020-r.png 892w, https:\/\/usagers-transports.haut-allier.eu\/wp-content\/uploads\/2020\/09\/comite_pluraliste_adresse_cheminots_et_population_19_09_2020-r-212x300.png 212w, https:\/\/usagers-transports.haut-allier.eu\/wp-content\/uploads\/2020\/09\/comite_pluraliste_adresse_cheminots_et_population_19_09_2020-r-723x1024.png 723w, https:\/\/usagers-transports.haut-allier.eu\/wp-content\/uploads\/2020\/09\/comite_pluraliste_adresse_cheminots_et_population_19_09_2020-r-768x1087.png 768w\" sizes=\"auto, (max-width: 892px) 100vw, 892px\" \/><br \/>\n&nbsp;<br \/>\n<img loading=\"lazy\" decoding=\"async\" class=\" aligncenter size-full wp-image-2997\" src=\"http:\/\/5.45.101.177\/haut-allier\/usagers-transportse\/wp-content\/uploads\/2020\/09\/comite_pluraliste_adresse_cheminots_et_population_19_09_2020-v.png\" alt=\"comite_pluraliste_adresse_cheminots_et_population_19_09_2020-v.png\" align=\"center\" width=\"892\" height=\"1263\" srcset=\"https:\/\/usagers-transports.haut-allier.eu\/wp-content\/uploads\/2020\/09\/comite_pluraliste_adresse_cheminots_et_population_19_09_2020-v.png 892w, https:\/\/usagers-transports.haut-allier.eu\/wp-content\/uploads\/2020\/09\/comite_pluraliste_adresse_cheminots_et_population_19_09_2020-v-212x300.png 212w, https:\/\/usagers-transports.haut-allier.eu\/wp-content\/uploads\/2020\/09\/comite_pluraliste_adresse_cheminots_et_population_19_09_2020-v-723x1024.png 723w, https:\/\/usagers-transports.haut-allier.eu\/wp-content\/uploads\/2020\/09\/comite_pluraliste_adresse_cheminots_et_population_19_09_2020-v-768x1087.png 768w\" sizes=\"auto, (max-width: 892px) 100vw, 892px\" \/><br \/>\n&nbsp;<\/p>\n","protected":false},"excerpt":{"rendered":"<p>\u00ab\u00a0La voie ferr\u00e9e St Ch\u00e9ly-Neussargues, va-t-elle subir le m\u00eame sort que S\u00e9verac-Rodez ou B\u00e9ziers-Marvejols, pour les trains de<\/p>\n","protected":false},"author":1,"featured_media":2995,"comment_status":"open","ping_status":"open","sticky":false,"template":"","format":"standard","meta":{"footnotes":""},"categories":[2],"tags":[],"class_list":["post-691","post","type-post","status-publish","format-standard","has-post-thumbnail","hentry","category-infos"],"_links":{"self":[{"href":"https:\/\/usagers-transports.haut-allier.eu\/index.php\/wp-json\/wp\/v2\/posts\/691","targetHints":{"allow":["GET"]}}],"collection":[{"href":"https:\/\/usagers-transports.haut-allier.eu\/index.php\/wp-json\/wp\/v2\/posts"}],"about":[{"href":"https:\/\/usagers-transports.haut-allier.eu\/index.php\/wp-json\/wp\/v2\/types\/post"}],"author":[{"embeddable":true,"href":"https:\/\/usagers-transports.haut-allier.eu\/index.php\/wp-json\/wp\/v2\/users\/1"}],"replies":[{"embeddable":true,"href":"https:\/\/usagers-transports.haut-allier.eu\/index.php\/wp-json\/wp\/v2\/comments?post=691"}],"version-history":[{"count":0,"href":"https:\/\/usagers-transports.haut-allier.eu\/index.php\/wp-json\/wp\/v2\/posts\/691\/revisions"}],"wp:featuredmedia":[{"embeddable":true,"href":"https:\/\/usagers-transports.haut-allier.eu\/index.php\/wp-json\/wp\/v2\/media\/2995"}],"wp:attachment":[{"href":"https:\/\/usagers-transports.haut-allier.eu\/index.php\/wp-json\/wp\/v2\/media?parent=691"}],"wp:term":[{"taxonomy":"category","embeddable":true,"href":"https:\/\/usagers-transports.haut-allier.eu\/index.php\/wp-json\/wp\/v2\/categories?post=691"},{"taxonomy":"post_tag","embeddable":true,"href":"https:\/\/usagers-transports.haut-allier.eu\/index.php\/wp-json\/wp\/v2\/tags?post=691"}],"curies":[{"name":"wp","href":"https:\/\/api.w.org\/{rel}","templated":true}]}}