{"id":693,"date":"2020-09-28T13:15:11","date_gmt":"2020-09-28T11:15:11","guid":{"rendered":"http:\/\/5.45.101.177\/haut-allier\/usagers-transportse\/index.php\/2020\/09\/28\/haute-loire-enfin-une-lueur-d693\/"},"modified":"2020-09-28T13:15:11","modified_gmt":"2020-09-28T11:15:11","slug":"haute-loire-enfin-une-lueur-d693","status":"publish","type":"post","link":"https:\/\/usagers-transports.haut-allier.eu\/index.php\/2020\/09\/28\/haute-loire-enfin-une-lueur-d693\/","title":{"rendered":"Haute-Loire : enfin une lueur d&rsquo;espoir pour le r\u00e9seau de bus"},"content":{"rendered":"<p>Nous d\u00e9non\u00e7ons depuis longtemps ici le pitoyable r\u00e9seau de bus du d\u00e9partement de Haute-Loire pour relier ses villes et villages.<br \/>\n&nbsp;<br \/>\nRelative bonne nouvelle que nous vous dispensons en exclusivit\u00e9 : <strong>le r\u00e9seau de bus g\u00e9r\u00e9 par le conseil d\u00e9partemental va \u00eatre transf\u00e9r\u00e9 \u00e0 la r\u00e9gion Auvergne Rh\u00f4ne Alpes<\/strong> comme dans la plupart des r\u00e9gions d\u00e9sormais.<br \/>\n&nbsp;<br \/>\nLa date de ce transfert est le 1er janvier 2021.<br \/>\n&nbsp;<br \/>\nIl sera ainsi permis d&rsquo;esp\u00e9rer un r\u00e9seau d&rsquo;autobus entre les villes digne pour les habitants, et pas seulement pour l&rsquo;est entre Le Puy et les communes satellites du p\u00f4le \u00e9conomique de Saint-Etienne.<br \/>\n&nbsp;<br \/>\n<em>Oh les belles lignes&#8230; malheureusement en consultant les fiches horaires&#8230; on d\u00e9chante<\/em><br \/>\n<img loading=\"lazy\" decoding=\"async\" class=\" aligncenter size-full wp-image-3001\" src=\"http:\/\/5.45.101.177\/haut-allier\/usagers-transportse\/wp-content\/uploads\/2020\/09\/cartebus43.jpg\" alt=\"cartebus43.jpg\" align=\"center\" width=\"922\" height=\"650\" srcset=\"https:\/\/usagers-transports.haut-allier.eu\/wp-content\/uploads\/2020\/09\/cartebus43.jpg 922w, https:\/\/usagers-transports.haut-allier.eu\/wp-content\/uploads\/2020\/09\/cartebus43-300x211.jpg 300w, https:\/\/usagers-transports.haut-allier.eu\/wp-content\/uploads\/2020\/09\/cartebus43-768x541.jpg 768w\" sizes=\"auto, (max-width: 922px) 100vw, 922px\" \/><br \/>\n&nbsp;<\/p>\n<p>Les fiches horaires des transports interurbains actuels en 2020 sont consultables <a href=\"http:\/\/www.hauteloire.fr\/Les-transports-interurbains,248\"><strong>ici<\/strong><\/a> :<br \/>\n&nbsp;<br \/>\n[fond noir][blanc]On s&rsquo;\u00e9trangle de rire en consultant l&rsquo;offre hebdomadaire actuelle entre Saugues et Le Puy :[\/blanc][\/fond noir]<br \/>\n&nbsp;<br \/>\n<strong>Sens Saugues Le Puy : 2 trajets <\/strong><br \/>\n&#8211; un bus le lundi (sauf pendant les vacances) sans retour possible !<br \/>\n&#8211; et un bus le mercredi avec un retour, y\u00e9 !<br \/>\n&nbsp;<br \/>\n<strong>Sens Le Puy Saugues : <\/strong><br \/>\n&#8211; deux bus le mercredi (et un seul pendant les vacances)<br \/>\n&#8211; deux bus le vendredi<br \/>\n&nbsp;<br \/>\nVoici la fiche horaire :<br \/>\n&nbsp;<br \/>\n<a href=\"http:\/\/5.45.101.177\/haut-allier\/usagers-transportse\/wp-content\/uploads\/2020\/09\/04_saugues-monistroldallier-lepuyenvelay.pdf\">04_saugues-monistroldallier-lepuyenvelay.pdf<\/a><br \/>\n&nbsp;<br \/>\n[fond noir][blanc]On risque de s&rsquo;asphyxier en lisant l&rsquo;offre hebdomadaire actuelle entre Landos et Le Puy (chef lieu du d\u00e9partement):[\/blanc][\/fond noir]<br \/>\n&nbsp;<br \/>\n<strong>Sens Landos Le Puy : 0 trajet direct <\/strong><br \/>\n&nbsp;<br \/>\n&#8211; un bus par jour hors p\u00e9riodes de vacances atteint Cayres o\u00f9 on peut prendre un autre bus<\/p>\n<p>&nbsp;<br \/>\n<strong>Sens Le Puy Landos : 0 trajet direct <\/strong><br \/>\n&nbsp;<br \/>\nUn bus par jour hors p\u00e9riodes de vacances avec changement \u00e0 Cayres.<br \/>\n&nbsp;<br \/>\nVoici la fiche horaire :<br \/>\n&nbsp;<br \/>\n<a href=\"http:\/\/5.45.101.177\/haut-allier\/usagers-transportse\/wp-content\/uploads\/2020\/09\/02_lebouchetsaintnicolas-cayres-lepuyenvelay.pdf\">02_lebouchetsaintnicolas-cayres-lepuyenvelay.pdf<\/a><br \/>\n&nbsp;<br \/>\nCerise sur le g\u00e2teau il s&rsquo;agit uniquement de bus scolaires qui ne prennent pas forc\u00e9ment les usagers normaux, se renseigner.<br \/>\n&nbsp;<br \/>\nNe parlons pas des villages des gorges de l&rsquo;Allier l\u00e0 c&rsquo;est le service presque z\u00e9ro, exemple Alleyras avec un minibus par semaine de temps en temps.<br \/>\n&nbsp;<br \/>\n<strong>Vivement le transfert \u00e0 la r\u00e9gion, \u00e7a ne pourra pas \u00eatre pire.<\/strong><\/p>\n","protected":false},"excerpt":{"rendered":"<p>Nous d\u00e9non\u00e7ons depuis longtemps ici le pitoyable r\u00e9seau de bus du d\u00e9partement de Haute-Loire pour relier ses villes<\/p>\n","protected":false},"author":1,"featured_media":3000,"comment_status":"open","ping_status":"open","sticky":false,"template":"","format":"standard","meta":{"footnotes":""},"categories":[2],"tags":[],"class_list":["post-693","post","type-post","status-publish","format-standard","has-post-thumbnail","hentry","category-infos"],"_links":{"self":[{"href":"https:\/\/usagers-transports.haut-allier.eu\/index.php\/wp-json\/wp\/v2\/posts\/693","targetHints":{"allow":["GET"]}}],"collection":[{"href":"https:\/\/usagers-transports.haut-allier.eu\/index.php\/wp-json\/wp\/v2\/posts"}],"about":[{"href":"https:\/\/usagers-transports.haut-allier.eu\/index.php\/wp-json\/wp\/v2\/types\/post"}],"author":[{"embeddable":true,"href":"https:\/\/usagers-transports.haut-allier.eu\/index.php\/wp-json\/wp\/v2\/users\/1"}],"replies":[{"embeddable":true,"href":"https:\/\/usagers-transports.haut-allier.eu\/index.php\/wp-json\/wp\/v2\/comments?post=693"}],"version-history":[{"count":0,"href":"https:\/\/usagers-transports.haut-allier.eu\/index.php\/wp-json\/wp\/v2\/posts\/693\/revisions"}],"wp:featuredmedia":[{"embeddable":true,"href":"https:\/\/usagers-transports.haut-allier.eu\/index.php\/wp-json\/wp\/v2\/media\/3000"}],"wp:attachment":[{"href":"https:\/\/usagers-transports.haut-allier.eu\/index.php\/wp-json\/wp\/v2\/media?parent=693"}],"wp:term":[{"taxonomy":"category","embeddable":true,"href":"https:\/\/usagers-transports.haut-allier.eu\/index.php\/wp-json\/wp\/v2\/categories?post=693"},{"taxonomy":"post_tag","embeddable":true,"href":"https:\/\/usagers-transports.haut-allier.eu\/index.php\/wp-json\/wp\/v2\/tags?post=693"}],"curies":[{"name":"wp","href":"https:\/\/api.w.org\/{rel}","templated":true}]}}