{"id":694,"date":"2020-09-30T18:47:27","date_gmt":"2020-09-30T16:47:27","guid":{"rendered":"http:\/\/5.45.101.177\/haut-allier\/usagers-transportse\/index.php\/2020\/09\/30\/train-aubrac-beziers-clermont694\/"},"modified":"2020-09-30T18:47:27","modified_gmt":"2020-09-30T16:47:27","slug":"train-aubrac-beziers-clermont694","status":"publish","type":"post","link":"https:\/\/usagers-transports.haut-allier.eu\/index.php\/2020\/09\/30\/train-aubrac-beziers-clermont694\/","title":{"rendered":"Train Aubrac B\u00e9ziers &#8211; Clermont Ferrand : retour des circulations le 3 octobre"},"content":{"rendered":"<p>Les usagers du Massif Central situ\u00e9s entre B\u00e9ziers et Clermont Ferrand ont \u00e9t\u00e9 priv\u00e9s de train tout l&rsquo;\u00e9t\u00e9 cette ann\u00e9e 2020. Nous ne ferons aucun commentaire d\u00e9sobligeant.<br \/>\n&nbsp;<br \/>\nEnfin ils vont pouvoir reprendre le train \u00e0 partir du 3 octobre et voici les fiches horaires (cliquer) :<br \/>\n&nbsp;<br \/>\n<a href=\"http:\/\/5.45.101.177\/haut-allier\/usagers-transportse\/wp-content\/uploads\/2020\/09\/a4_clermont-ferrand_-_beziers_du_310_au_1212_002__tcm76-234911_tcm76-269122.pdf\">a4_clermont-ferrand_-_beziers_du_310_au_1212_002__tcm76-234911_tcm76-269122.pdf<\/a><br \/>\n&nbsp;<br \/>\n<a href=\"http:\/\/5.45.101.177\/haut-allier\/usagers-transportse\/wp-content\/uploads\/2020\/09\/web_fh28_beziers_clermont_v2_compressed_1__tcm76-259978_tcm76-259977.pdf\">web_fh28_beziers_clermont_v2_compressed_1__tcm76-259978_tcm76-259977.pdf<\/a><br \/>\n&nbsp;<\/p>\n","protected":false},"excerpt":{"rendered":"<p>Les usagers du Massif Central situ\u00e9s entre B\u00e9ziers et Clermont Ferrand ont \u00e9t\u00e9 priv\u00e9s de train tout l&rsquo;\u00e9t\u00e9<\/p>\n","protected":false},"author":1,"featured_media":3004,"comment_status":"open","ping_status":"open","sticky":false,"template":"","format":"standard","meta":{"footnotes":""},"categories":[3],"tags":[],"class_list":["post-694","post","type-post","status-publish","format-standard","has-post-thumbnail","hentry","category-en-train"],"_links":{"self":[{"href":"https:\/\/usagers-transports.haut-allier.eu\/index.php\/wp-json\/wp\/v2\/posts\/694","targetHints":{"allow":["GET"]}}],"collection":[{"href":"https:\/\/usagers-transports.haut-allier.eu\/index.php\/wp-json\/wp\/v2\/posts"}],"about":[{"href":"https:\/\/usagers-transports.haut-allier.eu\/index.php\/wp-json\/wp\/v2\/types\/post"}],"author":[{"embeddable":true,"href":"https:\/\/usagers-transports.haut-allier.eu\/index.php\/wp-json\/wp\/v2\/users\/1"}],"replies":[{"embeddable":true,"href":"https:\/\/usagers-transports.haut-allier.eu\/index.php\/wp-json\/wp\/v2\/comments?post=694"}],"version-history":[{"count":0,"href":"https:\/\/usagers-transports.haut-allier.eu\/index.php\/wp-json\/wp\/v2\/posts\/694\/revisions"}],"wp:featuredmedia":[{"embeddable":true,"href":"https:\/\/usagers-transports.haut-allier.eu\/index.php\/wp-json\/wp\/v2\/media\/3004"}],"wp:attachment":[{"href":"https:\/\/usagers-transports.haut-allier.eu\/index.php\/wp-json\/wp\/v2\/media?parent=694"}],"wp:term":[{"taxonomy":"category","embeddable":true,"href":"https:\/\/usagers-transports.haut-allier.eu\/index.php\/wp-json\/wp\/v2\/categories?post=694"},{"taxonomy":"post_tag","embeddable":true,"href":"https:\/\/usagers-transports.haut-allier.eu\/index.php\/wp-json\/wp\/v2\/tags?post=694"}],"curies":[{"name":"wp","href":"https:\/\/api.w.org\/{rel}","templated":true}]}}