{"id":695,"date":"2020-10-01T18:23:42","date_gmt":"2020-10-01T16:23:42","guid":{"rendered":"http:\/\/5.45.101.177\/haut-allier\/usagers-transportse\/index.php\/2020\/10\/01\/ligne-clermont-ferrand-thiers-boen695\/"},"modified":"2020-10-01T18:23:42","modified_gmt":"2020-10-01T16:23:42","slug":"ligne-clermont-ferrand-thiers-boen695","status":"publish","type":"post","link":"https:\/\/usagers-transports.haut-allier.eu\/index.php\/2020\/10\/01\/ligne-clermont-ferrand-thiers-boen695\/","title":{"rendered":"Ligne Clermont Ferrand &#8211; Thiers &#8211; Bo\u00ebn &#8211; Saint Etienne &#8211; Lyon : un collectif de d\u00e9fense enfin cr\u00e9\u00e9"},"content":{"rendered":"<p>Suite \u00e0 notre r\u00e9union le 22 septembre \u00e0 Thiers avec Thiers Nouveaux Mondes nous avons le plaisir d&rsquo;annoncer la cr\u00e9ation d&rsquo;un groupe de d\u00e9fense de la ligne Thiers Bo\u00ebn \u00ab\u00a0suspendue\u00a0\u00bb depuis quelques ann\u00e9es par la SNCF.<br \/>\nL&rsquo;objectif du groupe est clair : la r\u00e9ouverture de ce tron\u00e7on lui aussi laiss\u00e9 sans investissements durant des d\u00e9cennies. Sa suspension condamne la liaison la plus directe et la moins on\u00e9reuse entre Clermont Ferrand Saint-Etienne et Lyon.<br \/>\n&nbsp;<br \/>\nLe collectif s&rsquo;est donn\u00e9 pour but de rassembler tous les acteurs du territoire susceptibles d&rsquo;apporter leur contribution \u00e0 ce d\u00e9fi.<br \/>\n&nbsp;<br \/>\n<img loading=\"lazy\" decoding=\"async\" class=\" aligncenter size-full wp-image-3008\" src=\"http:\/\/5.45.101.177\/haut-allier\/usagers-transportse\/wp-content\/uploads\/2020\/10\/01.jpg\" alt=\"01.jpg\" align=\"center\" width=\"1275\" height=\"1788\" srcset=\"https:\/\/usagers-transports.haut-allier.eu\/wp-content\/uploads\/2020\/10\/01.jpg 1275w, https:\/\/usagers-transports.haut-allier.eu\/wp-content\/uploads\/2020\/10\/01-214x300.jpg 214w, https:\/\/usagers-transports.haut-allier.eu\/wp-content\/uploads\/2020\/10\/01-730x1024.jpg 730w, https:\/\/usagers-transports.haut-allier.eu\/wp-content\/uploads\/2020\/10\/01-768x1077.jpg 768w, https:\/\/usagers-transports.haut-allier.eu\/wp-content\/uploads\/2020\/10\/01-1095x1536.jpg 1095w\" sizes=\"auto, (max-width: 1275px) 100vw, 1275px\" \/><br \/>\n&nbsp;<br \/>\n<img loading=\"lazy\" decoding=\"async\" class=\" aligncenter size-full wp-image-3009\" src=\"http:\/\/5.45.101.177\/haut-allier\/usagers-transportse\/wp-content\/uploads\/2020\/10\/02.jpg\" alt=\"02.jpg\" align=\"center\" width=\"1231\" height=\"1788\" srcset=\"https:\/\/usagers-transports.haut-allier.eu\/wp-content\/uploads\/2020\/10\/02.jpg 1231w, https:\/\/usagers-transports.haut-allier.eu\/wp-content\/uploads\/2020\/10\/02-207x300.jpg 207w, https:\/\/usagers-transports.haut-allier.eu\/wp-content\/uploads\/2020\/10\/02-705x1024.jpg 705w, https:\/\/usagers-transports.haut-allier.eu\/wp-content\/uploads\/2020\/10\/02-768x1116.jpg 768w, https:\/\/usagers-transports.haut-allier.eu\/wp-content\/uploads\/2020\/10\/02-1058x1536.jpg 1058w\" sizes=\"auto, (max-width: 1231px) 100vw, 1231px\" \/><br \/>\n&nbsp;<br \/>\nAvez vous not\u00e9 une chose ? Ce groupement organise<strong> le 18 octobre \u00e0 Latruffe et \u00e0 Noir\u00e9table<\/strong> :<br \/>\n&#8211; un d\u00e9broussaillage de la voie appartenant toujours \u00e0 SNCF R\u00e9seau<br \/>\n&#8211; une manifestation telle que celle que nous avions fait le 5 ao\u00fbt 2015 en gare d&rsquo;Alleyras o\u00f9 chacun \u00e9tait venu attendre le train avec sa valise&#8230;<br \/>\n&nbsp;<br \/>\nhttps:\/\/www.lamontagne.fr\/alleyras-43580\/actualites\/haute-loire-vent-de-protestation-en-gare-dalleyras_11543029\/<br \/>\n&nbsp;<br \/>\nhttp:\/\/www.zoomdici.fr\/actualite\/Alleyras-le-village-oublie-id145753.html<br \/>\n&nbsp;<br \/>\nhttps:\/\/alleyras-capitale.info\/?318-eboulement-d-alleyras-si-ca<br \/>\n&nbsp;<br \/>\n<img loading=\"lazy\" decoding=\"async\" class=\" aligncenter size-full wp-image-3010\" src=\"http:\/\/5.45.101.177\/haut-allier\/usagers-transportse\/wp-content\/uploads\/2020\/10\/18_octobre_2020.jpg\" alt=\"18_octobre_2020.jpg\" align=\"center\" width=\"960\" height=\"720\" srcset=\"https:\/\/usagers-transports.haut-allier.eu\/wp-content\/uploads\/2020\/10\/18_octobre_2020.jpg 960w, https:\/\/usagers-transports.haut-allier.eu\/wp-content\/uploads\/2020\/10\/18_octobre_2020-300x225.jpg 300w, https:\/\/usagers-transports.haut-allier.eu\/wp-content\/uploads\/2020\/10\/18_octobre_2020-768x576.jpg 768w\" sizes=\"auto, (max-width: 960px) 100vw, 960px\" \/><br \/>\n&nbsp;<br \/>\nBon vent et plein succ\u00e8s \u00e0 ce collectif. Nous serons \u00e0 leurs c\u00f4t\u00e9s.<br \/>\n&nbsp;<br \/>\nLa Montagne relate :<br \/>\n&nbsp;<br \/>\n<a href=\"https:\/\/www.lamontagne.fr\/noiretable-42440\/actualites\/un-collectif-de-defense-pour-la-reouverture-de-la-ligne-boen-thiers-loire-puy-de-dome_13844904\/\"><em>Un collectif de d\u00e9fense pour la r\u00e9ouverture de la ligne Bo\u00a8en-Thiers (Loire-Puy-de-D\u00f4me) <\/em> <\/a><br \/>\n&nbsp;<br \/>\n<a href=\"https:\/\/www.lamontagne.fr\/thiers-63300\/actualites\/pour-la-transversale-la-plus-courte-entre-clermont-saint-etienne-et-lyon-les-defenseurs-de-la-ligne-thiers-boen-preparent-une-mobilisation_13854335\/\">Pour la \u00ab\u00a0transversale la plus courte entre Clermont, Saint-Etienne et Lyon\u00a0\u00bb, les d\u00e9fenseurs de la ligne Thiers-Bo\u00ebn pr\u00e9parent une mobilisation<\/a><br \/>\n&nbsp;<br \/>\n<img loading=\"lazy\" decoding=\"async\" class=\" aligncenter size-full wp-image-3011\" src=\"http:\/\/5.45.101.177\/haut-allier\/usagers-transportse\/wp-content\/uploads\/2020\/10\/screenshot-www.lamontagne.fr-2020.10.15-14_42_16-scaled.jpg\" alt=\"screenshot-www.lamontagne.fr-2020.10.15-14_42_16.jpg\" align=\"center\" width=\"828\" height=\"2560\" srcset=\"https:\/\/usagers-transports.haut-allier.eu\/wp-content\/uploads\/2020\/10\/screenshot-www.lamontagne.fr-2020.10.15-14_42_16-scaled.jpg 828w, https:\/\/usagers-transports.haut-allier.eu\/wp-content\/uploads\/2020\/10\/screenshot-www.lamontagne.fr-2020.10.15-14_42_16-97x300.jpg 97w, https:\/\/usagers-transports.haut-allier.eu\/wp-content\/uploads\/2020\/10\/screenshot-www.lamontagne.fr-2020.10.15-14_42_16-331x1024.jpg 331w, https:\/\/usagers-transports.haut-allier.eu\/wp-content\/uploads\/2020\/10\/screenshot-www.lamontagne.fr-2020.10.15-14_42_16-768x2374.jpg 768w, https:\/\/usagers-transports.haut-allier.eu\/wp-content\/uploads\/2020\/10\/screenshot-www.lamontagne.fr-2020.10.15-14_42_16-497x1536.jpg 497w\" sizes=\"auto, (max-width: 828px) 100vw, 828px\" \/><\/p>\n","protected":false},"excerpt":{"rendered":"<p>Suite \u00e0 notre r\u00e9union le 22 septembre \u00e0 Thiers avec Thiers Nouveaux Mondes nous avons le plaisir d&rsquo;annoncer<\/p>\n","protected":false},"author":1,"featured_media":3007,"comment_status":"open","ping_status":"open","sticky":false,"template":"","format":"standard","meta":{"footnotes":""},"categories":[2],"tags":[],"class_list":["post-695","post","type-post","status-publish","format-standard","has-post-thumbnail","hentry","category-infos"],"_links":{"self":[{"href":"https:\/\/usagers-transports.haut-allier.eu\/index.php\/wp-json\/wp\/v2\/posts\/695","targetHints":{"allow":["GET"]}}],"collection":[{"href":"https:\/\/usagers-transports.haut-allier.eu\/index.php\/wp-json\/wp\/v2\/posts"}],"about":[{"href":"https:\/\/usagers-transports.haut-allier.eu\/index.php\/wp-json\/wp\/v2\/types\/post"}],"author":[{"embeddable":true,"href":"https:\/\/usagers-transports.haut-allier.eu\/index.php\/wp-json\/wp\/v2\/users\/1"}],"replies":[{"embeddable":true,"href":"https:\/\/usagers-transports.haut-allier.eu\/index.php\/wp-json\/wp\/v2\/comments?post=695"}],"version-history":[{"count":0,"href":"https:\/\/usagers-transports.haut-allier.eu\/index.php\/wp-json\/wp\/v2\/posts\/695\/revisions"}],"wp:featuredmedia":[{"embeddable":true,"href":"https:\/\/usagers-transports.haut-allier.eu\/index.php\/wp-json\/wp\/v2\/media\/3007"}],"wp:attachment":[{"href":"https:\/\/usagers-transports.haut-allier.eu\/index.php\/wp-json\/wp\/v2\/media?parent=695"}],"wp:term":[{"taxonomy":"category","embeddable":true,"href":"https:\/\/usagers-transports.haut-allier.eu\/index.php\/wp-json\/wp\/v2\/categories?post=695"},{"taxonomy":"post_tag","embeddable":true,"href":"https:\/\/usagers-transports.haut-allier.eu\/index.php\/wp-json\/wp\/v2\/tags?post=695"}],"curies":[{"name":"wp","href":"https:\/\/api.w.org\/{rel}","templated":true}]}}