{"id":696,"date":"2020-10-04T20:43:56","date_gmt":"2020-10-04T18:43:56","guid":{"rendered":"http:\/\/5.45.101.177\/haut-allier\/usagers-transportse\/index.php\/2020\/10\/04\/ligne-du-train-cevenol-le-depot-de696\/"},"modified":"2020-10-04T20:43:56","modified_gmt":"2020-10-04T18:43:56","slug":"ligne-du-train-cevenol-le-depot-de696","status":"publish","type":"post","link":"https:\/\/usagers-transports.haut-allier.eu\/index.php\/2020\/10\/04\/ligne-du-train-cevenol-le-depot-de696\/","title":{"rendered":"Ligne du train C\u00e9venol : le d\u00e9p\u00f4t de bilan de Fibre Excellence met \u00e0 mal la fili\u00e8re bois et le train de fret"},"content":{"rendered":"<p>Il ne manquait plus que le d\u00e9p\u00f4t de bilan de l&rsquo;une des principales usines de p\u00e2te \u00e0 papier du pays, \u00e0 Tarascon sur Rh\u00f4ne, d\u00e9pos\u00e9 le 2 octobre au tribunal de commerce de Toulouse pour que d&rsquo;un coup on voit l&rsquo;avenir de la fili\u00e8re bois dans l&rsquo;est du Massif central s&rsquo;\u00e9crouler. C&rsquo;\u00e9tait en effet pour beaucoup de forestiers du coin le seul d\u00e9bouch\u00e9 possible.<br \/>\n&nbsp;<br \/>\nEt avec le train de fret grumier qui va avec et qui emprunte la ligne des C\u00e9vennes l&rsquo;axe est donc directement impact\u00e9 puisqu&rsquo;il s&rsquo;agit du seul train de marchandises qu&rsquo;elle fait rouler (enfin, hors des p\u00e9riodes de coupures pour travaux).<br \/>\n&nbsp;<br \/>\nLe gouvernement essaie de donner des garanties en attendant une reprise \u00e9ventuelle. A suivre.<br \/>\n&nbsp;<br \/>\nOn pourra lire :<br \/>\n&nbsp;<br \/>\n&#8211; <a href=\"https:\/\/www.midilibre.fr\/2020\/09\/26\/fibre-excellence-a-tarascon-blocage-entre-la-direction-de-la-papeterie-et-les-salaries-en-greve-9097247.php\">Midi Libre<\/a><br \/>\n&#8211; <a href=\"https:\/\/www.transportinfo.fr\/le-depot-de-bilan-de-fibre-excellence-13-inquiete-de-nombreux-transporteurs\/\">Transport-info<\/a><br \/>\n&#8211; <a href=\"https:\/\/france3-regions.francetvinfo.fr\/provence-alpes-cote-d-azur\/bouches-du-rhone\/tarascon\/fibre-excellence-etat-se-porte-garant-continuite-exploitation-attendant-repreneur-tarascon-1880162.html\">France 3<\/a><br \/>\n&#8211; <\/p>\n","protected":false},"excerpt":{"rendered":"<p>Il ne manquait plus que le d\u00e9p\u00f4t de bilan de l&rsquo;une des principales usines de p\u00e2te \u00e0 papier<\/p>\n","protected":false},"author":1,"featured_media":3012,"comment_status":"open","ping_status":"open","sticky":false,"template":"","format":"standard","meta":{"footnotes":""},"categories":[2],"tags":[],"class_list":["post-696","post","type-post","status-publish","format-standard","has-post-thumbnail","hentry","category-infos"],"_links":{"self":[{"href":"https:\/\/usagers-transports.haut-allier.eu\/index.php\/wp-json\/wp\/v2\/posts\/696","targetHints":{"allow":["GET"]}}],"collection":[{"href":"https:\/\/usagers-transports.haut-allier.eu\/index.php\/wp-json\/wp\/v2\/posts"}],"about":[{"href":"https:\/\/usagers-transports.haut-allier.eu\/index.php\/wp-json\/wp\/v2\/types\/post"}],"author":[{"embeddable":true,"href":"https:\/\/usagers-transports.haut-allier.eu\/index.php\/wp-json\/wp\/v2\/users\/1"}],"replies":[{"embeddable":true,"href":"https:\/\/usagers-transports.haut-allier.eu\/index.php\/wp-json\/wp\/v2\/comments?post=696"}],"version-history":[{"count":0,"href":"https:\/\/usagers-transports.haut-allier.eu\/index.php\/wp-json\/wp\/v2\/posts\/696\/revisions"}],"wp:featuredmedia":[{"embeddable":true,"href":"https:\/\/usagers-transports.haut-allier.eu\/index.php\/wp-json\/wp\/v2\/media\/3012"}],"wp:attachment":[{"href":"https:\/\/usagers-transports.haut-allier.eu\/index.php\/wp-json\/wp\/v2\/media?parent=696"}],"wp:term":[{"taxonomy":"category","embeddable":true,"href":"https:\/\/usagers-transports.haut-allier.eu\/index.php\/wp-json\/wp\/v2\/categories?post=696"},{"taxonomy":"post_tag","embeddable":true,"href":"https:\/\/usagers-transports.haut-allier.eu\/index.php\/wp-json\/wp\/v2\/tags?post=696"}],"curies":[{"name":"wp","href":"https:\/\/api.w.org\/{rel}","templated":true}]}}