{"id":697,"date":"2020-10-06T07:16:11","date_gmt":"2020-10-06T05:16:11","guid":{"rendered":"http:\/\/5.45.101.177\/haut-allier\/usagers-transportse\/index.php\/2020\/10\/06\/ferroviaire-en-auvergne-un-budget697\/"},"modified":"2020-10-06T07:16:11","modified_gmt":"2020-10-06T05:16:11","slug":"ferroviaire-en-auvergne-un-budget697","status":"publish","type":"post","link":"https:\/\/usagers-transports.haut-allier.eu\/index.php\/2020\/10\/06\/ferroviaire-en-auvergne-un-budget697\/","title":{"rendered":"Ferroviaire en Auvergne : Un budget allou\u00e9 par l&rsquo;\u00e9tat pour 2020 &#8211; 2022"},"content":{"rendered":"<p>Ce 5 octobre 2020 \u00e9tait un jour important pour le train en Auvergne et le Massif Central puisque \u00e0 la fois \u00e9taient annonc\u00e9es les venues du Premier ministre Jean Castex, de son ministre des transports Jean-Baptiste Djebarri et du pr\u00e9sident SNCF Jean-Pierre Farandou.<br \/>\n&nbsp;<br \/>\nLes annonces du 1er ministre furent faites le matin vers 10h30 puis celui-ci disparut pour d&rsquo;autres visites.<br \/>\n&nbsp;<br \/>\n[fond noir][blanc]Les annonces de l&rsquo;\u00e9tat et la signature du pacte ferroviaire avec la r\u00e9gion :[\/blanc][\/fond noir]<br \/>\n&nbsp;<br \/>\nLe cadre : c&rsquo;est le plan de relance exceptionnel au niveau national de 100 milliards d&rsquo;euros, soit \u2153 du budget annuel de l&rsquo;\u00c9tat, dont 40% financ\u00e9s par l&rsquo;Union europ\u00e9enne entre 2 et 3,5 milliards d\u2019euros pour AURA. Le volet ferroviaire au niveau national c&rsquo;est 300 millions pour l&rsquo;infrastructure pour les deux ann\u00e9es 2020\/2022. Pour rappel, douze pr\u00e9sidents de R\u00e9gion, dont Laurent Wauquiez, avaient \u00e9t\u00e9 re\u00e7us \u00e0 Matignon, le 28 septembre, par Jean Castex pour discuter d&rsquo;un accord de relance avec l\u2019\u00c9tat, avec une m\u00e9thode qui doit permettre une approche territorialis\u00e9e et diff\u00e9renci\u00e9e de ce plan de relance. Les axes forts de ces accords tournent autour de la transition \u00e9cologique, la recherche, la coh\u00e9sion sociale, la sant\u00e9, la formation professionnelle ou encore la modernisation des infrastructures de transport. Nous y sommes donc en plein.<br \/>\n&nbsp;<br \/>\n<strong>Pour la ligne Clermont Paris<\/strong> 87 millions suppl\u00e9mentaires et 43 millions de la r\u00e9gion AuRA soit plus de 700M pour un changement de rames qui sont en fabrication et seront disponibles dans deux ans. L&rsquo;objectif est d&rsquo;un temps de trajet de 3h15 dans deux ans nous a-t-on martel\u00e9, sauf qu&rsquo;il est d\u00e9j\u00e0 disponible \u00e0 3h08. Aucune \u00e9volution donc \u00e0 pr\u00e9voir de ce c\u00f4t\u00e9 l\u00e0.<br \/>\n&nbsp;<br \/>\n<strong>Pour les petites lignes 130M <\/strong> destin\u00e9s \u00e0 9 lignes prioritaires :<br \/>\n&nbsp;<br \/>\n&#8211; Montlu\u00e7on-Vallon,<br \/>\n&#8211; Clermont-Thiers,<br \/>\n&#8211; Clermont-Volvic,<br \/>\n&#8211; Aurillac-Arvant,<br \/>\n&#8211; Montlu\u00e7on-Gannat,<br \/>\n&#8211; Aurillac-Brive,<br \/>\n&#8211; Brioude-Langogne,<br \/>\n&#8211; Saint-Georges-d&rsquo;Aurac &#8211; Le Puy-en-Velay<br \/>\n&#8211; Clermont-B\u00e9ziers<br \/>\n&nbsp;<br \/>\nRien n&rsquo;est pr\u00e9vu pour la r\u00e9ouverture du tron\u00e7on Thiers Bo\u00ebn vers St-Etienne<br \/>\n&nbsp;<br \/>\nL\u00e0 aussi la r\u00e9gion participe avec 50% du financement. Alors que ce n&rsquo;est pas de sa comp\u00e9tence.<br \/>\n&nbsp;<br \/>\nOn pourra visionner tout le d\u00e9but du journal de France 3 Auvergne dont le th\u00e8me est bien le ferroviaire dans le Massif Central. Notre intervention sur les petites lignes se situe en fin de journal.<br \/>\n&nbsp;<br \/>\n<iframe loading=\"lazy\" width=\"560\" height=\"315\" src=\"\/\/embedftv-a.akamaihd.net\/42aeefcd8d8bab56719653d1a4657907\" frameborder=\"0\" scrolling=\"no\" allowfullscreen><\/iframe><br \/>\n&nbsp;<\/p>\n<p>Voici le passage sur les \u00ab\u00a0petites lignes\u00a0\u00bb. Par mesure de s\u00e9curit\u00e9 et parce que les vid\u00e9os de F3 ne sont disponibles que quelques semaines sur leurs sites nous venons de l&rsquo;archiver :<br \/>\n&nbsp;<br \/>\n<iframe loading=\"lazy\" width=\"560\" height=\"315\" src=\"https:\/\/www.youtube.com\/embed\/x8WT3FLHdC0\" frameborder=\"0\" allow=\"accelerometer; autoplay; clipboard-write; encrypted-media; gyroscope; picture-in-picture\" allowfullscreen><\/iframe><\/p>\n<p>&nbsp;<br \/>\nVers 14h eut lieu au si\u00e8ge du journal La Montagne une rencontre entre le ministre des transports, le pr\u00e9sident de la SNCF et les usagers. 6 usagers \u00e9taient pr\u00e9sents. Nous y fumes convi\u00e9s suite au d\u00e9sistement d&rsquo;un invit\u00e9. La r\u00e9union dura 1h20. Plus d&rsquo;une heure fut consacr\u00e9e \u00e0 la liaison Clermont Paris avec 5 usagers rescap\u00e9s de l&rsquo;Intercit\u00e9s du soir bloqu\u00e9s la nuit pr\u00e9c\u00e9dente par un retard de 5 heures et arriv\u00e9 \u00e0 4h du matin en Auvergne. C&rsquo;est balot.  .<br \/>\n&nbsp;<br \/>\nApr\u00e8s nous p\u00fbmes essayer de changer de sujet pour parler des petites lignes&#8230; et du train de nuit, mais on nous fit comprendre que le temps imparti \u00e9tait limit\u00e9. Et donc aucune r\u00e9ponse du ministre Djebarri vraiment bouleversante pour le r\u00e9seau structurant auvergnat. Ci dessous notre intervention :<br \/>\n&nbsp;<br \/>\n<a href=\"http:\/\/5.45.101.177\/haut-allier\/usagers-transportse\/wp-content\/uploads\/2020\/10\/jb-djebarri-5oct2020.mp4\">jb-djebarri-5oct2020.mp4<\/a><br \/>\n&nbsp;<br \/>\nLes 1h20 de la rencontre sont disponibles <a href=\"https:\/\/www.youtube.com\/watch?v=fe2c-caoeEE\"><strong>ici<\/strong><\/a>.<br \/>\n&nbsp;<br \/>\n[fond noir][blanc]Les points positifs :[\/blanc][\/fond noir]<br \/>\n&nbsp;<br \/>\n&#8211; C&rsquo;\u00e9tait la premi\u00e8re signature de ce genre de plan \u00e9tat &#8211; r\u00e9gion dans le pays. Il intervient dans le cadre de l&rsquo;op\u00e9ration du Plan Relance &lsquo;apr\u00e8s&rsquo; Covid. D&rsquo;autres sont pr\u00e9vus avec certaines r\u00e9gions, apparemment pas toutes.<br \/>\n&#8211; Il y a d\u00e9sormais une prise de conscience de l&rsquo;\u00e9tat sur la v\u00e9tust\u00e9 et la n\u00e9cessit\u00e9 de r\u00e9habilitation du r\u00e9seau ferr\u00e9 auvergnat. La r\u00e9ponse budg\u00e9taire suffira \u00e0 peine \u00e0 maintenir les lignes existantes. Mais nous dit-on c&rsquo;est au b\u00e9n\u00e9fice d&rsquo;<strong>un futur plan plus ambitieux pour la suite 2022 &#8211; 2030<\/strong>. Celui-l\u00e0 on sera tr\u00e8s vigilants sur son contenu.<br \/>\n&#8211; Il faut noter l&rsquo;effort de la r\u00e9gion Aura sans pr\u00e9c\u00e9dent nous dit-on dans un domaine hors comp\u00e9tences : l&rsquo;infrastructure du r\u00e9seau ferroviaire qui plus est auvergnat.<br \/>\n&#8211; Et donc quelques unes de nos inqui\u00e9tudes se dissipent pour une dizaine d&rsquo;ann\u00e9es.<br \/>\n&nbsp;<br \/>\nLa journ\u00e9e a \u00e9t\u00e9 largement couverte par tous les m\u00e9dias r\u00e9gionaux. On pourra s&rsquo;y reporter. Nous avons voulu ici en faire un r\u00e9sum\u00e9.<br \/>\n&nbsp;<br \/>\n<em>D\u00e9but de la rencontre. Introduction de Sandrine Thomas, r\u00e9dactrice en chef de La Montagne <\/em><br \/>\n<img loading=\"lazy\" decoding=\"async\" class=\" aligncenter size-full wp-image-3015\" src=\"http:\/\/5.45.101.177\/haut-allier\/usagers-transportse\/wp-content\/uploads\/2020\/10\/img_20201005_143726_dro.jpg\" alt=\"img_20201005_143726_dro.jpg\" align=\"center\" width=\"1000\" height=\"750\" srcset=\"https:\/\/usagers-transports.haut-allier.eu\/wp-content\/uploads\/2020\/10\/img_20201005_143726_dro.jpg 1000w, https:\/\/usagers-transports.haut-allier.eu\/wp-content\/uploads\/2020\/10\/img_20201005_143726_dro-300x225.jpg 300w, https:\/\/usagers-transports.haut-allier.eu\/wp-content\/uploads\/2020\/10\/img_20201005_143726_dro-768x576.jpg 768w\" sizes=\"auto, (max-width: 1000px) 100vw, 1000px\" \/><br \/>\n&nbsp;<br \/>\n<em>Le ministre des transports et le pr\u00e9sident de la SNCF durant le d\u00e9bat<\/em><br \/>\n<img loading=\"lazy\" decoding=\"async\" class=\" aligncenter size-full wp-image-3016\" src=\"http:\/\/5.45.101.177\/haut-allier\/usagers-transportse\/wp-content\/uploads\/2020\/10\/img_20201005_143939_dro.jpg\" alt=\"img_20201005_143939_dro.jpg\" align=\"center\" width=\"1000\" height=\"614\" srcset=\"https:\/\/usagers-transports.haut-allier.eu\/wp-content\/uploads\/2020\/10\/img_20201005_143939_dro.jpg 1000w, https:\/\/usagers-transports.haut-allier.eu\/wp-content\/uploads\/2020\/10\/img_20201005_143939_dro-300x184.jpg 300w, https:\/\/usagers-transports.haut-allier.eu\/wp-content\/uploads\/2020\/10\/img_20201005_143939_dro-768x472.jpg 768w\" sizes=\"auto, (max-width: 1000px) 100vw, 1000px\" \/><br \/>\n&nbsp;<br \/>\n<em>[la photo du logo lors de la signature du plan provient du journal La Montagne]<\/em><\/p>\n","protected":false},"excerpt":{"rendered":"<p>Ce 5 octobre 2020 \u00e9tait un jour important pour le train en Auvergne et le Massif Central puisque<\/p>\n","protected":false},"author":1,"featured_media":3013,"comment_status":"open","ping_status":"open","sticky":false,"template":"","format":"standard","meta":{"footnotes":""},"categories":[2],"tags":[],"class_list":["post-697","post","type-post","status-publish","format-standard","has-post-thumbnail","hentry","category-infos"],"_links":{"self":[{"href":"https:\/\/usagers-transports.haut-allier.eu\/index.php\/wp-json\/wp\/v2\/posts\/697","targetHints":{"allow":["GET"]}}],"collection":[{"href":"https:\/\/usagers-transports.haut-allier.eu\/index.php\/wp-json\/wp\/v2\/posts"}],"about":[{"href":"https:\/\/usagers-transports.haut-allier.eu\/index.php\/wp-json\/wp\/v2\/types\/post"}],"author":[{"embeddable":true,"href":"https:\/\/usagers-transports.haut-allier.eu\/index.php\/wp-json\/wp\/v2\/users\/1"}],"replies":[{"embeddable":true,"href":"https:\/\/usagers-transports.haut-allier.eu\/index.php\/wp-json\/wp\/v2\/comments?post=697"}],"version-history":[{"count":0,"href":"https:\/\/usagers-transports.haut-allier.eu\/index.php\/wp-json\/wp\/v2\/posts\/697\/revisions"}],"wp:featuredmedia":[{"embeddable":true,"href":"https:\/\/usagers-transports.haut-allier.eu\/index.php\/wp-json\/wp\/v2\/media\/3013"}],"wp:attachment":[{"href":"https:\/\/usagers-transports.haut-allier.eu\/index.php\/wp-json\/wp\/v2\/media?parent=697"}],"wp:term":[{"taxonomy":"category","embeddable":true,"href":"https:\/\/usagers-transports.haut-allier.eu\/index.php\/wp-json\/wp\/v2\/categories?post=697"},{"taxonomy":"post_tag","embeddable":true,"href":"https:\/\/usagers-transports.haut-allier.eu\/index.php\/wp-json\/wp\/v2\/tags?post=697"}],"curies":[{"name":"wp","href":"https:\/\/api.w.org\/{rel}","templated":true}]}}