{"id":699,"date":"2020-10-06T11:37:46","date_gmt":"2020-10-06T09:37:46","guid":{"rendered":"http:\/\/5.45.101.177\/haut-allier\/usagers-transportse\/index.php\/2020\/10\/06\/retour-du-train-de-nuit-nimes699\/"},"modified":"2020-10-06T11:37:46","modified_gmt":"2020-10-06T09:37:46","slug":"retour-du-train-de-nuit-nimes699","status":"publish","type":"post","link":"https:\/\/usagers-transports.haut-allier.eu\/index.php\/2020\/10\/06\/retour-du-train-de-nuit-nimes699\/","title":{"rendered":"Retour du train de nuit N\u00eemes Clermont Paris : 2 motions de plus St Andr\u00e9 Capc\u00e8ze et Altier (Loz\u00e8re)"},"content":{"rendered":"<p>Aux dix d\u00e9lib\u00e9rations d\u00e9j\u00e0 vot\u00e9es s&rsquo;ajoutent aujourd&rsquo;hui celles des deux communes loz\u00e9riennes toutes proches de la ligne du train C\u00e9venol et donc directement concern\u00e9es St Andr\u00e9 Capc\u00e8ze, au sud de Villefort, et Altier au nord-ouest. C&rsquo;est le Collectif Citoyen de D\u00e9fense de la Gare de Villefort qui leur en a fait la demande et nous le remercions.<br \/>\n&nbsp;<br \/>\n<a href=\"http:\/\/5.45.101.177\/haut-allier\/usagers-transportse\/wp-content\/uploads\/2020\/10\/20200915_101005_001.pdf\">20200915_101005_001.pdf<\/a><br \/>\n&nbsp;<br \/>\n<a href=\"http:\/\/5.45.101.177\/haut-allier\/usagers-transportse\/wp-content\/uploads\/2020\/10\/20201005151116337.pdf\">20201005151116337.pdf<\/a><br \/>\n&nbsp;<br \/>\n<img loading=\"lazy\" decoding=\"async\" class=\" aligncenter size-full wp-image-3021\" src=\"http:\/\/5.45.101.177\/haut-allier\/usagers-transportse\/wp-content\/uploads\/2020\/10\/screenshot-www.geoportail.gouv_.fr-2020.10.06-11_24_49.jpg\" alt=\"screenshot-www.geoportail.gouv.fr-2020.10.06-11_24_49.jpg\" align=\"center\" width=\"652\" height=\"529\" srcset=\"https:\/\/usagers-transports.haut-allier.eu\/wp-content\/uploads\/2020\/10\/screenshot-www.geoportail.gouv_.fr-2020.10.06-11_24_49.jpg 652w, https:\/\/usagers-transports.haut-allier.eu\/wp-content\/uploads\/2020\/10\/screenshot-www.geoportail.gouv_.fr-2020.10.06-11_24_49-300x243.jpg 300w\" sizes=\"auto, (max-width: 652px) 100vw, 652px\" \/><br \/>\n&nbsp;<br \/>\nOn voit que la mobilisation des territoires travers\u00e9s par l\u2019ex train de nuit de la ligne des C\u00e9vennes N\u00eemes Clermont-Ferrand Paris ne faiblit pas. Nous attendons aussi celle de Langogne, elle sera mise au vote au prochain conseil municipal nous a assur\u00e9 son maire Marc Oziol.<br \/>\n&nbsp;<br \/>\nNous en sommes d\u00e9sormais \u00e0 douze d\u00e9lib\u00e9rations de communes de la ligne, entre Al\u00e8s et Brioude qui demandent le retour rapide du train de nuit N\u00eemes Clermont Paris.<br \/>\n&nbsp;<br \/>\n<img loading=\"lazy\" decoding=\"async\" class=\" aligncenter size-full wp-image-3022\" src=\"http:\/\/5.45.101.177\/haut-allier\/usagers-transportse\/wp-content\/uploads\/2020\/10\/mobilisation-elus-municipaux-tdn-nimes-clt-paris-2020-10-06.jpg\" alt=\"mobilisation-elus-municipaux-tdn-nimes-clt-paris-2020-10-06.jpg\" align=\"center\" width=\"546\" height=\"640\" srcset=\"https:\/\/usagers-transports.haut-allier.eu\/wp-content\/uploads\/2020\/10\/mobilisation-elus-municipaux-tdn-nimes-clt-paris-2020-10-06.jpg 546w, https:\/\/usagers-transports.haut-allier.eu\/wp-content\/uploads\/2020\/10\/mobilisation-elus-municipaux-tdn-nimes-clt-paris-2020-10-06-256x300.jpg 256w\" sizes=\"auto, (max-width: 546px) 100vw, 546px\" \/><br \/>\n&nbsp;<\/p>\n","protected":false},"excerpt":{"rendered":"<p>Aux dix d\u00e9lib\u00e9rations d\u00e9j\u00e0 vot\u00e9es s&rsquo;ajoutent aujourd&rsquo;hui celles des deux communes loz\u00e9riennes toutes proches de la ligne du<\/p>\n","protected":false},"author":1,"featured_media":3018,"comment_status":"open","ping_status":"open","sticky":false,"template":"","format":"standard","meta":{"footnotes":""},"categories":[2],"tags":[],"class_list":["post-699","post","type-post","status-publish","format-standard","has-post-thumbnail","hentry","category-infos"],"_links":{"self":[{"href":"https:\/\/usagers-transports.haut-allier.eu\/index.php\/wp-json\/wp\/v2\/posts\/699","targetHints":{"allow":["GET"]}}],"collection":[{"href":"https:\/\/usagers-transports.haut-allier.eu\/index.php\/wp-json\/wp\/v2\/posts"}],"about":[{"href":"https:\/\/usagers-transports.haut-allier.eu\/index.php\/wp-json\/wp\/v2\/types\/post"}],"author":[{"embeddable":true,"href":"https:\/\/usagers-transports.haut-allier.eu\/index.php\/wp-json\/wp\/v2\/users\/1"}],"replies":[{"embeddable":true,"href":"https:\/\/usagers-transports.haut-allier.eu\/index.php\/wp-json\/wp\/v2\/comments?post=699"}],"version-history":[{"count":0,"href":"https:\/\/usagers-transports.haut-allier.eu\/index.php\/wp-json\/wp\/v2\/posts\/699\/revisions"}],"wp:featuredmedia":[{"embeddable":true,"href":"https:\/\/usagers-transports.haut-allier.eu\/index.php\/wp-json\/wp\/v2\/media\/3018"}],"wp:attachment":[{"href":"https:\/\/usagers-transports.haut-allier.eu\/index.php\/wp-json\/wp\/v2\/media?parent=699"}],"wp:term":[{"taxonomy":"category","embeddable":true,"href":"https:\/\/usagers-transports.haut-allier.eu\/index.php\/wp-json\/wp\/v2\/categories?post=699"},{"taxonomy":"post_tag","embeddable":true,"href":"https:\/\/usagers-transports.haut-allier.eu\/index.php\/wp-json\/wp\/v2\/tags?post=699"}],"curies":[{"name":"wp","href":"https:\/\/api.w.org\/{rel}","templated":true}]}}