{"id":7,"date":"2012-11-29T11:59:01","date_gmt":"2012-11-29T10:59:01","guid":{"rendered":"http:\/\/5.45.101.177\/haut-allier\/usagers-transportse\/index.php\/2012\/11\/29\/gare-sncf-d-alleyras-horaires-et007\/"},"modified":"2012-11-29T11:59:01","modified_gmt":"2012-11-29T10:59:01","slug":"gare-sncf-d-alleyras-horaires-et007","status":"publish","type":"post","link":"https:\/\/usagers-transports.haut-allier.eu\/index.php\/2012\/11\/29\/gare-sncf-d-alleyras-horaires-et007\/","title":{"rendered":"Gare SNCF d&rsquo;Alleyras : horaires et trajets possibles du 7 d\u00e9cembre 2012 au 4 avril 2013 [MAJ]"},"content":{"rendered":"<p><strong>Mise \u00e0 jour du 7 d\u00e9cembre :<\/strong> des horaires indisponibles auparavant viennent d&rsquo;\u00eatre rajout\u00e9s notamment le samedi et le dimanche.<\/p>\n<p>Pas de quoi se r\u00e9jouir du tout apr\u00e8s analyse et \u00e9tablissement des possibilit\u00e9s de parcours dans la vall\u00e9e du Haut-Allier. Aucune am\u00e9lioration sur les dur\u00e9es de parcours loin s&rsquo;en faut. La preuve avec ces nouveaux horaires que nous avons calcul\u00e9 au plus juste et au plus direct. Co\u00fbt minimum d&rsquo;un Alleyras Marseille 34,30 euros \u00e0 comparer aux 29,50 euros de l&rsquo;an pass\u00e9. Celui d&rsquo;un Alleyras Clermont 21,90 euros par rapport \u00e0 21,20 euros l&rsquo;an dernier. Cela va nous encourager \u00e0 prendre le train. En <em>italiques<\/em> les parcours \u00e0 contre-sens.<\/p>\n<p>[|<em> <strong>Vers Marseille et vers Paris en semaine<\/strong> <\/em>|]<\/p>\n<table>\n<tbody>\n<tr class='row_even'>\n<td>marseille<\/td>\n<td>06:06<\/td>\n<td>11:04<\/td>\n<td>15:04<\/td>\n<\/tr>\n<tr class='row_odd'>\n<td>avignon centre<\/td>\n<td><\/td>\n<td>12:15\/12:40<\/td>\n<td>16:15\/16h40<\/td>\n<\/tr>\n<tr class='row_even'>\n<td>n\u00eemes<\/td>\n<td>07:25\/08:08<\/td>\n<td>13:10\/13:58<\/td>\n<td>17:10\/17:33<\/td>\n<\/tr>\n<tr class='row_odd'>\n<td>ales<\/td>\n<td>08:47<\/td>\n<td>14:41<\/td>\n<td>18:25<\/td>\n<\/tr>\n<tr class='row_even'>\n<td>langogne<\/td>\n<td>10:26<\/td>\n<td>16:18<\/td>\n<td>20:10<\/td>\n<\/tr>\n<tr class='row_odd'>\n<td><strong>alleyras<\/strong><\/td>\n<td><strong>11:13<\/strong><\/td>\n<td><strong>&#8212;&#8212; <em>18:45<\/em> <\/strong><\/td>\n<td><strong>20:57<\/strong><\/td>\n<\/tr>\n<tr class='row_even'>\n<td>langeac<\/td>\n<td>11:55<\/td>\n<td>17:44\/<em>18:04<\/em><\/td>\n<td>21:41<\/td>\n<\/tr>\n<tr class='row_odd'>\n<td>clermont<\/td>\n<td>13:20\/13:32<\/td>\n<td>19:16\/19:32<\/td>\n<td>23:03<\/td>\n<\/tr>\n<tr class='row_even'>\n<td>paris bercy<\/td>\n<td>16:57<\/td>\n<td>22:57<\/td>\n<td><\/td>\n<\/tr>\n<\/tbody>\n<\/table>\n<p><strong>Note<\/strong> : \u00e0 2 minutes pr\u00e8s pas d&rsquo;am\u00e9liorations sur les temps malgr\u00e8 les co\u00fbteux travaux.<\/p>\n<table>\n<tbody>\n<tr class='row_even'>\n<td>paris bercy<\/td>\n<td><\/td>\n<td>09:03<\/td>\n<td>13:00<\/td>\n<\/tr>\n<tr class='row_odd'>\n<td>clermont<\/td>\n<td>06:47<\/td>\n<td>12:28\/12:40<\/td>\n<td>16:28\/16:40<\/td>\n<\/tr>\n<tr class='row_even'>\n<td>langeac<\/td>\n<td>08:14<\/td>\n<td><em>11:54<\/em> \/14:07<\/td>\n<td>18:04<\/td>\n<\/tr>\n<tr class='row_odd'>\n<td><strong>alleyras<\/strong><\/td>\n<td><strong>08:55<\/strong><\/td>\n<td><strong> <em>11:14<\/em> &#8212;&#8212;<\/strong><\/td>\n<td><strong>18:45<\/strong><\/td>\n<\/tr>\n<tr class='row_even'>\n<td>langogne<\/td>\n<td>09:44<\/td>\n<td>15:35<\/td>\n<td>19:34<\/td>\n<\/tr>\n<tr class='row_odd'>\n<td>ales<\/td>\n<td>11:18<\/td>\n<td>17:11<\/td>\n<td>21:20<\/td>\n<\/tr>\n<tr class='row_even'>\n<td>n\u00eemes<\/td>\n<td>11:58\/13:33<\/td>\n<td>17:49\/18:34<\/td>\n<td>22:01<\/td>\n<\/tr>\n<tr class='row_odd'>\n<td>avignon<\/td>\n<td>13:58<\/td>\n<td><\/td>\n<td><\/td>\n<\/tr>\n<tr class='row_even'>\n<td>marseille<\/td>\n<td>14:32<\/td>\n<td>19:54<\/td>\n<td><\/td>\n<\/tr>\n<\/tbody>\n<\/table>\n<p><strong>Note<\/strong> : Ils y sont arriv\u00e9s ! Le train qui assurait la correspondance le soir entre N\u00eemes et Marseille est supprim\u00e9 ! Et donc les voyageurs une fois \u00e0 N\u00eemes se paieront l&rsquo;h\u00f4tel pour attendre un train le lendemain. Merci la SNCF.<\/p>\n<p>[|<em> <strong>Vers Marseille et vers Paris le samedi<\/strong> <\/em>|]<\/p>\n<table>\n<tbody>\n<tr class='row_even'>\n<td>marseille<\/td>\n<td><\/td>\n<td>10:12<\/td>\n<\/tr>\n<tr class='row_odd'>\n<td>n\u00eemes<\/td>\n<td>08:08<\/td>\n<td>11:17\/13:58<\/td>\n<\/tr>\n<tr class='row_even'>\n<td>ales<\/td>\n<td>08:47<\/td>\n<td>14:41<\/td>\n<\/tr>\n<tr class='row_odd'>\n<td>langogne<\/td>\n<td>10:26<\/td>\n<td>15:18<\/td>\n<\/tr>\n<tr class='row_even'>\n<td><strong>alleyras<\/strong><\/td>\n<td><strong>11:14<\/strong><\/td>\n<td><strong>&#8212;&#8212; <em>18:45<\/em> <\/strong><\/td>\n<\/tr>\n<tr class='row_odd'>\n<td>langeac<\/td>\n<td>11:55<\/td>\n<td>17:45\/<em>18:04<\/em><\/td>\n<\/tr>\n<tr class='row_even'>\n<td>clermont<\/td>\n<td>13:20\/13:32<\/td>\n<td>19:16\/19:32<\/td>\n<\/tr>\n<tr class='row_odd'>\n<td>paris bercy<\/td>\n<td>16:57<\/td>\n<td>22:57<\/td>\n<\/tr>\n<\/tbody>\n<\/table>\n<table>\n<tbody>\n<tr class='row_even'>\n<td>paris bercy<\/td>\n<td><\/td>\n<td>09:03<\/td>\n<td>13:00<\/td>\n<\/tr>\n<tr class='row_odd'>\n<td>clermont<\/td>\n<td>07:28<\/td>\n<td>12:28\/12:40<\/td>\n<td>16:28\/16:40<\/td>\n<\/tr>\n<tr class='row_even'>\n<td>langeac<\/td>\n<td>08:54<\/td>\n<td>14:07<\/td>\n<td>18:04<\/td>\n<\/tr>\n<tr class='row_odd'>\n<td><strong>alleyras<\/strong><\/td>\n<td><strong>09:32<\/strong><\/td>\n<td><\/td>\n<td><strong>18:46<\/strong><\/td>\n<\/tr>\n<tr class='row_even'>\n<td>langogne<\/td>\n<td>10:25<\/td>\n<td>15:36<\/td>\n<td>19:34<\/td>\n<\/tr>\n<tr class='row_odd'>\n<td>ales<\/td>\n<td>11:59<\/td>\n<td>17:11<\/td>\n<td>21:20<\/td>\n<\/tr>\n<tr class='row_even'>\n<td>n\u00eemes<\/td>\n<td>12:39\/12:49<\/td>\n<td>17:49\/18:34<\/td>\n<td>22:01<\/td>\n<\/tr>\n<tr class='row_odd'>\n<td>avignon centre<\/td>\n<td>13:20\/13:44<\/td>\n<td><\/td>\n<td><\/td>\n<\/tr>\n<tr class='row_even'>\n<td>marseille<\/td>\n<td>14:54<\/td>\n<td>19:54<\/td>\n<td><\/td>\n<\/tr>\n<\/tbody>\n<\/table>\n<p>[|<em> <strong>Vers Marseille et vers Paris le dimanche<\/strong> <\/em>|]<\/p>\n<table>\n<tbody>\n<tr class='row_even'>\n<td>marseille<\/td>\n<td>06:06<\/td>\n<td>10:12<\/td>\n<\/tr>\n<tr class='row_odd'>\n<td>n\u00eemes<\/td>\n<td>07:25\/08:08<\/td>\n<td>11:17\/13:58<\/td>\n<\/tr>\n<tr class='row_even'>\n<td>ales<\/td>\n<td>08:47<\/td>\n<td>14:41<\/td>\n<\/tr>\n<tr class='row_odd'>\n<td>langogne<\/td>\n<td>10:26<\/td>\n<td>15:18<\/td>\n<\/tr>\n<tr class='row_even'>\n<td><strong>alleyras<\/strong><\/td>\n<td><strong>11:14<\/strong><\/td>\n<td><strong> &#8212;&#8212;<em>18:45<\/em> <\/strong><\/td>\n<\/tr>\n<tr class='row_odd'>\n<td>langeac<\/td>\n<td>11:55<\/td>\n<td>17:45\/<em>18:04<\/em><\/td>\n<\/tr>\n<tr class='row_even'>\n<td>clermont<\/td>\n<td>13:20\/13:32<\/td>\n<td>19:16\/19:32<\/td>\n<\/tr>\n<tr class='row_odd'>\n<td>paris bercy<\/td>\n<td>16:57<\/td>\n<td>22:57<\/td>\n<\/tr>\n<\/tbody>\n<\/table>\n<table>\n<tbody>\n<tr class='row_even'>\n<td>paris bercy<\/td>\n<td>09:03<\/td>\n<td>13:00<\/td>\n<\/tr>\n<tr class='row_odd'>\n<td>clermont<\/td>\n<td>12:28\/12:40<\/td>\n<td>16:28\/16:40<\/td>\n<\/tr>\n<tr class='row_even'>\n<td>langeac<\/td>\n<td>14:07<\/td>\n<td>18:04<\/td>\n<\/tr>\n<tr class='row_odd'>\n<td><strong>alleyras<\/strong><\/td>\n<td><\/td>\n<td><strong>18:46<\/strong><\/td>\n<\/tr>\n<tr class='row_even'>\n<td>langogne<\/td>\n<td>15:36<\/td>\n<td>19:34<\/td>\n<\/tr>\n<tr class='row_odd'>\n<td>ales<\/td>\n<td>17:11<\/td>\n<td>21:20<\/td>\n<\/tr>\n<tr class='row_even'>\n<td>n\u00eemes<\/td>\n<td>17:49\/18:34<\/td>\n<td>22:01\/22:34<\/td>\n<\/tr>\n<tr class='row_odd'>\n<td>marseille<\/td>\n<td>19:54<\/td>\n<td>23:46<\/td>\n<\/tr>\n<\/tbody>\n<\/table>\n<p><strong>Note :<\/strong> Le trajet Marseille &#8211; Paris peut durer maintenant les week-end 3 heures de plus, 13 heures ! Les autres temps de parcours restent sensiblement inchang\u00e9s malgr\u00e9 les co\u00fbteux travaux.<\/p>\n<p>[*<br \/>\n<strong>Quelques trajets \u00e0 partir d&rsquo;Alleyras qui ne vous seront jamais propos\u00e9s par le site Voyages SNCF pour la semaine, du lundi au vendredi<\/strong><br \/>\n*]<\/p>\n<p>[|<em> <strong>Vers Saint-Etienne Lyon<\/strong> <\/em>|]<\/p>\n<table>\n<tbody>\n<tr class='row_even'>\n<td>alleyras<\/td>\n<td>11:14<\/td>\n<td>lyon part dieu<\/td>\n<td>12:06<\/td>\n<\/tr>\n<tr class='row_odd'>\n<td>brioude<\/td>\n<td>12:22\/13:55<\/td>\n<td>st \u00e9tienne chateaucreux<\/td>\n<td>12:52<\/td>\n<\/tr>\n<tr class='row_even'>\n<td>le puy en velay<\/td>\n<td>14:59\/16:17<\/td>\n<td>le puy en velay<\/td>\n<td>14:23\/16:06<\/td>\n<\/tr>\n<tr class='row_odd'>\n<td>st \u00e9tienne chateaucreux<\/td>\n<td>17:39\/17:50<\/td>\n<td>st georges d&rsquo;aurac<\/td>\n<td>16:55\/17:57<\/td>\n<\/tr>\n<tr class='row_even'>\n<td>lyon part dieu<\/td>\n<td>18:36<\/td>\n<td>alleyras<\/td>\n<td>18:45<\/td>\n<\/tr>\n<\/tbody>\n<\/table>\n<p><strong>Note :<\/strong>  Parcours et dur\u00e9es inchang\u00e9es par rapport \u00e0 l&rsquo;an dernier.<\/p>\n<p>[|<em> <strong>Vers Mende et Saint-Ch\u00e9ly d&rsquo;Apcher<\/strong> <\/em>|]<\/p>\n<table>\n<tbody>\n<tr class='row_even'>\n<td>alleyras<\/td>\n<td>08:56<\/td>\n<td>11:14<\/td>\n<td>saint-ch\u00e9ly<\/td>\n<td>07:00<\/td>\n<td>12:25<\/td>\n<\/tr>\n<tr class='row_odd'>\n<td>labastide st laurent<\/td>\n<td>10:01\/10:18<\/td>\n<td><\/td>\n<td>marvejols<\/td>\n<td>07:35<\/td>\n<td><\/td>\n<\/tr>\n<tr class='row_even'>\n<td>mende<\/td>\n<td>11:50<\/td>\n<td><\/td>\n<td>mende<\/td>\n<td>08:27\/08:46<\/td>\n<td><\/td>\n<\/tr>\n<tr class='row_odd'>\n<td>marvejols<\/td>\n<td>12:37\/12:47<\/td>\n<td><\/td>\n<td>labastide st laurent<\/td>\n<td>09:55\/10:02<\/td>\n<td><\/td>\n<\/tr>\n<tr class='row_even'>\n<td>langeac<\/td>\n<td><\/td>\n<td>11:55<\/td>\n<td><\/td>\n<td><\/td>\n<td><\/td>\n<\/tr>\n<tr class='row_odd'>\n<td>arvant<\/td>\n<td><\/td>\n<td>12:32\/13:48<\/td>\n<td><\/td>\n<td><\/td>\n<td>15:17\/17:27<\/td>\n<\/tr>\n<tr class='row_even'>\n<td>saint-ch\u00e9ly<\/td>\n<td>13:23<\/td>\n<td>15:36<\/td>\n<td>alleyras<\/td>\n<td>11:13<\/td>\n<td>18:45<\/td>\n<\/tr>\n<\/tbody>\n<\/table>\n<p><strong>Note :<\/strong>  30 minutes de plus dans le sens Alleyras Saint-Ch\u00e9ly. A cause sans doute de la remise \u00e0 neuf des voies. Mais une possibilit\u00e9 suppl\u00e9mentaire via Arvant dans ce sens. Et deux trajets au lieu de trois par jour dans l&rsquo;autre.<\/p>\n<p>[|<em> <strong>Vers Rodez et Toulouse<\/strong> <\/em>|]<\/p>\n<table>\n<tbody>\n<tr class='row_even'>\n<td>alleyras<\/td>\n<td>08:56<\/td>\n<td>11:14<\/td>\n<td>toulouse<\/td>\n<td>07:21<\/td>\n<\/tr>\n<tr class='row_odd'>\n<td>labastide puylaurent<\/td>\n<td>10:01\/10:18<\/td>\n<td><\/td>\n<td>rodez<\/td>\n<td>09:48\/10:34<\/td>\n<\/tr>\n<tr class='row_even'>\n<td>arvant<\/td>\n<td><\/td>\n<td>12:32\/13:41<\/td>\n<td><\/td>\n<td><\/td>\n<\/tr>\n<tr class='row_odd'>\n<td>marvejols<\/td>\n<td>12:37\/16:16<\/td>\n<td><\/td>\n<td>s\u00e9verac le ch\u00e2teau<\/td>\n<td>11:20\/11:34<\/td>\n<\/tr>\n<tr class='row_even'>\n<td>s\u00e9verac le ch\u00e2teau<\/td>\n<td>17:02\/19:05<\/td>\n<td>17:02\/19:05<\/td>\n<td>arvant<\/td>\n<td>15:12\/17:27<\/td>\n<\/tr>\n<tr class='row_odd'>\n<td>rodez<\/td>\n<td>19:55\/20:55<\/td>\n<td>19:55\/20:55<\/td>\n<td><\/td>\n<td><\/td>\n<\/tr>\n<tr class='row_even'>\n<td>toulouse<\/td>\n<td>23:04<\/td>\n<td>23:04<\/td>\n<td>alleyras<\/td>\n<td>18:45<\/td>\n<\/tr>\n<\/tbody>\n<\/table>\n<p><strong>Note :<\/strong>  Vous qui aimez voyager lent, nous vous conseillons d&rsquo;opter pour le 8h56 arriv\u00e9e \u00e0 Toulouse \u00e0 23 heures. Quel r\u00e9gal de prendre tout son temps !<br \/>\n[|<br \/>\n<strong> <em>On pourra trouver utile d&rsquo;imprimer l&rsquo;affiche ci-dessous.<\/em> <\/strong><br \/>\n|] <\/p>\n<p><img loading=\"lazy\" decoding=\"async\" class=\" aligncenter size-full wp-image-1407\" src=\"http:\/\/5.45.101.177\/haut-allier\/usagers-transportse\/wp-content\/uploads\/2012\/11\/horaires-gare-alleyras-2013-1nnn-scaled.jpg\" alt=\"horaires-gare-alleyras-2013-1nnn.jpg\" align=\"center\" width=\"1809\" height=\"2560\" srcset=\"https:\/\/usagers-transports.haut-allier.eu\/wp-content\/uploads\/2012\/11\/horaires-gare-alleyras-2013-1nnn-scaled.jpg 1809w, https:\/\/usagers-transports.haut-allier.eu\/wp-content\/uploads\/2012\/11\/horaires-gare-alleyras-2013-1nnn-212x300.jpg 212w, https:\/\/usagers-transports.haut-allier.eu\/wp-content\/uploads\/2012\/11\/horaires-gare-alleyras-2013-1nnn-724x1024.jpg 724w, https:\/\/usagers-transports.haut-allier.eu\/wp-content\/uploads\/2012\/11\/horaires-gare-alleyras-2013-1nnn-768x1087.jpg 768w, https:\/\/usagers-transports.haut-allier.eu\/wp-content\/uploads\/2012\/11\/horaires-gare-alleyras-2013-1nnn-1086x1536.jpg 1086w, https:\/\/usagers-transports.haut-allier.eu\/wp-content\/uploads\/2012\/11\/horaires-gare-alleyras-2013-1nnn-1448x2048.jpg 1448w\" sizes=\"auto, (max-width: 1809px) 100vw, 1809px\" \/><\/p>\n","protected":false},"excerpt":{"rendered":"<p>Mise \u00e0 jour du 7 d\u00e9cembre : des horaires indisponibles auparavant viennent d&rsquo;\u00eatre rajout\u00e9s notamment le samedi et<\/p>\n","protected":false},"author":1,"featured_media":1407,"comment_status":"closed","ping_status":"open","sticky":false,"template":"","format":"standard","meta":{"footnotes":""},"categories":[2],"tags":[],"class_list":["post-7","post","type-post","status-publish","format-standard","has-post-thumbnail","hentry","category-infos"],"_links":{"self":[{"href":"https:\/\/usagers-transports.haut-allier.eu\/index.php\/wp-json\/wp\/v2\/posts\/7","targetHints":{"allow":["GET"]}}],"collection":[{"href":"https:\/\/usagers-transports.haut-allier.eu\/index.php\/wp-json\/wp\/v2\/posts"}],"about":[{"href":"https:\/\/usagers-transports.haut-allier.eu\/index.php\/wp-json\/wp\/v2\/types\/post"}],"author":[{"embeddable":true,"href":"https:\/\/usagers-transports.haut-allier.eu\/index.php\/wp-json\/wp\/v2\/users\/1"}],"replies":[{"embeddable":true,"href":"https:\/\/usagers-transports.haut-allier.eu\/index.php\/wp-json\/wp\/v2\/comments?post=7"}],"version-history":[{"count":0,"href":"https:\/\/usagers-transports.haut-allier.eu\/index.php\/wp-json\/wp\/v2\/posts\/7\/revisions"}],"wp:featuredmedia":[{"embeddable":true,"href":"https:\/\/usagers-transports.haut-allier.eu\/index.php\/wp-json\/wp\/v2\/media\/1407"}],"wp:attachment":[{"href":"https:\/\/usagers-transports.haut-allier.eu\/index.php\/wp-json\/wp\/v2\/media?parent=7"}],"wp:term":[{"taxonomy":"category","embeddable":true,"href":"https:\/\/usagers-transports.haut-allier.eu\/index.php\/wp-json\/wp\/v2\/categories?post=7"},{"taxonomy":"post_tag","embeddable":true,"href":"https:\/\/usagers-transports.haut-allier.eu\/index.php\/wp-json\/wp\/v2\/tags?post=7"}],"curies":[{"name":"wp","href":"https:\/\/api.w.org\/{rel}","templated":true}]}}