{"id":70,"date":"2013-08-31T12:24:33","date_gmt":"2013-08-31T10:24:33","guid":{"rendered":"http:\/\/5.45.101.177\/haut-allier\/usagers-transportse\/index.php\/2013\/08\/31\/les-trains-cevenol-et-aubrac070\/"},"modified":"2013-08-31T12:24:33","modified_gmt":"2013-08-31T10:24:33","slug":"les-trains-cevenol-et-aubrac070","status":"publish","type":"post","link":"https:\/\/usagers-transports.haut-allier.eu\/index.php\/2013\/08\/31\/les-trains-cevenol-et-aubrac070\/","title":{"rendered":"\u00ab\u00a0Les trains C\u00e9venol et Aubrac sauv\u00e9s\u00a0\u00bb affirment certains m\u00e9dias. Le C\u00e9venol jusqu&rsquo;\u00e0 Marseille aussi ?"},"content":{"rendered":"<p>Au JO du 20 ao\u00fbt la r\u00e9ponse \u00e0 Marie-Lou Marcel d\u00e9put\u00e9e socialiste de l&rsquo;Aveyron du ministre d\u00e9l\u00e9gu\u00e9 aupr\u00e8s de la ministre de l&rsquo;\u00e9cologie, du d\u00e9veloppement durable et de l&rsquo;\u00e9nergie, charg\u00e9 des transports :<\/p>\n<p><em>\u00ab\u00a0De fait, il n&rsquo;existe pas de solution de transport alternative au C\u00e9venol entre Clermont-Ferrand et N\u00eemes, et le Gouvernement n&rsquo;envisage en aucune mani\u00e8re, \u00e0 quelque \u00e9ch\u00e9ance que ce soit, sa suppression. Il veillera donc \u00e0 ce que cette desserte se poursuive, dans le cadre de sa fonction d&rsquo;am\u00e9nagement du territoire.\u00a0\u00bb<\/em><\/p>\n<p>Pour Marseille on repassera. Lisez bien la r\u00e9ponse \u00e0 la d\u00e9put\u00e9e.<\/p>\n<p>Ce que le collectif lit dans la r\u00e9ponse \u00e0 une question pourtant tr\u00e8s claire : L&rsquo;Aubrac et le C\u00e9venol retrouveront-ils leurs trajets Paris &#8211; B\u00e9ziers et Paris-Marseille par Clermonf Fd afin de p\u00e9r\u00e9niser la ligne ? et bien nous lisons : Les r\u00e9gions doivent s&rsquo;entendre avec la SNCF pour que les correspondances soient assur\u00e9es entre les TER et les TET. C&rsquo;est tout. C&rsquo;est la seule r\u00e9ponse du ministre. Pas de quoi crier victoire sur tous les m\u00e9dias : <strong>il n&rsquo;y a AUCUNE avanc\u00e9e et les deux liaisons n&rsquo;en sont pas sauv\u00e9es pour autant !<\/strong><\/p>\n<p>C&rsquo;est un peu navrant de voir tous les gens se jetter sur cette info minist\u00e9rielle le 29 ao\u00fbt seulement alors que notre p\u00e9tition en 4 points vient juste de lui \u00eatre envoy\u00e9e, ainsi qu&rsquo;\u00e0 la SNCF et aux deux r\u00e9gions concern\u00e9es.<\/p>\n<p>En voici en tous cas la publication int\u00e9grale au JO :  <\/p>\n<p><a href=\"http:\/\/questions.assemblee-nationale.fr\/q14\/14-20552QE.htm\"><img loading=\"lazy\" decoding=\"async\" class=\" aligncenter size-full wp-image-1459\" src=\"http:\/\/5.45.101.177\/haut-allier\/usagers-transportse\/wp-content\/uploads\/2013\/08\/an.jpg\" alt=\"an.jpg\" align=\"center\" width=\"545\" height=\"1041\" srcset=\"https:\/\/usagers-transports.haut-allier.eu\/wp-content\/uploads\/2013\/08\/an.jpg 545w, https:\/\/usagers-transports.haut-allier.eu\/wp-content\/uploads\/2013\/08\/an-157x300.jpg 157w, https:\/\/usagers-transports.haut-allier.eu\/wp-content\/uploads\/2013\/08\/an-536x1024.jpg 536w\" sizes=\"auto, (max-width: 545px) 100vw, 545px\" \/><\/a><\/p>\n","protected":false},"excerpt":{"rendered":"<p>Au JO du 20 ao\u00fbt la r\u00e9ponse \u00e0 Marie-Lou Marcel d\u00e9put\u00e9e socialiste de l&rsquo;Aveyron du ministre d\u00e9l\u00e9gu\u00e9 aupr\u00e8s<\/p>\n","protected":false},"author":1,"featured_media":1458,"comment_status":"closed","ping_status":"open","sticky":false,"template":"","format":"standard","meta":{"footnotes":""},"categories":[2],"tags":[],"class_list":["post-70","post","type-post","status-publish","format-standard","has-post-thumbnail","hentry","category-infos"],"_links":{"self":[{"href":"https:\/\/usagers-transports.haut-allier.eu\/index.php\/wp-json\/wp\/v2\/posts\/70","targetHints":{"allow":["GET"]}}],"collection":[{"href":"https:\/\/usagers-transports.haut-allier.eu\/index.php\/wp-json\/wp\/v2\/posts"}],"about":[{"href":"https:\/\/usagers-transports.haut-allier.eu\/index.php\/wp-json\/wp\/v2\/types\/post"}],"author":[{"embeddable":true,"href":"https:\/\/usagers-transports.haut-allier.eu\/index.php\/wp-json\/wp\/v2\/users\/1"}],"replies":[{"embeddable":true,"href":"https:\/\/usagers-transports.haut-allier.eu\/index.php\/wp-json\/wp\/v2\/comments?post=70"}],"version-history":[{"count":0,"href":"https:\/\/usagers-transports.haut-allier.eu\/index.php\/wp-json\/wp\/v2\/posts\/70\/revisions"}],"wp:featuredmedia":[{"embeddable":true,"href":"https:\/\/usagers-transports.haut-allier.eu\/index.php\/wp-json\/wp\/v2\/media\/1458"}],"wp:attachment":[{"href":"https:\/\/usagers-transports.haut-allier.eu\/index.php\/wp-json\/wp\/v2\/media?parent=70"}],"wp:term":[{"taxonomy":"category","embeddable":true,"href":"https:\/\/usagers-transports.haut-allier.eu\/index.php\/wp-json\/wp\/v2\/categories?post=70"},{"taxonomy":"post_tag","embeddable":true,"href":"https:\/\/usagers-transports.haut-allier.eu\/index.php\/wp-json\/wp\/v2\/tags?post=70"}],"curies":[{"name":"wp","href":"https:\/\/api.w.org\/{rel}","templated":true}]}}