{"id":700,"date":"2020-10-14T18:10:31","date_gmt":"2020-10-14T16:10:31","guid":{"rendered":"http:\/\/5.45.101.177\/haut-allier\/usagers-transportse\/index.php\/2020\/10\/14\/retour-du-train-de-nuit-nimes700\/"},"modified":"2020-10-14T18:10:31","modified_gmt":"2020-10-14T16:10:31","slug":"retour-du-train-de-nuit-nimes700","status":"publish","type":"post","link":"https:\/\/usagers-transports.haut-allier.eu\/index.php\/2020\/10\/14\/retour-du-train-de-nuit-nimes700\/","title":{"rendered":"Retour du train de nuit N\u00eemes Clermont Paris : Langogne (Loz\u00e8re) le r\u00e9clame \u00e0 son tour \u00e0 l&rsquo;unanimit\u00e9 de son conseil municipal"},"content":{"rendered":"<p>Nous en sommes \u00e0 13 communes qui r\u00e9clament d\u00e9sormais le retour du train de nuit N\u00eemes Clermont Paris \u00e9ventuellement \u00e9tendu au sud \u00e0 Agde, S\u00e8te, Montpellier et au nord vers Bruxelles.<br \/>\n&nbsp;<br \/>\nLa d\u00e9lib\u00e9ration re\u00e7ue aujourd&rsquo;hui :<br \/>\n&nbsp;<br \/>\n<a href=\"http:\/\/5.45.101.177\/haut-allier\/usagers-transportse\/wp-content\/uploads\/2020\/10\/2020-073_-_motion_retour_train_de_nuit_cevenol.pdf\">2020-073_-_motion_retour_train_de_nuit_cevenol.pdf<\/a><br \/>\n&nbsp;<br \/>\n&nbsp;<br \/>\nDans la presse :<br \/>\n&nbsp;<br \/>\n&#8211; Midi Libre du 28\/10\/2020 :<a href=\"https:\/\/www.midilibre.fr\/2020\/10\/28\/le-retour-des-trains-de-nuit-est-souhaite-par-le-conseil-municipal-9167400.php\"> <em>Le retour des trains de nuit est souhait\u00e9 par le conseil municipal<\/em><\/a><br \/>\n&nbsp;<br \/>\n<img loading=\"lazy\" decoding=\"async\" class=\" aligncenter size-full wp-image-3025\" src=\"http:\/\/5.45.101.177\/haut-allier\/usagers-transportse\/wp-content\/uploads\/2020\/10\/screenshot-www.midilibre.fr-2020.10.29-07_04_36.jpg\" alt=\"screenshot-www.midilibre.fr-2020.10.29-07_04_36.jpg\" align=\"center\" width=\"907\" height=\"1940\" srcset=\"https:\/\/usagers-transports.haut-allier.eu\/wp-content\/uploads\/2020\/10\/screenshot-www.midilibre.fr-2020.10.29-07_04_36.jpg 907w, https:\/\/usagers-transports.haut-allier.eu\/wp-content\/uploads\/2020\/10\/screenshot-www.midilibre.fr-2020.10.29-07_04_36-140x300.jpg 140w, https:\/\/usagers-transports.haut-allier.eu\/wp-content\/uploads\/2020\/10\/screenshot-www.midilibre.fr-2020.10.29-07_04_36-479x1024.jpg 479w, https:\/\/usagers-transports.haut-allier.eu\/wp-content\/uploads\/2020\/10\/screenshot-www.midilibre.fr-2020.10.29-07_04_36-768x1643.jpg 768w, https:\/\/usagers-transports.haut-allier.eu\/wp-content\/uploads\/2020\/10\/screenshot-www.midilibre.fr-2020.10.29-07_04_36-718x1536.jpg 718w\" sizes=\"auto, (max-width: 907px) 100vw, 907px\" \/><br \/>\n&nbsp;<\/p>\n","protected":false},"excerpt":{"rendered":"<p>Nous en sommes \u00e0 13 communes qui r\u00e9clament d\u00e9sormais le retour du train de nuit N\u00eemes Clermont Paris<\/p>\n","protected":false},"author":1,"featured_media":3023,"comment_status":"open","ping_status":"open","sticky":false,"template":"","format":"standard","meta":{"footnotes":""},"categories":[2],"tags":[],"class_list":["post-700","post","type-post","status-publish","format-standard","has-post-thumbnail","hentry","category-infos"],"_links":{"self":[{"href":"https:\/\/usagers-transports.haut-allier.eu\/index.php\/wp-json\/wp\/v2\/posts\/700","targetHints":{"allow":["GET"]}}],"collection":[{"href":"https:\/\/usagers-transports.haut-allier.eu\/index.php\/wp-json\/wp\/v2\/posts"}],"about":[{"href":"https:\/\/usagers-transports.haut-allier.eu\/index.php\/wp-json\/wp\/v2\/types\/post"}],"author":[{"embeddable":true,"href":"https:\/\/usagers-transports.haut-allier.eu\/index.php\/wp-json\/wp\/v2\/users\/1"}],"replies":[{"embeddable":true,"href":"https:\/\/usagers-transports.haut-allier.eu\/index.php\/wp-json\/wp\/v2\/comments?post=700"}],"version-history":[{"count":0,"href":"https:\/\/usagers-transports.haut-allier.eu\/index.php\/wp-json\/wp\/v2\/posts\/700\/revisions"}],"wp:featuredmedia":[{"embeddable":true,"href":"https:\/\/usagers-transports.haut-allier.eu\/index.php\/wp-json\/wp\/v2\/media\/3023"}],"wp:attachment":[{"href":"https:\/\/usagers-transports.haut-allier.eu\/index.php\/wp-json\/wp\/v2\/media?parent=700"}],"wp:term":[{"taxonomy":"category","embeddable":true,"href":"https:\/\/usagers-transports.haut-allier.eu\/index.php\/wp-json\/wp\/v2\/categories?post=700"},{"taxonomy":"post_tag","embeddable":true,"href":"https:\/\/usagers-transports.haut-allier.eu\/index.php\/wp-json\/wp\/v2\/tags?post=700"}],"curies":[{"name":"wp","href":"https:\/\/api.w.org\/{rel}","templated":true}]}}