{"id":701,"date":"2020-10-15T09:56:10","date_gmt":"2020-10-15T07:56:10","guid":{"rendered":"http:\/\/5.45.101.177\/haut-allier\/usagers-transportse\/index.php\/2020\/10\/15\/enfin-debut-des-travaux-sur-la701\/"},"modified":"2020-10-15T09:56:10","modified_gmt":"2020-10-15T07:56:10","slug":"enfin-debut-des-travaux-sur-la701","status":"publish","type":"post","link":"https:\/\/usagers-transports.haut-allier.eu\/index.php\/2020\/10\/15\/enfin-debut-des-travaux-sur-la701\/","title":{"rendered":"Enfin ! D\u00e9but des travaux sur la ligne Al\u00e8s Bess\u00e8ges"},"content":{"rendered":"<p>Les travaux pr\u00e9paratoires au projet de r\u00e9ouverture au trafic voyageurs de la ligne ferroviaire Al\u00e8s-Bess\u00e8ges ont commenc\u00e9. La r\u00e9gion Occitanie a fait en sorte que ce projet soit prioritaire.<br \/>\n&nbsp;<br \/>\nLire l&rsquo;article de Midi Libre <a href=\"https:\/\/www.midilibre.fr\/2020\/10\/13\/gard-des-travaux-sur-la-ligne-ales-besseges-9136569.php\"><strong>ici<\/strong><\/a>.<br \/>\n&nbsp;<br \/>\n<em>[photo du logo Midi Libre]<\/em><\/p>\n","protected":false},"excerpt":{"rendered":"<p>Les travaux pr\u00e9paratoires au projet de r\u00e9ouverture au trafic voyageurs de la ligne ferroviaire Al\u00e8s-Bess\u00e8ges ont commenc\u00e9. La<\/p>\n","protected":false},"author":1,"featured_media":3026,"comment_status":"open","ping_status":"open","sticky":false,"template":"","format":"standard","meta":{"footnotes":""},"categories":[2],"tags":[],"class_list":["post-701","post","type-post","status-publish","format-standard","has-post-thumbnail","hentry","category-infos"],"_links":{"self":[{"href":"https:\/\/usagers-transports.haut-allier.eu\/index.php\/wp-json\/wp\/v2\/posts\/701","targetHints":{"allow":["GET"]}}],"collection":[{"href":"https:\/\/usagers-transports.haut-allier.eu\/index.php\/wp-json\/wp\/v2\/posts"}],"about":[{"href":"https:\/\/usagers-transports.haut-allier.eu\/index.php\/wp-json\/wp\/v2\/types\/post"}],"author":[{"embeddable":true,"href":"https:\/\/usagers-transports.haut-allier.eu\/index.php\/wp-json\/wp\/v2\/users\/1"}],"replies":[{"embeddable":true,"href":"https:\/\/usagers-transports.haut-allier.eu\/index.php\/wp-json\/wp\/v2\/comments?post=701"}],"version-history":[{"count":0,"href":"https:\/\/usagers-transports.haut-allier.eu\/index.php\/wp-json\/wp\/v2\/posts\/701\/revisions"}],"wp:featuredmedia":[{"embeddable":true,"href":"https:\/\/usagers-transports.haut-allier.eu\/index.php\/wp-json\/wp\/v2\/media\/3026"}],"wp:attachment":[{"href":"https:\/\/usagers-transports.haut-allier.eu\/index.php\/wp-json\/wp\/v2\/media?parent=701"}],"wp:term":[{"taxonomy":"category","embeddable":true,"href":"https:\/\/usagers-transports.haut-allier.eu\/index.php\/wp-json\/wp\/v2\/categories?post=701"},{"taxonomy":"post_tag","embeddable":true,"href":"https:\/\/usagers-transports.haut-allier.eu\/index.php\/wp-json\/wp\/v2\/tags?post=701"}],"curies":[{"name":"wp","href":"https:\/\/api.w.org\/{rel}","templated":true}]}}