{"id":705,"date":"2020-10-15T10:05:44","date_gmt":"2020-10-15T08:05:44","guid":{"rendered":"http:\/\/5.45.101.177\/haut-allier\/usagers-transportse\/index.php\/2020\/10\/15\/presses-comme-des-sardines-dans705\/"},"modified":"2020-10-15T10:05:44","modified_gmt":"2020-10-15T08:05:44","slug":"presses-comme-des-sardines-dans705","status":"publish","type":"post","link":"https:\/\/usagers-transports.haut-allier.eu\/index.php\/2020\/10\/15\/presses-comme-des-sardines-dans705\/","title":{"rendered":"Press\u00e9s comme des sardines dans votre train ? Grand sondage"},"content":{"rendered":"<p>L&rsquo;association des usagers SNCF du Gard et des d\u00e9partements limitrophes lance une grande enqu\u00eate pour conna\u00eetre les conditions d&rsquo;accueil des voyageurs dans nos trains.<br \/>\n&nbsp;<br \/>\n<em>L&rsquo;asso s&rsquo;adresse \u00e0 vous tous :<\/em><br \/>\n&nbsp;<br \/>\n<strong>Si votre train est trop petit (comme s&rsquo;il avait r\u00e9tr\u00e9ci au lavage), que vous \u00eates un peu\/beaucoup\/\u00e0 la folie tass\u00e9s, alors merci de nous envoyer un petit message rapide avec : Gare de d\u00e9part \/ Gare d&rsquo;arriv\u00e9e \/ heure de d\u00e9part \/ mention du probl\u00e8me.<br \/>\n&nbsp;<br \/>\nNous, on relaie et, comme par magie (quand la poudre d&rsquo;\u00e9toiles est efficace), le lendemain il y a du mat\u00e9riel adapt\u00e9.<br \/>\n&nbsp;<br \/>\nCeux qui se sentent une \u00e2me d&rsquo;artiste peuvent aussi compl\u00e9ter avec une photo. On fera un album qu&rsquo;on offrira au Directeur de TER Occitanie \u00e0 No\u00ebl.<\/strong><br \/>\n&nbsp;<br \/>\nMerci pour cette initiative qui arrive fort \u00e0 point.<br \/>\n&nbsp;<br \/>\nSi vous \u00eates dans le Gard : un mail <a href=\"mailto:usagers.trains.gard.languedoc@gmail.com\">usagers.trains.gard.languedoc@gmail.com<\/a><br \/>\n&nbsp;<br \/>\nSi vous \u00eates dans le Haut Allier : un mail <a href=\"mailto:usagers-transports@haut-allier.eu\">usagers-transports@haut-allier.eu<\/a> ou les C\u00e9vennes nous ferons remonter nous aussi.<br \/>\n&nbsp;<br \/>\n<em>[image logo France 3]<\/em><\/p>\n","protected":false},"excerpt":{"rendered":"<p>L&rsquo;association des usagers SNCF du Gard et des d\u00e9partements limitrophes lance une grande enqu\u00eate pour conna\u00eetre les conditions<\/p>\n","protected":false},"author":1,"featured_media":3027,"comment_status":"open","ping_status":"open","sticky":false,"template":"","format":"standard","meta":{"footnotes":""},"categories":[2],"tags":[],"class_list":["post-705","post","type-post","status-publish","format-standard","has-post-thumbnail","hentry","category-infos"],"_links":{"self":[{"href":"https:\/\/usagers-transports.haut-allier.eu\/index.php\/wp-json\/wp\/v2\/posts\/705","targetHints":{"allow":["GET"]}}],"collection":[{"href":"https:\/\/usagers-transports.haut-allier.eu\/index.php\/wp-json\/wp\/v2\/posts"}],"about":[{"href":"https:\/\/usagers-transports.haut-allier.eu\/index.php\/wp-json\/wp\/v2\/types\/post"}],"author":[{"embeddable":true,"href":"https:\/\/usagers-transports.haut-allier.eu\/index.php\/wp-json\/wp\/v2\/users\/1"}],"replies":[{"embeddable":true,"href":"https:\/\/usagers-transports.haut-allier.eu\/index.php\/wp-json\/wp\/v2\/comments?post=705"}],"version-history":[{"count":0,"href":"https:\/\/usagers-transports.haut-allier.eu\/index.php\/wp-json\/wp\/v2\/posts\/705\/revisions"}],"wp:featuredmedia":[{"embeddable":true,"href":"https:\/\/usagers-transports.haut-allier.eu\/index.php\/wp-json\/wp\/v2\/media\/3027"}],"wp:attachment":[{"href":"https:\/\/usagers-transports.haut-allier.eu\/index.php\/wp-json\/wp\/v2\/media?parent=705"}],"wp:term":[{"taxonomy":"category","embeddable":true,"href":"https:\/\/usagers-transports.haut-allier.eu\/index.php\/wp-json\/wp\/v2\/categories?post=705"},{"taxonomy":"post_tag","embeddable":true,"href":"https:\/\/usagers-transports.haut-allier.eu\/index.php\/wp-json\/wp\/v2\/tags?post=705"}],"curies":[{"name":"wp","href":"https:\/\/api.w.org\/{rel}","templated":true}]}}