{"id":706,"date":"2020-10-19T21:32:30","date_gmt":"2020-10-19T19:32:30","guid":{"rendered":"http:\/\/5.45.101.177\/haut-allier\/usagers-transportse\/index.php\/2020\/10\/19\/ligne-clermont-ferrand-thiers706\/"},"modified":"2020-10-19T21:32:30","modified_gmt":"2020-10-19T19:32:30","slug":"ligne-clermont-ferrand-thiers706","status":"publish","type":"post","link":"https:\/\/usagers-transports.haut-allier.eu\/index.php\/2020\/10\/19\/ligne-clermont-ferrand-thiers706\/","title":{"rendered":"Ligne Clermont Ferrand &#8211; Thiers &#8211; Noir\u00e9table &#8211; Bo\u00ebn &#8211; Saint Etienne &#8211; Lyon : apr\u00e8s le gros succ\u00e8s du happening citoyen du 18\/10 SNCF R\u00e9seau attaque d\u00e8s le lendemain !"},"content":{"rendered":"<p>Grosse couverture m\u00e9diatique pour le rassemblement \u00e0 Chabreloche (Puy de D\u00f4me) et Noir\u00e9table (Loire) mis sur pied en quinze jours par le nouveau <em>Collectif pour la d\u00e9fense de la ligne Clermont Thiers Boen Saint-Etienne Lyon<\/em>. Quelques extraits :<br \/>\n&nbsp;<br \/>\nFrance 3 Auvergne le 18 octobre JT de 19h :<br \/>\n&nbsp;<br \/>\n<iframe loading=\"lazy\" width=\"560\" height=\"315\" src=\"https:\/\/www.youtube.com\/embed\/zfeE1kW3Z-E\" frameborder=\"0\" allow=\"accelerometer; autoplay; clipboard-write; encrypted-media; gyroscope; picture-in-picture\" allowfullscreen><\/iframe><br \/>\n&nbsp;<br \/>\nWEBTV Livradois Forez le 19 octobre :<br \/>\n&nbsp;<br \/>\n<iframe loading=\"lazy\" width=\"560\" height=\"315\" src=\"https:\/\/www.youtube.com\/embed\/iWHjytPw3Cc\" frameborder=\"0\" allow=\"accelerometer; autoplay; clipboard-write; encrypted-media; gyroscope; picture-in-picture\" allowfullscreen><\/iframe><br \/>\n&nbsp;<br \/>\nFrance 3 Rh\u00f4ne Alpes web le 19 octobre :<br \/>\n&nbsp;<br \/>\n<a href=\"https:\/\/france3-regions.francetvinfo.fr\/auvergne-rhone-alpes\/mobilisation-reouverture-ligne-sncf-entre-saint-etienne-clermont-ferrand-1885996.html\"><strong>Mobilisation pour la r\u00e9ouverture de la ligne SNCF entre Saint-Etienne et Clermont-Ferrand <\/strong><\/a><br \/>\n&nbsp;<br \/>\n<img loading=\"lazy\" decoding=\"async\" class=\" aligncenter size-full wp-image-3029\" src=\"http:\/\/5.45.101.177\/haut-allier\/usagers-transportse\/wp-content\/uploads\/2020\/10\/screenshot-france3-regions.francetvinfo.fr-2020.10.19-20_02_05-scaled.jpg\" alt=\"screenshot-france3-regions.francetvinfo.fr-2020.10.19-20_02_05.jpg\" align=\"center\" width=\"863\" height=\"2560\" srcset=\"https:\/\/usagers-transports.haut-allier.eu\/wp-content\/uploads\/2020\/10\/screenshot-france3-regions.francetvinfo.fr-2020.10.19-20_02_05-scaled.jpg 863w, https:\/\/usagers-transports.haut-allier.eu\/wp-content\/uploads\/2020\/10\/screenshot-france3-regions.francetvinfo.fr-2020.10.19-20_02_05-101x300.jpg 101w, https:\/\/usagers-transports.haut-allier.eu\/wp-content\/uploads\/2020\/10\/screenshot-france3-regions.francetvinfo.fr-2020.10.19-20_02_05-345x1024.jpg 345w, https:\/\/usagers-transports.haut-allier.eu\/wp-content\/uploads\/2020\/10\/screenshot-france3-regions.francetvinfo.fr-2020.10.19-20_02_05-768x2278.jpg 768w, https:\/\/usagers-transports.haut-allier.eu\/wp-content\/uploads\/2020\/10\/screenshot-france3-regions.francetvinfo.fr-2020.10.19-20_02_05-518x1536.jpg 518w\" sizes=\"auto, (max-width: 863px) 100vw, 863px\" \/><br \/>\n&nbsp;<br \/>\nLe Progr\u00e8s Loire du 18 octobre :<br \/>\n&nbsp;<br \/>\n<a href=\"https:\/\/www.leprogres.fr\/economie\/2020\/10\/19\/forte-mobilisation-pour-le-retour-de-la-ligne-sncf-boen-thiers\"><strong>Forte mobilisation pour le retour de la ligne SNCF Bo\u00ebn-Thiers<\/strong><\/a><br \/>\n&nbsp;<br \/>\n<img loading=\"lazy\" decoding=\"async\" class=\" aligncenter size-full wp-image-3030\" src=\"http:\/\/5.45.101.177\/haut-allier\/usagers-transportse\/wp-content\/uploads\/2020\/10\/ekrotbbwmaadyqb.jpg\" alt=\"ekrotbbwmaadyqb.jpg\" align=\"center\" width=\"1600\" height=\"1067\" srcset=\"https:\/\/usagers-transports.haut-allier.eu\/wp-content\/uploads\/2020\/10\/ekrotbbwmaadyqb.jpg 1600w, https:\/\/usagers-transports.haut-allier.eu\/wp-content\/uploads\/2020\/10\/ekrotbbwmaadyqb-300x200.jpg 300w, https:\/\/usagers-transports.haut-allier.eu\/wp-content\/uploads\/2020\/10\/ekrotbbwmaadyqb-1024x683.jpg 1024w, https:\/\/usagers-transports.haut-allier.eu\/wp-content\/uploads\/2020\/10\/ekrotbbwmaadyqb-768x512.jpg 768w, https:\/\/usagers-transports.haut-allier.eu\/wp-content\/uploads\/2020\/10\/ekrotbbwmaadyqb-1536x1024.jpg 1536w\" sizes=\"auto, (max-width: 1600px) 100vw, 1600px\" \/><br \/>\n&nbsp;<br \/>\n<img loading=\"lazy\" decoding=\"async\" class=\" aligncenter size-full wp-image-3031\" src=\"http:\/\/5.45.101.177\/haut-allier\/usagers-transportse\/wp-content\/uploads\/2020\/10\/eknxncmxiaivya8.jpg\" alt=\"eknxncmxiaivya8.jpg\" align=\"center\" width=\"744\" height=\"500\" srcset=\"https:\/\/usagers-transports.haut-allier.eu\/wp-content\/uploads\/2020\/10\/eknxncmxiaivya8.jpg 744w, https:\/\/usagers-transports.haut-allier.eu\/wp-content\/uploads\/2020\/10\/eknxncmxiaivya8-300x202.jpg 300w\" sizes=\"auto, (max-width: 744px) 100vw, 744px\" \/><br \/>\n&nbsp;<br \/>\nLa Montagne du 19 octobre :<br \/>\n&nbsp;<br \/>\n<a href=\"https:\/\/www.lamontagne.fr\/chabreloche-63250\/actualites\/la-manif-happening-pour-defendre-la-ligne-ferroviaire-thiers-boen-mobilise-plus-d-une-centaine-de-soutiens-puy-de-dome_13858526\/\"><strong>Le \u00ab happening \u00bb pour d\u00e9fendre la liaison ferroviaire Thiers Bo\u00ebn mobilise plus d&rsquo;une centaine de soutiens (Puy-de-D\u00f4me)<\/strong> <\/a><br \/>\n&nbsp;<br \/>\n<img loading=\"lazy\" decoding=\"async\" class=\" aligncenter size-full wp-image-3032\" src=\"http:\/\/5.45.101.177\/haut-allier\/usagers-transportse\/wp-content\/uploads\/2020\/10\/screenshot-www.lamontagne.fr-2020.10.19-20_04_50-scaled.jpg\" alt=\"screenshot-www.lamontagne.fr-2020.10.19-20_04_50.jpg\" align=\"center\" width=\"201\" height=\"2560\" \/><br \/>\n&nbsp;<br \/>\n<em>Notre vid\u00e9o :<\/em><br \/>\n&nbsp;<br \/>\n<iframe loading=\"lazy\" width=\"560\" height=\"315\" src=\"https:\/\/www.youtube.com\/embed\/lQrwL_PawRE\" frameborder=\"0\" allow=\"accelerometer; autoplay; clipboard-write; encrypted-media; gyroscope; picture-in-picture\" allowfullscreen><\/iframe><br \/>\n&nbsp;<br \/>\n[fond noir][blanc]Alors qu&rsquo;un tour de table pour le financement de la r\u00e9ouverture est programm\u00e9, d\u00e8s le lendemain lundi SNCF R\u00e9seau ordonne la coupure physique de la voie en 5 endroits[\/blanc][\/fond noir]<br \/>\n&nbsp;<br \/>\n5 passages \u00e0 niveau situ\u00e9s pr\u00e8s de Noir\u00e9table, lieu du happening la veille, doivent \u00eatre \u00ab\u00a0d\u00e9mantel\u00e9s\u00a0\u00bb c&rsquo;est \u00e0 dire les rails enlev\u00e9s et remplac\u00e9s par un goudronnage, un ordre venu de la direction, on ne sait pas de qui pr\u00e9cis\u00e9ment.<br \/>\n&nbsp;<br \/>\nCela signifie que la voie class\u00e9e \u00ab\u00a0suspendue\u00a0\u00bb par la SNCF va passer du jour au lendemain en statut \u00ab\u00a0ferm\u00e9e\u00a0\u00bb alors qu&rsquo;il reste un an de d\u00e9lai pour qu&rsquo;elle le soit si aucune d\u00e9cision n&rsquo;est prise quant au financement des travaux.<br \/>\n&nbsp;<br \/>\nLa fa\u00e7on de faire est de plus ill\u00e9gale et a \u00e9t\u00e9 attaqu\u00e9e en justice et gagn\u00e9e dans d&rsquo;autres r\u00e9gions.<br \/>\n&nbsp;<br \/>\n<strong>Les 5 passages \u00e0 niveaux ont \u00e9t\u00e9 bien choisis : <\/strong> ils sont cach\u00e9s et inaccessibles, invisibles aux automobilistes, ce sont des passages \u00e0 niveaux sur des chemins de vaches&#8230; mais la cons\u00e9quence est que la voie sera coup\u00e9e physiquement en 5 endroits et que la ligne ne sera plus rouvrable. C&rsquo;est habile, c&rsquo;est machiav\u00e9lique, c&rsquo;est politique.<br \/>\n&nbsp;<br \/>\n<img loading=\"lazy\" decoding=\"async\" class=\" aligncenter size-full wp-image-3033\" src=\"http:\/\/5.45.101.177\/haut-allier\/usagers-transportse\/wp-content\/uploads\/2020\/10\/img_5092.jpg\" alt=\"img_5092.jpg\" align=\"center\" width=\"1024\" height=\"768\" srcset=\"https:\/\/usagers-transports.haut-allier.eu\/wp-content\/uploads\/2020\/10\/img_5092.jpg 1024w, https:\/\/usagers-transports.haut-allier.eu\/wp-content\/uploads\/2020\/10\/img_5092-300x225.jpg 300w, https:\/\/usagers-transports.haut-allier.eu\/wp-content\/uploads\/2020\/10\/img_5092-768x576.jpg 768w\" sizes=\"auto, (max-width: 1024px) 100vw, 1024px\" \/><br \/>\n<img loading=\"lazy\" decoding=\"async\" class=\" aligncenter size-full wp-image-3034\" src=\"http:\/\/5.45.101.177\/haut-allier\/usagers-transportse\/wp-content\/uploads\/2020\/10\/img_5091.jpg\" alt=\"img_5091.jpg\" align=\"center\" width=\"1024\" height=\"768\" srcset=\"https:\/\/usagers-transports.haut-allier.eu\/wp-content\/uploads\/2020\/10\/img_5091.jpg 1024w, https:\/\/usagers-transports.haut-allier.eu\/wp-content\/uploads\/2020\/10\/img_5091-300x225.jpg 300w, https:\/\/usagers-transports.haut-allier.eu\/wp-content\/uploads\/2020\/10\/img_5091-768x576.jpg 768w\" sizes=\"auto, (max-width: 1024px) 100vw, 1024px\" \/><br \/>\n&nbsp;<br \/>\nAussit\u00f4t quand le collectif apprend \u00e7a dimanche soir tard, les usagers, les \u00e9lus se mobilisent et pr\u00e9parent la riposte pour se rendre aux premi\u00e8res heures du matin sur les sites pr\u00e9vus aux alentours de Noir\u00e9table.<br \/>\n&nbsp;<br \/>\nVers 9 heures la soci\u00e9t\u00e9 dite ferroviaire d\u00e9p\u00eache deux de ses agents arm\u00e9s d&rsquo;une tron\u00e7onneuse sp\u00e9ciale pour effectuer le sale boulot. Ceux-ci ob\u00e9issent aux ordres et ne comprennent pas trop la d\u00e9cision nous disent-ils. Ils viennent d&rsquo;abord rep\u00e9rer les lieux, avec difficult\u00e9 car peu accessibles. Les membres du collectif les emp\u00eache d&rsquo;aller plus loin en bloquant les acc\u00e8s et disent s&rsquo;opposer aux op\u00e9rations.<br \/>\n&nbsp;<br \/>\n<img loading=\"lazy\" decoding=\"async\" class=\" aligncenter size-full wp-image-3035\" src=\"http:\/\/5.45.101.177\/haut-allier\/usagers-transportse\/wp-content\/uploads\/2020\/10\/img_20201019_095637_dro.jpg\" alt=\"img_20201019_095637_dro.jpg\" align=\"center\" width=\"1083\" height=\"971\" srcset=\"https:\/\/usagers-transports.haut-allier.eu\/wp-content\/uploads\/2020\/10\/img_20201019_095637_dro.jpg 1083w, https:\/\/usagers-transports.haut-allier.eu\/wp-content\/uploads\/2020\/10\/img_20201019_095637_dro-300x269.jpg 300w, https:\/\/usagers-transports.haut-allier.eu\/wp-content\/uploads\/2020\/10\/img_20201019_095637_dro-1024x918.jpg 1024w, https:\/\/usagers-transports.haut-allier.eu\/wp-content\/uploads\/2020\/10\/img_20201019_095637_dro-768x689.jpg 768w\" sizes=\"auto, (max-width: 1083px) 100vw, 1083px\" \/><br \/>\n&nbsp;<br \/>\nAvec les usagers, une \u00e9lue du 1er arrondissement de Lyon, le maire de Noir\u00e9table, le maire de Saint-Jean de V\u00eatre sont venus et activent tous leurs r\u00e9seaux sur place : le d\u00e9put\u00e9 du Puy de D\u00f4me Andr\u00e9 Chassaigne t\u00e9l\u00e9phone aussit\u00f4t au PDG de la SNCF, le d\u00e9put\u00e9 lig\u00e9rien Julien Borowczyk interpelle \u00e9galement le directeur r\u00e9gional SNCF, Denis Tamain appelle lui le pr\u00e9fet.<br \/>\n&nbsp;<br \/>\n<em>Les \u00e9lus sur place<\/em><br \/>\n<img loading=\"lazy\" decoding=\"async\" class=\" aligncenter size-full wp-image-3036\" src=\"http:\/\/5.45.101.177\/haut-allier\/usagers-transportse\/wp-content\/uploads\/2020\/10\/img_20201019_092103_dro.jpg\" alt=\"img_20201019_092103_dro.jpg\" align=\"center\" width=\"1000\" height=\"750\" srcset=\"https:\/\/usagers-transports.haut-allier.eu\/wp-content\/uploads\/2020\/10\/img_20201019_092103_dro.jpg 1000w, https:\/\/usagers-transports.haut-allier.eu\/wp-content\/uploads\/2020\/10\/img_20201019_092103_dro-300x225.jpg 300w, https:\/\/usagers-transports.haut-allier.eu\/wp-content\/uploads\/2020\/10\/img_20201019_092103_dro-768x576.jpg 768w\" sizes=\"auto, (max-width: 1000px) 100vw, 1000px\" \/><br \/>\n&nbsp;<br \/>\n<img loading=\"lazy\" decoding=\"async\" class=\" aligncenter size-full wp-image-3037\" src=\"http:\/\/5.45.101.177\/haut-allier\/usagers-transportse\/wp-content\/uploads\/2020\/10\/20201019203953_img_20201019_095938_dro_3.jpg\" alt=\"20201019203953_img_20201019_095938_dro_3.jpg\" align=\"center\" width=\"1100\" height=\"825\" srcset=\"https:\/\/usagers-transports.haut-allier.eu\/wp-content\/uploads\/2020\/10\/20201019203953_img_20201019_095938_dro_3.jpg 1100w, https:\/\/usagers-transports.haut-allier.eu\/wp-content\/uploads\/2020\/10\/20201019203953_img_20201019_095938_dro_3-300x225.jpg 300w, https:\/\/usagers-transports.haut-allier.eu\/wp-content\/uploads\/2020\/10\/20201019203953_img_20201019_095938_dro_3-1024x768.jpg 1024w, https:\/\/usagers-transports.haut-allier.eu\/wp-content\/uploads\/2020\/10\/20201019203953_img_20201019_095938_dro_3-768x576.jpg 768w\" sizes=\"auto, (max-width: 1100px) 100vw, 1100px\" \/><br \/>\n&nbsp;<br \/>\nLes agents SNCF communiquent l&rsquo;impossibilit\u00e9 d&rsquo;agir \u00e0 leur hi\u00e9rarchie et nous les laissons quitter les lieux de la discussion.<br \/>\n&nbsp;<br \/>\n<img loading=\"lazy\" decoding=\"async\" class=\" aligncenter size-full wp-image-3038\" src=\"http:\/\/5.45.101.177\/haut-allier\/usagers-transportse\/wp-content\/uploads\/2020\/10\/img_20201019_092917_dro.jpg\" alt=\"img_20201019_092917_dro.jpg\" align=\"center\" width=\"1100\" height=\"601\" srcset=\"https:\/\/usagers-transports.haut-allier.eu\/wp-content\/uploads\/2020\/10\/img_20201019_092917_dro.jpg 1100w, https:\/\/usagers-transports.haut-allier.eu\/wp-content\/uploads\/2020\/10\/img_20201019_092917_dro-300x164.jpg 300w, https:\/\/usagers-transports.haut-allier.eu\/wp-content\/uploads\/2020\/10\/img_20201019_092917_dro-1024x559.jpg 1024w, https:\/\/usagers-transports.haut-allier.eu\/wp-content\/uploads\/2020\/10\/img_20201019_092917_dro-768x420.jpg 768w\" sizes=\"auto, (max-width: 1100px) 100vw, 1100px\" \/><br \/>\n&nbsp;<br \/>\n&nbsp;<br \/>\n[fond noir][blanc]<strong>Le lundi soir les masques tombent : la d\u00e9cision venait bien de Paris<\/strong>[\/blanc][\/fond noir]<br \/>\n&nbsp;<br \/>\nNotre porte-parole Karine Legrand re\u00e7oit un coup de fil le soir d&rsquo;une responsable communication de la SNCF \u00e0 Paris&#8230; qui tente de la rassurer en lui disant que les op\u00e9rations du matin \u00e9taient pr\u00e9vues pour le bien de la ligne, que \u00e7a ne g\u00eanait pas du tout le chiffrage futur de la r\u00e9ouverture etc. Karine lui r\u00e9pond que nous ne sommes pas dupes. Nous apprenons ce soir par l&rsquo;article de FB Pays d&rsquo;Auvergne que \u00ab\u00a0<strong>les op\u00e9rations sont maintenues pour lundi 26 sur le passage \u00e0 niveau 69<\/strong>\u00ab\u00a0. Le collectif cr\u00e9e un comit\u00e9 de surveillance dans la foul\u00e9e. A suivre.<br \/>\n&nbsp;<br \/>\n[fond noir][blanc]Dans la presse :[\/blanc] [\/fond noir]<br \/>\n&nbsp;<br \/>\nFrance Bleu Pays d&rsquo;Auvergne et France Bleu Saint-Etienne le 19 octobre :<br \/>\n&nbsp;<br \/>\n<a href=\"https:\/\/www.francebleu.fr\/infos\/transports\/lignes-sncf-clermont-saint-etienne-la-guerre-des-passages-a-niveau-n-a-pas-eu-lieu-1603130726\"><strong>Ligne SNCF Clermont &#8211; Saint-Etienne: la \u00ab\u00a0guerre des passages \u00e0 niveau\u00a0\u00bb n&rsquo;a pas eu lieu<\/strong><\/a><br \/>\n&nbsp;<br \/>\n<img loading=\"lazy\" decoding=\"async\" class=\" aligncenter size-full wp-image-3039\" src=\"http:\/\/5.45.101.177\/haut-allier\/usagers-transportse\/wp-content\/uploads\/2020\/10\/screenshot-www.francebleu.fr-2020.10.19-21_18_38.jpg\" alt=\"screenshot-www.francebleu.fr-2020.10.19-21_18_38.jpg\" align=\"center\" width=\"988\" height=\"2561\" srcset=\"https:\/\/usagers-transports.haut-allier.eu\/wp-content\/uploads\/2020\/10\/screenshot-www.francebleu.fr-2020.10.19-21_18_38.jpg 988w, https:\/\/usagers-transports.haut-allier.eu\/wp-content\/uploads\/2020\/10\/screenshot-www.francebleu.fr-2020.10.19-21_18_38-116x300.jpg 116w, https:\/\/usagers-transports.haut-allier.eu\/wp-content\/uploads\/2020\/10\/screenshot-www.francebleu.fr-2020.10.19-21_18_38-395x1024.jpg 395w, https:\/\/usagers-transports.haut-allier.eu\/wp-content\/uploads\/2020\/10\/screenshot-www.francebleu.fr-2020.10.19-21_18_38-768x1991.jpg 768w, https:\/\/usagers-transports.haut-allier.eu\/wp-content\/uploads\/2020\/10\/screenshot-www.francebleu.fr-2020.10.19-21_18_38-593x1536.jpg 593w, https:\/\/usagers-transports.haut-allier.eu\/wp-content\/uploads\/2020\/10\/screenshot-www.francebleu.fr-2020.10.19-21_18_38-790x2048.jpg 790w\" sizes=\"auto, (max-width: 988px) 100vw, 988px\" \/><br \/>\n&nbsp;<br \/>\n[fond noir][blanc]Le communiqu\u00e9 du Collectif :[\/blanc][\/fond noir]<br \/>\n&nbsp;<br \/>\n<img loading=\"lazy\" decoding=\"async\" class=\" aligncenter size-full wp-image-3040\" src=\"http:\/\/5.45.101.177\/haut-allier\/usagers-transportse\/wp-content\/uploads\/2020\/10\/ektn9fmxyaavhzh.jpg\" alt=\"ektn9fmxyaavhzh.jpg\" align=\"center\" width=\"627\" height=\"900\" srcset=\"https:\/\/usagers-transports.haut-allier.eu\/wp-content\/uploads\/2020\/10\/ektn9fmxyaavhzh.jpg 627w, https:\/\/usagers-transports.haut-allier.eu\/wp-content\/uploads\/2020\/10\/ektn9fmxyaavhzh-209x300.jpg 209w\" sizes=\"auto, (max-width: 627px) 100vw, 627px\" \/><br \/>\n&nbsp;<br \/>\nLe Progr\u00e8s Loire du 20 octobre lui aussi s&rsquo;est fait avoir par le communiqu\u00e9 de SNCF R\u00e9seau :<br \/>\n&nbsp;<br \/>\n<a href=\"https:\/\/www.leprogres.fr\/economie\/2020\/10\/19\/ligne-boen-thiers-des-travaux-qui-interrogent\"><strong>Ligne Bo\u00ebn\/Thiers : des travaux qui interrogent<\/strong><\/a><br \/>\n&nbsp;<br \/>\n<img loading=\"lazy\" decoding=\"async\" class=\" aligncenter size-full wp-image-3041\" src=\"http:\/\/5.45.101.177\/haut-allier\/usagers-transportse\/wp-content\/uploads\/2020\/10\/screenshot-www.leprogres.fr-2020.10.20-17_01_50.jpg\" alt=\"screenshot-www.leprogres.fr-2020.10.20-17_01_50.jpg\" align=\"center\" width=\"1009\" height=\"1993\" srcset=\"https:\/\/usagers-transports.haut-allier.eu\/wp-content\/uploads\/2020\/10\/screenshot-www.leprogres.fr-2020.10.20-17_01_50.jpg 1009w, https:\/\/usagers-transports.haut-allier.eu\/wp-content\/uploads\/2020\/10\/screenshot-www.leprogres.fr-2020.10.20-17_01_50-152x300.jpg 152w, https:\/\/usagers-transports.haut-allier.eu\/wp-content\/uploads\/2020\/10\/screenshot-www.leprogres.fr-2020.10.20-17_01_50-518x1024.jpg 518w, https:\/\/usagers-transports.haut-allier.eu\/wp-content\/uploads\/2020\/10\/screenshot-www.leprogres.fr-2020.10.20-17_01_50-768x1517.jpg 768w, https:\/\/usagers-transports.haut-allier.eu\/wp-content\/uploads\/2020\/10\/screenshot-www.leprogres.fr-2020.10.20-17_01_50-778x1536.jpg 778w\" sizes=\"auto, (max-width: 1009px) 100vw, 1009px\" \/><br \/>\n&nbsp;<br \/>\n[fond noir][blanc]Ce n&rsquo;\u00e9tait que partie remise ! Le mercredi \u00e0 8h30 SNCF R\u00e9seau revient sur le terrain pour sectionner la ligne au passage \u00e0 niveau 69 pr\u00e8s de Bo\u00ebn ! [\/blanc][\/fond noir]<br \/>\n&nbsp;<br \/>\nMaline, alors qu&rsquo;elle avait donn\u00e9 \u00e0 la presse la date de lundi 26, SNCF R\u00e9seau tente de d\u00e9jouer le collectif en intervenant ce mercredi matin 21 octobre \u00e0 8h30 au niveau de Bo\u00ebn sur la commune de Saint-Laurent Rochefort dont le maire lui a demand\u00e9 d&rsquo;arranger le passage \u00e0 niveau en le goudronnant. ARRANGER OUI MAIS PAS SECTIONNER LA LIGNE !<br \/>\n&nbsp;<br \/>\nUne nouvelle fois les usagers et les \u00e9lus se mobilisent. D\u00e8s 6h suite au mail de Karine Legrand notre porte-parole nous appelons le maximum de gens sur les lieux :<br \/>\n&nbsp;<br \/>\n<img loading=\"lazy\" decoding=\"async\" class=\" aligncenter size-full wp-image-3042\" src=\"http:\/\/5.45.101.177\/haut-allier\/usagers-transportse\/wp-content\/uploads\/2020\/10\/screenshot-tweetdeck.twitter.com-2020.10.21-09_41_10.jpg\" alt=\"screenshot-tweetdeck.twitter.com-2020.10.21-09_41_10.jpg\" align=\"center\" width=\"245\" height=\"423\" srcset=\"https:\/\/usagers-transports.haut-allier.eu\/wp-content\/uploads\/2020\/10\/screenshot-tweetdeck.twitter.com-2020.10.21-09_41_10.jpg 245w, https:\/\/usagers-transports.haut-allier.eu\/wp-content\/uploads\/2020\/10\/screenshot-tweetdeck.twitter.com-2020.10.21-09_41_10-174x300.jpg 174w\" sizes=\"auto, (max-width: 245px) 100vw, 245px\" \/><br \/>\n&nbsp;<br \/>\nNous interpellons aussi de notre c\u00f4t\u00e9 Martine Guibert, d\u00e9l\u00e9gu\u00e9e transports \u00e0 la r\u00e9gion. Le maire m\u00eame de Saint-Laurent Rochefort se d\u00e9place. Des membres du collectif sont pr\u00e9sents.<br \/>\n&nbsp;<br \/>\nA 9 heures l&rsquo;op\u00e9ration est \u00ab\u00a0report\u00e9e\u00a0\u00bb suite \u00e0 l&rsquo;intervention des d\u00e9put\u00e9s Julien Borowczyk (Loire) et Andr\u00e9 Chassaigne (Puy de D\u00f4me), et \u00e9galement de la R\u00e9gion Auvergne Rh\u00f4ne Alpes, Martine Guibert et cabinet de Laurent Wauquiez.<br \/>\n&nbsp;<br \/>\nRestons vigilants !<br \/>\n&nbsp;<br \/>\n<strong>L&rsquo;urgence du tour de table promis pour le financement de la remise en \u00e9tat se fait sentir ! La SNCF joue la montre. Il nous para\u00eet essentiel que Messieurs Djebarri, Wauquiez et Farandou trouvent rapidement un accord financier pour la r\u00e9ouverture de la ligne.<\/em><br \/>\n&nbsp;<br \/>\nAujourd&rsquo;hui mercredi 11h nous recevons quelques p\u0125otos du passage \u00e0 niveau qui devait \u00eatre d\u00e9mantel\u00e9, prises sur place par Edmond Boisset du collectif. Merci \u00e0 lui.<br \/>\n&nbsp;<br \/>\n<img loading=\"lazy\" decoding=\"async\" class=\" aligncenter size-full wp-image-3043\" src=\"http:\/\/5.45.101.177\/haut-allier\/usagers-transportse\/wp-content\/uploads\/2020\/10\/img_20201021_093927p.jpg\" alt=\"img_20201021_093927p.jpg\" align=\"center\" width=\"800\" height=\"600\" srcset=\"https:\/\/usagers-transports.haut-allier.eu\/wp-content\/uploads\/2020\/10\/img_20201021_093927p.jpg 800w, https:\/\/usagers-transports.haut-allier.eu\/wp-content\/uploads\/2020\/10\/img_20201021_093927p-300x225.jpg 300w, https:\/\/usagers-transports.haut-allier.eu\/wp-content\/uploads\/2020\/10\/img_20201021_093927p-768x576.jpg 768w\" sizes=\"auto, (max-width: 800px) 100vw, 800px\" \/><br \/>\n<img loading=\"lazy\" decoding=\"async\" class=\" aligncenter size-full wp-image-3044\" src=\"http:\/\/5.45.101.177\/haut-allier\/usagers-transportse\/wp-content\/uploads\/2020\/10\/img_20201021_093942p.jpg\" alt=\"img_20201021_093942p.jpg\" align=\"center\" width=\"600\" height=\"800\" srcset=\"https:\/\/usagers-transports.haut-allier.eu\/wp-content\/uploads\/2020\/10\/img_20201021_093942p.jpg 600w, https:\/\/usagers-transports.haut-allier.eu\/wp-content\/uploads\/2020\/10\/img_20201021_093942p-225x300.jpg 225w\" sizes=\"auto, (max-width: 600px) 100vw, 600px\" \/><br \/>\n<img loading=\"lazy\" decoding=\"async\" class=\" aligncenter size-full wp-image-3045\" src=\"http:\/\/5.45.101.177\/haut-allier\/usagers-transportse\/wp-content\/uploads\/2020\/10\/img_20201021_094035p.jpg\" alt=\"img_20201021_094035p.jpg\" align=\"center\" width=\"600\" height=\"800\" srcset=\"https:\/\/usagers-transports.haut-allier.eu\/wp-content\/uploads\/2020\/10\/img_20201021_094035p.jpg 600w, https:\/\/usagers-transports.haut-allier.eu\/wp-content\/uploads\/2020\/10\/img_20201021_094035p-225x300.jpg 225w\" sizes=\"auto, (max-width: 600px) 100vw, 600px\" \/><br \/>\n<img loading=\"lazy\" decoding=\"async\" class=\" aligncenter size-full wp-image-3046\" src=\"http:\/\/5.45.101.177\/haut-allier\/usagers-transportse\/wp-content\/uploads\/2020\/10\/img_20201021_094110p.jpg\" alt=\"img_20201021_094110p.jpg\" align=\"center\" width=\"600\" height=\"800\" srcset=\"https:\/\/usagers-transports.haut-allier.eu\/wp-content\/uploads\/2020\/10\/img_20201021_094110p.jpg 600w, https:\/\/usagers-transports.haut-allier.eu\/wp-content\/uploads\/2020\/10\/img_20201021_094110p-225x300.jpg 225w\" sizes=\"auto, (max-width: 600px) 100vw, 600px\" \/><br \/>\n<img loading=\"lazy\" decoding=\"async\" class=\" aligncenter size-full wp-image-3047\" src=\"http:\/\/5.45.101.177\/haut-allier\/usagers-transportse\/wp-content\/uploads\/2020\/10\/img_20201021_094206p.jpg\" alt=\"img_20201021_094206p.jpg\" align=\"center\" width=\"600\" height=\"800\" srcset=\"https:\/\/usagers-transports.haut-allier.eu\/wp-content\/uploads\/2020\/10\/img_20201021_094206p.jpg 600w, https:\/\/usagers-transports.haut-allier.eu\/wp-content\/uploads\/2020\/10\/img_20201021_094206p-225x300.jpg 225w\" sizes=\"auto, (max-width: 600px) 100vw, 600px\" \/><br \/>\n&nbsp;<br \/>\nAujourd&rsquo;hui mercredi 14 h et apr\u00e8s que SNCF R\u00e9seau ait publi\u00e9 un communiqu\u00e9 de presse tentant d&rsquo;expliquer leurs travaux de coupure tout en les maintenant, ce message victorieux re\u00e7u de notre porte-parole Karine Legrand :<br \/>\n&nbsp;<br \/>\n[(<br \/>\n<strong> <em>La convergence des actions individuelles vient de porter ces fruits.<br \/>\n&nbsp;<br \/>\nDenis Tamain, Maire de Noiretable, a re\u00e7u un appel t\u00e9l\u00e9phonique du Directeur R\u00e9gional SNCF R\u00e9seau.<br \/>\n&nbsp;<br \/>\nApr\u00e8s discussion, il a \u00e9t\u00e9 convenu que l&rsquo;intervention du 26 est arr\u00eat\u00e9e.<br \/>\n&nbsp;<br \/>\nAucune op\u00e9ration n&rsquo;aura lieu avant une r\u00e9union avec le collectif, les \u00e9lus, la SNCF. Elle sera organis\u00e9e prochainement.<br \/>\n&nbsp;<br \/>\nEn attendant, si une intervention \u00e9tait n\u00e9cessaire pour des raisons de s\u00e9curit\u00e9 majeur, il y a un engagement du Directeur R\u00e9gional SNCF R\u00e9seau qu&rsquo;il n&rsquo;y aurait aucune intervention avec coupure de rails ou d&rsquo;infrastructures ferroviaires.<br \/>\n&nbsp;<br \/>\nBien entendu, nous restons vigilant !!<br \/>\n&nbsp;<br \/>\nLe collectif Clermont-Thiers-Bo\u00ebn- St Etienne- Lyon<\/em> <\/strong><br \/>\n)]<br \/>\n&nbsp;<br \/>\nPour int\u00e9grer le Collectif pour la Transversale ferroviaire la plus courte entre Clermont Saint-Etienne et Lyon faire sa demande ici : <a href=\"mailto:collectifferrothiersboen@orange.fr\">collectifferrothiersboen@orange.fr<\/a><br \/>\n&nbsp;<br \/>\n[fond noir][blanc]Presse suite :[\/blanc][\/fond noir]<br \/>\n&nbsp;<br \/>\nTransportrail du 23 octobre : <a href=\"http:\/\/transportrail.canalblog.com\/archives\/2020\/10\/23\/38605979.html\"><em>Mobilisation pour Saint Etienne &#8211; Clermont-Ferrand<\/em><\/a><br \/>\n&nbsp;<br \/>\n<img loading=\"lazy\" decoding=\"async\" class=\" aligncenter size-full wp-image-3048\" src=\"http:\/\/5.45.101.177\/haut-allier\/usagers-transportse\/wp-content\/uploads\/2020\/10\/firefox_screenshot_2020-10-30t13-35-38.399z-scaled.png\" alt=\"firefox_screenshot_2020-10-30t13-35-38.399z.png\" align=\"center\" width=\"824\" height=\"2560\" srcset=\"https:\/\/usagers-transports.haut-allier.eu\/wp-content\/uploads\/2020\/10\/firefox_screenshot_2020-10-30t13-35-38.399z-scaled.png 824w, https:\/\/usagers-transports.haut-allier.eu\/wp-content\/uploads\/2020\/10\/firefox_screenshot_2020-10-30t13-35-38.399z-97x300.png 97w, https:\/\/usagers-transports.haut-allier.eu\/wp-content\/uploads\/2020\/10\/firefox_screenshot_2020-10-30t13-35-38.399z-330x1024.png 330w, https:\/\/usagers-transports.haut-allier.eu\/wp-content\/uploads\/2020\/10\/firefox_screenshot_2020-10-30t13-35-38.399z-768x2385.png 768w, https:\/\/usagers-transports.haut-allier.eu\/wp-content\/uploads\/2020\/10\/firefox_screenshot_2020-10-30t13-35-38.399z-659x2048.png 659w\" sizes=\"auto, (max-width: 824px) 100vw, 824px\" \/><br \/>\n&nbsp;<\/p>\n","protected":false},"excerpt":{"rendered":"<p>Grosse couverture m\u00e9diatique pour le rassemblement \u00e0 Chabreloche (Puy de D\u00f4me) et Noir\u00e9table (Loire) mis sur pied en<\/p>\n","protected":false},"author":1,"featured_media":3028,"comment_status":"open","ping_status":"open","sticky":false,"template":"","format":"standard","meta":{"footnotes":""},"categories":[2],"tags":[],"class_list":["post-706","post","type-post","status-publish","format-standard","has-post-thumbnail","hentry","category-infos"],"_links":{"self":[{"href":"https:\/\/usagers-transports.haut-allier.eu\/index.php\/wp-json\/wp\/v2\/posts\/706","targetHints":{"allow":["GET"]}}],"collection":[{"href":"https:\/\/usagers-transports.haut-allier.eu\/index.php\/wp-json\/wp\/v2\/posts"}],"about":[{"href":"https:\/\/usagers-transports.haut-allier.eu\/index.php\/wp-json\/wp\/v2\/types\/post"}],"author":[{"embeddable":true,"href":"https:\/\/usagers-transports.haut-allier.eu\/index.php\/wp-json\/wp\/v2\/users\/1"}],"replies":[{"embeddable":true,"href":"https:\/\/usagers-transports.haut-allier.eu\/index.php\/wp-json\/wp\/v2\/comments?post=706"}],"version-history":[{"count":0,"href":"https:\/\/usagers-transports.haut-allier.eu\/index.php\/wp-json\/wp\/v2\/posts\/706\/revisions"}],"wp:featuredmedia":[{"embeddable":true,"href":"https:\/\/usagers-transports.haut-allier.eu\/index.php\/wp-json\/wp\/v2\/media\/3028"}],"wp:attachment":[{"href":"https:\/\/usagers-transports.haut-allier.eu\/index.php\/wp-json\/wp\/v2\/media?parent=706"}],"wp:term":[{"taxonomy":"category","embeddable":true,"href":"https:\/\/usagers-transports.haut-allier.eu\/index.php\/wp-json\/wp\/v2\/categories?post=706"},{"taxonomy":"post_tag","embeddable":true,"href":"https:\/\/usagers-transports.haut-allier.eu\/index.php\/wp-json\/wp\/v2\/tags?post=706"}],"curies":[{"name":"wp","href":"https:\/\/api.w.org\/{rel}","templated":true}]}}