{"id":707,"date":"2020-10-22T07:03:08","date_gmt":"2020-10-22T05:03:08","guid":{"rendered":"http:\/\/5.45.101.177\/haut-allier\/usagers-transportse\/index.php\/2020\/10\/22\/futurs-trains-de-nuit-dans-le707\/"},"modified":"2020-10-22T07:03:08","modified_gmt":"2020-10-22T05:03:08","slug":"futurs-trains-de-nuit-dans-le707","status":"publish","type":"post","link":"https:\/\/usagers-transports.haut-allier.eu\/index.php\/2020\/10\/22\/futurs-trains-de-nuit-dans-le707\/","title":{"rendered":"Futurs trains de nuit dans le Massif central : la position prudente de SNCF"},"content":{"rendered":"<p>Nous avons \u00e9crit \u00e0 Jean-Pierre Farandou le PDG de la SNCF il y a quelques semaines apr\u00e8s notre entrevue \u00e0 Clermont Ferrand pour l&rsquo;informer de notre vision du r\u00e9seau de lignes de nuit en Auvergne et en C\u00e9vennes et de la demande des communes de la ligne du train N\u00eemes Clermont de b\u00e9n\u00e9ficier pour leurs territoires du train de nuit N\u00eemes Al\u00e8s Langogne Brioude Clermont Ferrand Paris, voire Bruxelles.<br \/>\n&nbsp;<br \/>\nNous venons de recevoir sa r\u00e9ponse via Delphine Couzi, la directrice des trains Intercit\u00e9s qui a en charge les trains de nuit \u00e9galement. La voici. On notera que la lettre laisse place \u00e0 une ouverture.<br \/>\n&nbsp;<br \/>\n<img loading=\"lazy\" decoding=\"async\" class=\" aligncenter size-full wp-image-3050\" src=\"http:\/\/5.45.101.177\/haut-allier\/usagers-transportse\/wp-content\/uploads\/2020\/10\/img_20201021_144700_dro-rb.jpg\" alt=\"img_20201021_144700_dro-rb.jpg\" align=\"center\" width=\"1749\" height=\"2437\" srcset=\"https:\/\/usagers-transports.haut-allier.eu\/wp-content\/uploads\/2020\/10\/img_20201021_144700_dro-rb.jpg 1749w, https:\/\/usagers-transports.haut-allier.eu\/wp-content\/uploads\/2020\/10\/img_20201021_144700_dro-rb-215x300.jpg 215w, https:\/\/usagers-transports.haut-allier.eu\/wp-content\/uploads\/2020\/10\/img_20201021_144700_dro-rb-735x1024.jpg 735w, https:\/\/usagers-transports.haut-allier.eu\/wp-content\/uploads\/2020\/10\/img_20201021_144700_dro-rb-768x1070.jpg 768w, https:\/\/usagers-transports.haut-allier.eu\/wp-content\/uploads\/2020\/10\/img_20201021_144700_dro-rb-1102x1536.jpg 1102w, https:\/\/usagers-transports.haut-allier.eu\/wp-content\/uploads\/2020\/10\/img_20201021_144700_dro-rb-1470x2048.jpg 1470w\" sizes=\"auto, (max-width: 1749px) 100vw, 1749px\" \/><br \/>\n&nbsp;<\/p>\n","protected":false},"excerpt":{"rendered":"<p>Nous avons \u00e9crit \u00e0 Jean-Pierre Farandou le PDG de la SNCF il y a quelques semaines apr\u00e8s notre<\/p>\n","protected":false},"author":1,"featured_media":3049,"comment_status":"open","ping_status":"open","sticky":false,"template":"","format":"standard","meta":{"footnotes":""},"categories":[2],"tags":[],"class_list":["post-707","post","type-post","status-publish","format-standard","has-post-thumbnail","hentry","category-infos"],"_links":{"self":[{"href":"https:\/\/usagers-transports.haut-allier.eu\/index.php\/wp-json\/wp\/v2\/posts\/707","targetHints":{"allow":["GET"]}}],"collection":[{"href":"https:\/\/usagers-transports.haut-allier.eu\/index.php\/wp-json\/wp\/v2\/posts"}],"about":[{"href":"https:\/\/usagers-transports.haut-allier.eu\/index.php\/wp-json\/wp\/v2\/types\/post"}],"author":[{"embeddable":true,"href":"https:\/\/usagers-transports.haut-allier.eu\/index.php\/wp-json\/wp\/v2\/users\/1"}],"replies":[{"embeddable":true,"href":"https:\/\/usagers-transports.haut-allier.eu\/index.php\/wp-json\/wp\/v2\/comments?post=707"}],"version-history":[{"count":0,"href":"https:\/\/usagers-transports.haut-allier.eu\/index.php\/wp-json\/wp\/v2\/posts\/707\/revisions"}],"wp:featuredmedia":[{"embeddable":true,"href":"https:\/\/usagers-transports.haut-allier.eu\/index.php\/wp-json\/wp\/v2\/media\/3049"}],"wp:attachment":[{"href":"https:\/\/usagers-transports.haut-allier.eu\/index.php\/wp-json\/wp\/v2\/media?parent=707"}],"wp:term":[{"taxonomy":"category","embeddable":true,"href":"https:\/\/usagers-transports.haut-allier.eu\/index.php\/wp-json\/wp\/v2\/categories?post=707"},{"taxonomy":"post_tag","embeddable":true,"href":"https:\/\/usagers-transports.haut-allier.eu\/index.php\/wp-json\/wp\/v2\/tags?post=707"}],"curies":[{"name":"wp","href":"https:\/\/api.w.org\/{rel}","templated":true}]}}