{"id":708,"date":"2020-10-23T08:26:46","date_gmt":"2020-10-23T06:26:46","guid":{"rendered":"http:\/\/5.45.101.177\/haut-allier\/usagers-transportse\/index.php\/2020\/10\/23\/petites-lignes-de-montagne-au708\/"},"modified":"2026-09-01T15:56:37","modified_gmt":"2026-09-01T13:56:37","slug":"petites-lignes-de-montagne-au708","status":"publish","type":"post","link":"https:\/\/usagers-transports.haut-allier.eu\/index.php\/2020\/10\/23\/petites-lignes-de-montagne-au708\/","title":{"rendered":"\u00ab\u00a0Petites lignes\u00a0\u00bb de montagne au service des populations : combien de catastrophes encore pour que SNCF et l&rsquo;\u00e9tat daignent les renouveller ?"},"content":{"rendered":"Breil sur Roya, la vall\u00e9e de la V\u00e9subie&#8230; les villages isol\u00e9s, la temp\u00eate Alex, le train et les lignes de montagne viennent de prouver encore une fois leur grande utilit\u00e9. \n&nbsp;\n&#8211; <a href=\"https:\/\/www.leparisien.fr\/societe\/alpes-maritimes-des-ecoles-rouvrent-un-train-roule-la-vie-reprend-doucement-dans-des-villages-devastes-08-10-2020-8399058.php\"><em>Alpes-Maritimes : des \u00e9coles rouvrent, un train roule\u2026 la vie reprend doucement dans des villages d\u00e9vast\u00e9s<\/em><\/a> (Le Parisien)\n&#8211; <a href=\"https:\/\/www.lci.fr\/population\/tempete-alex-un-ter-desosse-pour-charger-du-materiel-vers-les-zones-sinistrees-2166658.html\"><em>Temp\u00eate Alex : un TER d\u00e9soss\u00e9 pour charger du mat\u00e9riel vers les zones sinistr\u00e9es<\/em><\/a> (LCI)\n&#8211; <a href=\"https:\/\/www.francetvinfo.fr\/meteo\/tempete\/tempete-alex\/tempete-alex-un-ter-pour-approvisionnerlessinistres-de-la-roya_4133183.html\"><em>Temp\u00eate Alex : un TER pour approvisionner les sinistr\u00e9s de la Roya<\/em><\/a> (France Info)\n&nbsp;\n<img loading=\"lazy\" decoding=\"async\" class=\" aligncenter size-full wp-image-3052\" src=\"http:\/\/5.45.101.177\/haut-allier\/usagers-transportse\/wp-content\/uploads\/2020\/10\/img_5317.jpg\" alt=\"img_5317.jpg\" align=\"center\" width=\"960\" height=\"1280\" srcset=\"https:\/\/usagers-transports.haut-allier.eu\/wp-content\/uploads\/2020\/10\/img_5317.jpg 960w, https:\/\/usagers-transports.haut-allier.eu\/wp-content\/uploads\/2020\/10\/img_5317-225x300.jpg 225w, https:\/\/usagers-transports.haut-allier.eu\/wp-content\/uploads\/2020\/10\/img_5317-768x1024.jpg 768w\" sizes=\"auto, (max-width: 960px) 100vw, 960px\" \/>\n<img loading=\"lazy\" decoding=\"async\" class=\" aligncenter size-full wp-image-3053\" src=\"http:\/\/5.45.101.177\/haut-allier\/usagers-transportse\/wp-content\/uploads\/2020\/10\/fullsizer_05.jpg\" alt=\"fullsizer_05.jpg\" align=\"center\" width=\"1280\" height=\"981\" srcset=\"https:\/\/usagers-transports.haut-allier.eu\/wp-content\/uploads\/2020\/10\/fullsizer_05.jpg 1280w, https:\/\/usagers-transports.haut-allier.eu\/wp-content\/uploads\/2020\/10\/fullsizer_05-300x230.jpg 300w, https:\/\/usagers-transports.haut-allier.eu\/wp-content\/uploads\/2020\/10\/fullsizer_05-1024x785.jpg 1024w, https:\/\/usagers-transports.haut-allier.eu\/wp-content\/uploads\/2020\/10\/fullsizer_05-768x589.jpg 768w\" sizes=\"auto, (max-width: 1280px) 100vw, 1280px\" \/>\n&nbsp;\n<em>Le TER en gare de Breil hier \u00e0 16h45<\/em>\n<img loading=\"lazy\" decoding=\"async\" class=\" aligncenter size-full wp-image-3054\" src=\"http:\/\/5.45.101.177\/haut-allier\/usagers-transportse\/wp-content\/uploads\/2020\/10\/img_5342.jpg\" alt=\"img_5342.jpg\" align=\"center\" width=\"1600\" height=\"1200\" srcset=\"https:\/\/usagers-transports.haut-allier.eu\/wp-content\/uploads\/2020\/10\/img_5342.jpg 1600w, https:\/\/usagers-transports.haut-allier.eu\/wp-content\/uploads\/2020\/10\/img_5342-300x225.jpg 300w, https:\/\/usagers-transports.haut-allier.eu\/wp-content\/uploads\/2020\/10\/img_5342-1024x768.jpg 1024w, https:\/\/usagers-transports.haut-allier.eu\/wp-content\/uploads\/2020\/10\/img_5342-768x576.jpg 768w, https:\/\/usagers-transports.haut-allier.eu\/wp-content\/uploads\/2020\/10\/img_5342-1536x1152.jpg 1536w\" sizes=\"auto, (max-width: 1600px) 100vw, 1600px\" \/>\n&nbsp;\n<em>Chantier SNCF<\/em>\n<img loading=\"lazy\" decoding=\"async\" class=\" aligncenter size-full wp-image-3055\" src=\"http:\/\/5.45.101.177\/haut-allier\/usagers-transportse\/wp-content\/uploads\/2020\/10\/fullsizer_09-2.jpg\" alt=\"fullsizer_09-2.jpg\" align=\"center\" width=\"1600\" height=\"1216\" srcset=\"https:\/\/usagers-transports.haut-allier.eu\/wp-content\/uploads\/2020\/10\/fullsizer_09-2.jpg 1600w, https:\/\/usagers-transports.haut-allier.eu\/wp-content\/uploads\/2020\/10\/fullsizer_09-2-300x228.jpg 300w, https:\/\/usagers-transports.haut-allier.eu\/wp-content\/uploads\/2020\/10\/fullsizer_09-2-1024x778.jpg 1024w, https:\/\/usagers-transports.haut-allier.eu\/wp-content\/uploads\/2020\/10\/fullsizer_09-2-768x584.jpg 768w, https:\/\/usagers-transports.haut-allier.eu\/wp-content\/uploads\/2020\/10\/fullsizer_09-2-1536x1167.jpg 1536w\" sizes=\"auto, (max-width: 1600px) 100vw, 1600px\" \/>\n&nbsp;\n[fond noir][blanc]Mais o\u00f9 est l&rsquo;\u00e9tat ?[\/blanc][\/fond noir]\n&nbsp;\nDe notre grand reporter itin\u00e9rant dans les Alpes Maritimes : \u00a0\u00bb Les services publics sont \u00e0 l&rsquo;oeuvre avec un gros renfort des Bouches du Rh\u00f4ne mais l&rsquo;\u00e9tat est absent depuis la visite \u00e9clair de Macron. Habitants et collectivit\u00e9s territoriales ne veulent plus le revoir dans la vall\u00e9e.\u00a0\u00bb  \n&nbsp;\nC&rsquo;est par exemple gr\u00e2ce \u00e0 une initiative priv\u00e9e que des trains italiens peuvent acc\u00e9der \u00e0 Tende depuis l&rsquo;Italie.  \n&nbsp;\n[fond rouge][blanc]<strong>Combien faudra-t-il de s\u00e9ismes de ce style pour que SNCF R\u00e9seau et l&rsquo;\u00e9tat consentent \u00e0 mettre en place le renouvellement g\u00e9n\u00e9ral des lignes de montagnes ?<\/strong> Nous entendons par l\u00e0 remplacement complet du ballast, des traverses et des rails.[\/blanc][\/fond rouge] \n&nbsp;\nLes cataplasmes annuels sur les voies depuis 15 ans les usagers en ont ras la casquette. D&rsquo;autant plus que les travaux sont effectu\u00e9s en journ\u00e9e et le plus souvent avec coupure totale du service un, deux, voire trois mois durant !\n&nbsp;\nUn tel plan permettra de refaire circuler les trains aux vitesses que les concepteurs des lignes ont pr\u00e9vues, cela permettra aussi d&rsquo;y envisager le passage r\u00e9gulier de trains plus importants, style Intercit\u00e9s de nuit. Autrement dit ce remplacement est indispensable et urgent. Il doit \u00eatre prioritaire pour la s\u00e9curit\u00e9 des habitants et des territoires.\n&nbsp;<p>&nbsp;<\/p>\n\n\t<figure class=\"wp-block-gallery columns-1 is-cropped wp-block-gallery-1 is-layout-flex wp-block-gallery-is-layout-flex\">\n\t\t<ul class=\"blocks-gallery-grid\">\n\t\t\t<li class=\"blocks-gallery-item\">\n\t\t\t\t<figure>\n\t\t\t\t\t\t\t\t\t\t\t<img loading=\"lazy\" decoding=\"async\" width=\"1600\" height=\"1216\" src=\"http:\/\/5.45.101.177\/haut-allier\/usagers-transportse\/wp-content\/uploads\/2020\/10\/fullsizer_09.jpg\"\n\t\t\t\t\t\t alt=\"fullsizer_09.jpg\"\n\t\t\t\t\t\t data-id=\"3056\"\n\t\t\t\t\t\t data-full-url=\"http:\/\/5.45.101.177\/haut-allier\/usagers-transportse\/wp-content\/uploads\/2020\/10\/fullsizer_09.jpg\"\n\t\t\t\t\t\t data-link=\"http:\/\/5.45.101.177\/haut-allier\/usagers-transportse\/attachment-fullsizer_09-jpg\/\"\n\t\t\t\t\t\t class=\"wp-image-3056\" srcset=\"https:\/\/usagers-transports.haut-allier.eu\/wp-content\/uploads\/2020\/10\/fullsizer_09.jpg 1600w, https:\/\/usagers-transports.haut-allier.eu\/wp-content\/uploads\/2020\/10\/fullsizer_09-300x228.jpg 300w, https:\/\/usagers-transports.haut-allier.eu\/wp-content\/uploads\/2020\/10\/fullsizer_09-1024x778.jpg 1024w, https:\/\/usagers-transports.haut-allier.eu\/wp-content\/uploads\/2020\/10\/fullsizer_09-768x584.jpg 768w, https:\/\/usagers-transports.haut-allier.eu\/wp-content\/uploads\/2020\/10\/fullsizer_09-1536x1167.jpg 1536w\" sizes=\"auto, (max-width: 1600px) 100vw, 1600px\" \/>\n\t\t\t\t<\/figure>\n\t\t\t<\/li>\n\t\t<\/ul>\n\t<\/figure>\n","protected":false},"excerpt":{"rendered":"<p>Breil sur Roya, la vall\u00e9e de la V\u00e9subie&#8230; les villages isol\u00e9s, la temp\u00eate Alex, le train et les<\/p>\n","protected":false},"author":1,"featured_media":3051,"comment_status":"open","ping_status":"open","sticky":false,"template":"","format":"standard","meta":{"footnotes":""},"categories":[8],"tags":[],"class_list":["post-708","post","type-post","status-publish","format-standard","has-post-thumbnail","hentry","category-communiques"],"_links":{"self":[{"href":"https:\/\/usagers-transports.haut-allier.eu\/index.php\/wp-json\/wp\/v2\/posts\/708","targetHints":{"allow":["GET"]}}],"collection":[{"href":"https:\/\/usagers-transports.haut-allier.eu\/index.php\/wp-json\/wp\/v2\/posts"}],"about":[{"href":"https:\/\/usagers-transports.haut-allier.eu\/index.php\/wp-json\/wp\/v2\/types\/post"}],"author":[{"embeddable":true,"href":"https:\/\/usagers-transports.haut-allier.eu\/index.php\/wp-json\/wp\/v2\/users\/1"}],"replies":[{"embeddable":true,"href":"https:\/\/usagers-transports.haut-allier.eu\/index.php\/wp-json\/wp\/v2\/comments?post=708"}],"version-history":[{"count":1,"href":"https:\/\/usagers-transports.haut-allier.eu\/index.php\/wp-json\/wp\/v2\/posts\/708\/revisions"}],"predecessor-version":[{"id":3057,"href":"https:\/\/usagers-transports.haut-allier.eu\/index.php\/wp-json\/wp\/v2\/posts\/708\/revisions\/3057"}],"wp:featuredmedia":[{"embeddable":true,"href":"https:\/\/usagers-transports.haut-allier.eu\/index.php\/wp-json\/wp\/v2\/media\/3051"}],"wp:attachment":[{"href":"https:\/\/usagers-transports.haut-allier.eu\/index.php\/wp-json\/wp\/v2\/media?parent=708"}],"wp:term":[{"taxonomy":"category","embeddable":true,"href":"https:\/\/usagers-transports.haut-allier.eu\/index.php\/wp-json\/wp\/v2\/categories?post=708"},{"taxonomy":"post_tag","embeddable":true,"href":"https:\/\/usagers-transports.haut-allier.eu\/index.php\/wp-json\/wp\/v2\/tags?post=708"}],"curies":[{"name":"wp","href":"https:\/\/api.w.org\/{rel}","templated":true}]}}