{"id":709,"date":"2020-10-30T16:30:31","date_gmt":"2020-10-30T15:30:31","guid":{"rendered":"http:\/\/5.45.101.177\/haut-allier\/usagers-transportse\/index.php\/2020\/10\/30\/ligne-clermont-ferrand-thiers709\/"},"modified":"2020-10-30T16:30:31","modified_gmt":"2020-10-30T15:30:31","slug":"ligne-clermont-ferrand-thiers709","status":"publish","type":"post","link":"https:\/\/usagers-transports.haut-allier.eu\/index.php\/2020\/10\/30\/ligne-clermont-ferrand-thiers709\/","title":{"rendered":"Ligne Clermont Ferrand &#8211; Thiers &#8211; Saint Etienne &#8211; Lyon : le d\u00e9put\u00e9 Andr\u00e9 Chassaigne interpelle Jean-Baptiste Djebarri et Laurent Wauquiez"},"content":{"rendered":"<p>L&rsquo;un des deux d\u00e9put\u00e9s concern\u00e9s par le tron\u00e7on ferroviaire Thiers Bo\u00ebn Andr\u00e9 Chassaigne, celui du Puy de D\u00f4me, vient d&rsquo;\u00e9crire au Ministre des transports et au Pr\u00e9sident de la r\u00e9gion Auvergne Rh\u00f4ne Alpes pour leur demander de pr\u00e9voir <strong> <em>\u00ab\u00a0des moyens budg\u00e9taires sp\u00e9cifiques\u00a0\u00bb<\/em> <\/strong> dans le cadre du futur contrat de plan Etat &#8211; R\u00e9gion 2021-2027.<br \/>\n&nbsp;<br \/>\nLe d\u00e9put\u00e9 du Livradois &#8211; Forez rappelle ses d\u00e9marches pr\u00e9c\u00e9dentes et se place dans la mouvance de la demande du Collectif pour la r\u00e9ouverture du tron\u00e7on ferroviaire Clermont Ferrand &#8211; Thiers- Saint Etienne &#8211; Lyon initi\u00e9 il y a peine un mois et dont <a href=\"http:\/\/usagers-transports.haut-allier.eu\/?ligne-clermont-ferrand-thiers,706\"><strong>nous avons relay\u00e9 les actions<\/strong> <\/a> .<br \/>\n&nbsp;<br \/>\nVoici une des deux lettres celle adress\u00e9e \u00e0 Laurent Wauquiez :<br \/>\n&nbsp;<br \/>\n<img loading=\"lazy\" decoding=\"async\" class=\" aligncenter size-full wp-image-3059\" src=\"http:\/\/5.45.101.177\/haut-allier\/usagers-transportse\/wp-content\/uploads\/2020\/10\/chassaigne-00.jpg\" alt=\"chassaigne-00.jpg\" align=\"center\" width=\"1208\" height=\"1672\" srcset=\"https:\/\/usagers-transports.haut-allier.eu\/wp-content\/uploads\/2020\/10\/chassaigne-00.jpg 1208w, https:\/\/usagers-transports.haut-allier.eu\/wp-content\/uploads\/2020\/10\/chassaigne-00-217x300.jpg 217w, https:\/\/usagers-transports.haut-allier.eu\/wp-content\/uploads\/2020\/10\/chassaigne-00-740x1024.jpg 740w, https:\/\/usagers-transports.haut-allier.eu\/wp-content\/uploads\/2020\/10\/chassaigne-00-768x1063.jpg 768w, https:\/\/usagers-transports.haut-allier.eu\/wp-content\/uploads\/2020\/10\/chassaigne-00-1110x1536.jpg 1110w\" sizes=\"auto, (max-width: 1208px) 100vw, 1208px\" \/><br \/>\n<img loading=\"lazy\" decoding=\"async\" class=\" aligncenter size-full wp-image-3060\" src=\"http:\/\/5.45.101.177\/haut-allier\/usagers-transportse\/wp-content\/uploads\/2020\/10\/chassaigne-01.jpg\" alt=\"chassaigne-01.jpg\" align=\"center\" width=\"1139\" height=\"1426\" srcset=\"https:\/\/usagers-transports.haut-allier.eu\/wp-content\/uploads\/2020\/10\/chassaigne-01.jpg 1139w, https:\/\/usagers-transports.haut-allier.eu\/wp-content\/uploads\/2020\/10\/chassaigne-01-240x300.jpg 240w, https:\/\/usagers-transports.haut-allier.eu\/wp-content\/uploads\/2020\/10\/chassaigne-01-818x1024.jpg 818w, https:\/\/usagers-transports.haut-allier.eu\/wp-content\/uploads\/2020\/10\/chassaigne-01-768x962.jpg 768w\" sizes=\"auto, (max-width: 1139px) 100vw, 1139px\" \/><br \/>\n&nbsp;<\/p>\n<p>Les m\u00eames arguments ont \u00e9t\u00e9 utilis\u00e9s dans la lettre au Ministre charg\u00e9 des transports. <\/p>\n","protected":false},"excerpt":{"rendered":"<p>L&rsquo;un des deux d\u00e9put\u00e9s concern\u00e9s par le tron\u00e7on ferroviaire Thiers Bo\u00ebn Andr\u00e9 Chassaigne, celui du Puy de D\u00f4me,<\/p>\n","protected":false},"author":1,"featured_media":3058,"comment_status":"open","ping_status":"open","sticky":false,"template":"","format":"standard","meta":{"footnotes":""},"categories":[2],"tags":[],"class_list":["post-709","post","type-post","status-publish","format-standard","has-post-thumbnail","hentry","category-infos"],"_links":{"self":[{"href":"https:\/\/usagers-transports.haut-allier.eu\/index.php\/wp-json\/wp\/v2\/posts\/709","targetHints":{"allow":["GET"]}}],"collection":[{"href":"https:\/\/usagers-transports.haut-allier.eu\/index.php\/wp-json\/wp\/v2\/posts"}],"about":[{"href":"https:\/\/usagers-transports.haut-allier.eu\/index.php\/wp-json\/wp\/v2\/types\/post"}],"author":[{"embeddable":true,"href":"https:\/\/usagers-transports.haut-allier.eu\/index.php\/wp-json\/wp\/v2\/users\/1"}],"replies":[{"embeddable":true,"href":"https:\/\/usagers-transports.haut-allier.eu\/index.php\/wp-json\/wp\/v2\/comments?post=709"}],"version-history":[{"count":0,"href":"https:\/\/usagers-transports.haut-allier.eu\/index.php\/wp-json\/wp\/v2\/posts\/709\/revisions"}],"wp:featuredmedia":[{"embeddable":true,"href":"https:\/\/usagers-transports.haut-allier.eu\/index.php\/wp-json\/wp\/v2\/media\/3058"}],"wp:attachment":[{"href":"https:\/\/usagers-transports.haut-allier.eu\/index.php\/wp-json\/wp\/v2\/media?parent=709"}],"wp:term":[{"taxonomy":"category","embeddable":true,"href":"https:\/\/usagers-transports.haut-allier.eu\/index.php\/wp-json\/wp\/v2\/categories?post=709"},{"taxonomy":"post_tag","embeddable":true,"href":"https:\/\/usagers-transports.haut-allier.eu\/index.php\/wp-json\/wp\/v2\/tags?post=709"}],"curies":[{"name":"wp","href":"https:\/\/api.w.org\/{rel}","templated":true}]}}