{"id":71,"date":"2013-09-03T22:25:43","date_gmt":"2013-09-03T20:25:43","guid":{"rendered":"http:\/\/5.45.101.177\/haut-allier\/usagers-transportse\/index.php\/2013\/09\/03\/cevenol-le-train-fantome071\/"},"modified":"2013-09-03T22:25:43","modified_gmt":"2013-09-03T20:25:43","slug":"cevenol-le-train-fantome071","status":"publish","type":"post","link":"https:\/\/usagers-transports.haut-allier.eu\/index.php\/2013\/09\/03\/cevenol-le-train-fantome071\/","title":{"rendered":"C\u00e9venol : le train fant\u00f4me !"},"content":{"rendered":"<p>La fermeture des guichets des guichets des gares de la ligne des C\u00e9vennes dans sa partie Languedoc Roussillon gr\u00e2ce \u00e0 la politique de \u00ab\u00a0La R\u00e9gion\u00a0\u00bb et le remplacement des trains pour deux mois par un bus gr\u00e2ce \u00e0 la politique de d\u00e9nigrement de la SNCF, sont au menu de l&rsquo;article du webzine Objectif Gard intitul\u00e9  \u00ab\u00a0Le C\u00e9venol, un train fant\u00f4me entre N\u00eemes et Clermont-Ferrand ?\u00a0\u00bb. A lire <a href=\"http:\/\/www.objectifgard.com\/2013\/09\/03\/le-cevenol-un-train-fantome-entre-nimes-et-clermont-ferrand\/\">ici<\/a>. C&rsquo;est du v\u00e9cu. Malheureusement.<\/p>\n","protected":false},"excerpt":{"rendered":"<p>La fermeture des guichets des guichets des gares de la ligne des C\u00e9vennes dans sa partie Languedoc Roussillon<\/p>\n","protected":false},"author":1,"featured_media":1460,"comment_status":"closed","ping_status":"open","sticky":false,"template":"","format":"standard","meta":{"footnotes":""},"categories":[2],"tags":[],"class_list":["post-71","post","type-post","status-publish","format-standard","has-post-thumbnail","hentry","category-infos"],"_links":{"self":[{"href":"https:\/\/usagers-transports.haut-allier.eu\/index.php\/wp-json\/wp\/v2\/posts\/71","targetHints":{"allow":["GET"]}}],"collection":[{"href":"https:\/\/usagers-transports.haut-allier.eu\/index.php\/wp-json\/wp\/v2\/posts"}],"about":[{"href":"https:\/\/usagers-transports.haut-allier.eu\/index.php\/wp-json\/wp\/v2\/types\/post"}],"author":[{"embeddable":true,"href":"https:\/\/usagers-transports.haut-allier.eu\/index.php\/wp-json\/wp\/v2\/users\/1"}],"replies":[{"embeddable":true,"href":"https:\/\/usagers-transports.haut-allier.eu\/index.php\/wp-json\/wp\/v2\/comments?post=71"}],"version-history":[{"count":0,"href":"https:\/\/usagers-transports.haut-allier.eu\/index.php\/wp-json\/wp\/v2\/posts\/71\/revisions"}],"wp:featuredmedia":[{"embeddable":true,"href":"https:\/\/usagers-transports.haut-allier.eu\/index.php\/wp-json\/wp\/v2\/media\/1460"}],"wp:attachment":[{"href":"https:\/\/usagers-transports.haut-allier.eu\/index.php\/wp-json\/wp\/v2\/media?parent=71"}],"wp:term":[{"taxonomy":"category","embeddable":true,"href":"https:\/\/usagers-transports.haut-allier.eu\/index.php\/wp-json\/wp\/v2\/categories?post=71"},{"taxonomy":"post_tag","embeddable":true,"href":"https:\/\/usagers-transports.haut-allier.eu\/index.php\/wp-json\/wp\/v2\/tags?post=71"}],"curies":[{"name":"wp","href":"https:\/\/api.w.org\/{rel}","templated":true}]}}