{"id":710,"date":"2020-11-07T07:40:09","date_gmt":"2020-11-07T06:40:09","guid":{"rendered":"http:\/\/5.45.101.177\/haut-allier\/usagers-transportse\/index.php\/2020\/11\/07\/ligne-du-train-cevenol-pendant-le710\/"},"modified":"2020-11-07T07:40:09","modified_gmt":"2020-11-07T06:40:09","slug":"ligne-du-train-cevenol-pendant-le710","status":"publish","type":"post","link":"https:\/\/usagers-transports.haut-allier.eu\/index.php\/2020\/11\/07\/ligne-du-train-cevenol-pendant-le710\/","title":{"rendered":"LIgne du train C\u00e9venol : pendant le reconfinement SNCF coupe le service ferroviaire ! [MAJ : et non !]"},"content":{"rendered":"<p><em>\u00ab\u00a07 TER sur 10 en semaine et 3 sur 10 le week-end\u00a0\u00bb<\/em>, <em>\u00ab\u00a0Les trains vont circuler comme pr\u00e9vu&#8230;\u00a0\u00bb<\/em> mais NON, la SNCF nous gruge une nouvelle fois et ces annonces sont fausses : 30% de 3 aller retour par jour c&rsquo;est au moins un train non ? Vous savez qu&rsquo;il nous \u00e9tait annonc\u00e9 il y a quelques jours que pendant le confinement la circulation des trains ne serait pas interrompue ?<br \/>\n&nbsp;<br \/>\nUne nouvelle fois les habitants et usagers de la ligne N\u00eemes Al\u00e8s Clermont Ferrand sont sacrifi\u00e9s. Et principalement ceux de la portion Langeac Langogne puisqu&rsquo;aucun service de Taxi \u00e0 la Demande n&rsquo;est pr\u00e9vu. Seuls quelques bus \u00e0 Langeac et Langogne m\u00eame pas une substitution sur la totalit\u00e9 du trajet.<br \/>\n&nbsp;<br \/>\nRegardez les \u00ab\u00a0trains\u00a0\u00bb que l&rsquo;on nous propose aujourd&rsquo;hui samedi 7 novembre respectivement \u00e0 Langeac, Alleyras et Langogne, soit le coeur de la ligne :<br \/>\n&nbsp;<br \/>\n<img loading=\"lazy\" decoding=\"async\" class=\" aligncenter size-full wp-image-3062\" src=\"http:\/\/5.45.101.177\/haut-allier\/usagers-transportse\/wp-content\/uploads\/2020\/11\/screenshot-www.ter_.sncf_.com-2020.11.07-06_45_25.jpg\" alt=\"screenshot-www.ter.sncf.com-2020.11.07-06_45_25.jpg\" align=\"center\" width=\"652\" height=\"1109\" srcset=\"https:\/\/usagers-transports.haut-allier.eu\/wp-content\/uploads\/2020\/11\/screenshot-www.ter_.sncf_.com-2020.11.07-06_45_25.jpg 652w, https:\/\/usagers-transports.haut-allier.eu\/wp-content\/uploads\/2020\/11\/screenshot-www.ter_.sncf_.com-2020.11.07-06_45_25-176x300.jpg 176w, https:\/\/usagers-transports.haut-allier.eu\/wp-content\/uploads\/2020\/11\/screenshot-www.ter_.sncf_.com-2020.11.07-06_45_25-602x1024.jpg 602w\" sizes=\"auto, (max-width: 652px) 100vw, 652px\" \/><br \/>\n&nbsp;<br \/>\n<img loading=\"lazy\" decoding=\"async\" class=\" aligncenter size-full wp-image-3063\" src=\"http:\/\/5.45.101.177\/haut-allier\/usagers-transportse\/wp-content\/uploads\/2020\/11\/screenshot-www.ter_.sncf_.com-2020.11.07-06_46_28.jpg\" alt=\"screenshot-www.ter.sncf.com-2020.11.07-06_46_28.jpg\" align=\"center\" width=\"656\" height=\"713\" srcset=\"https:\/\/usagers-transports.haut-allier.eu\/wp-content\/uploads\/2020\/11\/screenshot-www.ter_.sncf_.com-2020.11.07-06_46_28.jpg 656w, https:\/\/usagers-transports.haut-allier.eu\/wp-content\/uploads\/2020\/11\/screenshot-www.ter_.sncf_.com-2020.11.07-06_46_28-276x300.jpg 276w\" sizes=\"auto, (max-width: 656px) 100vw, 656px\" \/><br \/>\n&nbsp;<br \/>\n<img loading=\"lazy\" decoding=\"async\" class=\" aligncenter size-full wp-image-3064\" src=\"http:\/\/5.45.101.177\/haut-allier\/usagers-transportse\/wp-content\/uploads\/2020\/11\/screenshot-www.ter_.sncf_.com-2020.11.07-06_43_43.jpg\" alt=\"screenshot-www.ter.sncf.com-2020.11.07-06_43_43.jpg\" align=\"center\" width=\"651\" height=\"1251\" srcset=\"https:\/\/usagers-transports.haut-allier.eu\/wp-content\/uploads\/2020\/11\/screenshot-www.ter_.sncf_.com-2020.11.07-06_43_43.jpg 651w, https:\/\/usagers-transports.haut-allier.eu\/wp-content\/uploads\/2020\/11\/screenshot-www.ter_.sncf_.com-2020.11.07-06_43_43-156x300.jpg 156w, https:\/\/usagers-transports.haut-allier.eu\/wp-content\/uploads\/2020\/11\/screenshot-www.ter_.sncf_.com-2020.11.07-06_43_43-533x1024.jpg 533w\" sizes=\"auto, (max-width: 651px) 100vw, 651px\" \/><br \/>\n&nbsp;<br \/>\nTous les trains sont pass\u00e9s \u00e0 la trappe.<br \/>\n&nbsp;<br \/>\nLa SNCF prend vraiment les habitants du Massif central pour des billes.<br \/>\n&nbsp;<br \/>\n[fond noir][blanc]Et sur Oui.sncf ?[\/blanc] [\/fond noir]<br \/>\n&nbsp;<br \/>\nLe bal des \u00ab\u00a0trains supprim\u00e9s\u00a0\u00bb \u00e0 peine affich\u00e9s la veille commence : Les \u00e9crans affichent bien les trains mais, comme en gare sur les panneaux, on voit au fur et \u00e0 mesure l&rsquo;apparition de la mention \u00ab\u00a0supprim\u00e9\u00a0\u00bb. Ce site est une honte.<br \/>\n&nbsp;<br \/>\nLes \u00ab\u00a0circulations aujourd&rsquo;hui\u00a0\u00bb :<br \/>\n<img loading=\"lazy\" decoding=\"async\" class=\" aligncenter size-full wp-image-3065\" src=\"http:\/\/5.45.101.177\/haut-allier\/usagers-transportse\/wp-content\/uploads\/2020\/11\/screenshot-www.oui_.sncf-2020.11.07-07_16_49.jpg\" alt=\"screenshot-www.oui.sncf-2020.11.07-07_16_49.jpg\" align=\"center\" width=\"1111\" height=\"755\" srcset=\"https:\/\/usagers-transports.haut-allier.eu\/wp-content\/uploads\/2020\/11\/screenshot-www.oui_.sncf-2020.11.07-07_16_49.jpg 1111w, https:\/\/usagers-transports.haut-allier.eu\/wp-content\/uploads\/2020\/11\/screenshot-www.oui_.sncf-2020.11.07-07_16_49-300x204.jpg 300w, https:\/\/usagers-transports.haut-allier.eu\/wp-content\/uploads\/2020\/11\/screenshot-www.oui_.sncf-2020.11.07-07_16_49-1024x696.jpg 1024w, https:\/\/usagers-transports.haut-allier.eu\/wp-content\/uploads\/2020\/11\/screenshot-www.oui_.sncf-2020.11.07-07_16_49-768x522.jpg 768w\" sizes=\"auto, (max-width: 1111px) 100vw, 1111px\" \/><br \/>\n&nbsp;<br \/>\nLes circulations lundi : si on les croit tous les trains circuleront. Gageons qu&rsquo;il y en aura AUCUN. Mais&#8230; pr\u00e9cipitez vous pour acheter votre billet, c&rsquo;est possible ! On verra pour le remboursement ensuite.Pendant ce temps on engrange.<br \/>\n&nbsp;<br \/>\n<img loading=\"lazy\" decoding=\"async\" class=\" aligncenter size-full wp-image-3066\" src=\"http:\/\/5.45.101.177\/haut-allier\/usagers-transportse\/wp-content\/uploads\/2020\/11\/screenshot-www.oui_.sncf-2020.11.07-07_17_49.jpg\" alt=\"screenshot-www.oui.sncf-2020.11.07-07_17_49.jpg\" align=\"center\" width=\"1143\" height=\"597\" srcset=\"https:\/\/usagers-transports.haut-allier.eu\/wp-content\/uploads\/2020\/11\/screenshot-www.oui_.sncf-2020.11.07-07_17_49.jpg 1143w, https:\/\/usagers-transports.haut-allier.eu\/wp-content\/uploads\/2020\/11\/screenshot-www.oui_.sncf-2020.11.07-07_17_49-300x157.jpg 300w, https:\/\/usagers-transports.haut-allier.eu\/wp-content\/uploads\/2020\/11\/screenshot-www.oui_.sncf-2020.11.07-07_17_49-1024x535.jpg 1024w, https:\/\/usagers-transports.haut-allier.eu\/wp-content\/uploads\/2020\/11\/screenshot-www.oui_.sncf-2020.11.07-07_17_49-768x401.jpg 768w\" sizes=\"auto, (max-width: 1143px) 100vw, 1143px\" \/><br \/>\n&nbsp;<br \/>\n[fond rouge][blanc]<strong>[MAJ du lundi 9 novembre 6h]<\/strong>[\/blanc][\/fond rouge]<br \/>\n&nbsp;<br \/>\nOn nous a rendu nos trains ! Apparemment tout est revenu dans l&rsquo;ordre avec tous les trains. Nous \u00e9tions inquiets et mauvaise langue. Tant mieux.<br \/>\n&nbsp;<br \/>\n<img loading=\"lazy\" decoding=\"async\" class=\" aligncenter size-full wp-image-3067\" src=\"http:\/\/5.45.101.177\/haut-allier\/usagers-transportse\/wp-content\/uploads\/2020\/11\/screenshot-www.ter_.sncf_.com-2020.11.09-06_56_23.jpg\" alt=\"screenshot-www.ter.sncf.com-2020.11.09-06_56_23.jpg\" align=\"center\" width=\"668\" height=\"1039\" srcset=\"https:\/\/usagers-transports.haut-allier.eu\/wp-content\/uploads\/2020\/11\/screenshot-www.ter_.sncf_.com-2020.11.09-06_56_23.jpg 668w, https:\/\/usagers-transports.haut-allier.eu\/wp-content\/uploads\/2020\/11\/screenshot-www.ter_.sncf_.com-2020.11.09-06_56_23-193x300.jpg 193w, https:\/\/usagers-transports.haut-allier.eu\/wp-content\/uploads\/2020\/11\/screenshot-www.ter_.sncf_.com-2020.11.09-06_56_23-658x1024.jpg 658w\" sizes=\"auto, (max-width: 668px) 100vw, 668px\" \/><br \/>\n&nbsp;<br \/>\n<em>Passage du TER du matin presque \u00e0 l&rsquo;heure le 9 novembre \u00e0 Alleyras (Haute Loire)<\/em><br \/>\n<img loading=\"lazy\" decoding=\"async\" class=\" aligncenter size-full wp-image-3068\" src=\"http:\/\/5.45.101.177\/haut-allier\/usagers-transportse\/wp-content\/uploads\/2020\/11\/emxelz_weaae5-l.jpg\" alt=\"emxelz_weaae5-l.jpg\" align=\"center\" width=\"1024\" height=\"747\" srcset=\"https:\/\/usagers-transports.haut-allier.eu\/wp-content\/uploads\/2020\/11\/emxelz_weaae5-l.jpg 1024w, https:\/\/usagers-transports.haut-allier.eu\/wp-content\/uploads\/2020\/11\/emxelz_weaae5-l-300x219.jpg 300w, https:\/\/usagers-transports.haut-allier.eu\/wp-content\/uploads\/2020\/11\/emxelz_weaae5-l-768x560.jpg 768w\" sizes=\"auto, (max-width: 1024px) 100vw, 1024px\" \/><br \/>\n&nbsp;<br \/>\n<em>Passage de l&rsquo;ex train C\u00e9venol \u00e0 15h00 sur le viaduc de Vabres (Alleyras &#8211; Haute-Loire)  le 13 novembre<\/em><br \/>\n&nbsp;<br \/>\n<img loading=\"lazy\" decoding=\"async\" class=\" aligncenter size-full wp-image-3069\" src=\"http:\/\/5.45.101.177\/haut-allier\/usagers-transportse\/wp-content\/uploads\/2020\/11\/vlcsnap-2020-11-13-15h42m28s654.jpg\" alt=\"vlcsnap-2020-11-13-15h42m28s654.jpg\" align=\"center\" width=\"1200\" height=\"675\" srcset=\"https:\/\/usagers-transports.haut-allier.eu\/wp-content\/uploads\/2020\/11\/vlcsnap-2020-11-13-15h42m28s654.jpg 1200w, https:\/\/usagers-transports.haut-allier.eu\/wp-content\/uploads\/2020\/11\/vlcsnap-2020-11-13-15h42m28s654-300x169.jpg 300w, https:\/\/usagers-transports.haut-allier.eu\/wp-content\/uploads\/2020\/11\/vlcsnap-2020-11-13-15h42m28s654-1024x576.jpg 1024w, https:\/\/usagers-transports.haut-allier.eu\/wp-content\/uploads\/2020\/11\/vlcsnap-2020-11-13-15h42m28s654-768x432.jpg 768w\" sizes=\"auto, (max-width: 1200px) 100vw, 1200px\" \/><br \/>\n&nbsp;<\/p>\n","protected":false},"excerpt":{"rendered":"<p>\u00ab\u00a07 TER sur 10 en semaine et 3 sur 10 le week-end\u00a0\u00bb, \u00ab\u00a0Les trains vont circuler comme pr\u00e9vu&#8230;\u00a0\u00bb<\/p>\n","protected":false},"author":1,"featured_media":3061,"comment_status":"open","ping_status":"open","sticky":false,"template":"","format":"standard","meta":{"footnotes":""},"categories":[2],"tags":[],"class_list":["post-710","post","type-post","status-publish","format-standard","has-post-thumbnail","hentry","category-infos"],"_links":{"self":[{"href":"https:\/\/usagers-transports.haut-allier.eu\/index.php\/wp-json\/wp\/v2\/posts\/710","targetHints":{"allow":["GET"]}}],"collection":[{"href":"https:\/\/usagers-transports.haut-allier.eu\/index.php\/wp-json\/wp\/v2\/posts"}],"about":[{"href":"https:\/\/usagers-transports.haut-allier.eu\/index.php\/wp-json\/wp\/v2\/types\/post"}],"author":[{"embeddable":true,"href":"https:\/\/usagers-transports.haut-allier.eu\/index.php\/wp-json\/wp\/v2\/users\/1"}],"replies":[{"embeddable":true,"href":"https:\/\/usagers-transports.haut-allier.eu\/index.php\/wp-json\/wp\/v2\/comments?post=710"}],"version-history":[{"count":0,"href":"https:\/\/usagers-transports.haut-allier.eu\/index.php\/wp-json\/wp\/v2\/posts\/710\/revisions"}],"wp:featuredmedia":[{"embeddable":true,"href":"https:\/\/usagers-transports.haut-allier.eu\/index.php\/wp-json\/wp\/v2\/media\/3061"}],"wp:attachment":[{"href":"https:\/\/usagers-transports.haut-allier.eu\/index.php\/wp-json\/wp\/v2\/media?parent=710"}],"wp:term":[{"taxonomy":"category","embeddable":true,"href":"https:\/\/usagers-transports.haut-allier.eu\/index.php\/wp-json\/wp\/v2\/categories?post=710"},{"taxonomy":"post_tag","embeddable":true,"href":"https:\/\/usagers-transports.haut-allier.eu\/index.php\/wp-json\/wp\/v2\/tags?post=710"}],"curies":[{"name":"wp","href":"https:\/\/api.w.org\/{rel}","templated":true}]}}