{"id":711,"date":"2020-11-19T14:56:05","date_gmt":"2020-11-19T13:56:05","guid":{"rendered":"http:\/\/5.45.101.177\/haut-allier\/usagers-transportse\/index.php\/2020\/11\/19\/provence-alpes-cote-d-azur-se711\/"},"modified":"2020-11-19T14:56:05","modified_gmt":"2020-11-19T13:56:05","slug":"provence-alpes-cote-d-azur-se711","status":"publish","type":"post","link":"https:\/\/usagers-transports.haut-allier.eu\/index.php\/2020\/11\/19\/provence-alpes-cote-d-azur-se711\/","title":{"rendered":"Provence-Alpes-C\u00f4te d&rsquo;azur se d\u00e9cide enfin \u00e0 soutenir ses petites lignes"},"content":{"rendered":"<p>La d\u00e9claration de Philippe Tabarot Vice &#8211; pr\u00e9sident charg\u00e9 des transports du conseil r\u00e9gional PACA veut tout dire \u00e0 elle seule :<br \/>\n&nbsp;<br \/>\n<strong>\u00ab Il faudra investir 600 millions sur les trois lignes \u00e0 savoir l\u2019\u00c9toile de Veynes, la C\u00f4te bleue et la ligne Nice \u2013 Limone \u00bb<\/strong><br \/>\n&nbsp;<br \/>\nIl \u00e9tait temps. La <a href=\"https:\/\/usagers-transports.haut-allier.eu\/?petites-lignes-de-montagne-combien,708\"><strong>catastrophe climatique dans l&rsquo;arri\u00e8re-pays ni\u00e7ois<\/strong><\/a> aura provoqu\u00e9 un s\u00e9rieux revirement sur l&rsquo;int\u00e9r\u00eat que portait la r\u00e9gion \u00e0 ses lignes de trains et notamment celles soit-disant petites.<br \/>\n&nbsp;<br \/>\nLe conseiller r\u00e9gional rappelle <em>\u00e0 quel point la ligne Nice &#8211; Tende est devenue une indispensable  \u00ab ligne de vie \u00bb depuis la temp\u00eate Alex survenue dans la Roya et la catastrophe qui s\u2019ensuivit ; rajoutons une \u00ab ligne de vie \u00bb tant pour la desserte r\u00e9gionale que pour la desserte internationale. <\/em> On croit r\u00eaver apr\u00e8s le manque d&rsquo;int\u00e9r\u00eat de ce conseil r\u00e9gional durant des ann\u00e9es.<br \/>\n&nbsp;<br \/>\nA l&rsquo;image de la prise de conscience tardive de sa voisine la r\u00e9gion Rh\u00f4ne-Alpes Auvergne, ce retour en gr\u00e2ce en PACA est salutaire pour le r\u00e9seau ferr\u00e9 du quotidien qui verra ainsi se redynamiser quelques \u00ab\u00a0lignes fines\u00a0\u00bb de plus au sud.<br \/>\n&nbsp;<br \/>\nL\u2019\u00c9tat et la R\u00e9gion PACA s\u2019appr\u00eatent donc \u00e0 signer un protocole de financement de 600 millions sur les trois lignes, \u00e0 savoir l\u2019\u00c9toile de Veynes dans les Hautes-Alpes, la C\u00f4te bleue entre Marseille et Miramas et la ligne Nice \u2013 Tende. Le conseiller r\u00e9gional et s\u00e9nateur a d\u00e9pos\u00e9 un amendement dans le projet de loi de finances 2021 pour que le soutien aux petites lignes ferroviaires passe de 300 \u00e0 600 millions dans le plan de relance.<br \/>\n&nbsp;<br \/>\nIl indique aussi que cent millions iront \u00e0 la relance des trains de nuit Paris &#8211; Tarbes et Nice &#8211; Paris<br \/>\n&nbsp;<br \/>\nLire l&rsquo;article de Nice Matin : <a href=\"https:\/\/www.nicematin.com\/economie\/la-ligne-nice-tende-est-definitivement-sauvee-selon-philippe-tabarot-605015\"><em>La ligne Nice &#8211; Cun\u00e9o est d\u00e9finitivement sauv\u00e9e<\/em><\/a><br \/>\n &nbsp;<\/p>\n","protected":false},"excerpt":{"rendered":"<p>La d\u00e9claration de Philippe Tabarot Vice &#8211; pr\u00e9sident charg\u00e9 des transports du conseil r\u00e9gional PACA veut tout dire<\/p>\n","protected":false},"author":1,"featured_media":3070,"comment_status":"open","ping_status":"open","sticky":false,"template":"","format":"standard","meta":{"footnotes":""},"categories":[2],"tags":[],"class_list":["post-711","post","type-post","status-publish","format-standard","has-post-thumbnail","hentry","category-infos"],"_links":{"self":[{"href":"https:\/\/usagers-transports.haut-allier.eu\/index.php\/wp-json\/wp\/v2\/posts\/711","targetHints":{"allow":["GET"]}}],"collection":[{"href":"https:\/\/usagers-transports.haut-allier.eu\/index.php\/wp-json\/wp\/v2\/posts"}],"about":[{"href":"https:\/\/usagers-transports.haut-allier.eu\/index.php\/wp-json\/wp\/v2\/types\/post"}],"author":[{"embeddable":true,"href":"https:\/\/usagers-transports.haut-allier.eu\/index.php\/wp-json\/wp\/v2\/users\/1"}],"replies":[{"embeddable":true,"href":"https:\/\/usagers-transports.haut-allier.eu\/index.php\/wp-json\/wp\/v2\/comments?post=711"}],"version-history":[{"count":0,"href":"https:\/\/usagers-transports.haut-allier.eu\/index.php\/wp-json\/wp\/v2\/posts\/711\/revisions"}],"wp:featuredmedia":[{"embeddable":true,"href":"https:\/\/usagers-transports.haut-allier.eu\/index.php\/wp-json\/wp\/v2\/media\/3070"}],"wp:attachment":[{"href":"https:\/\/usagers-transports.haut-allier.eu\/index.php\/wp-json\/wp\/v2\/media?parent=711"}],"wp:term":[{"taxonomy":"category","embeddable":true,"href":"https:\/\/usagers-transports.haut-allier.eu\/index.php\/wp-json\/wp\/v2\/categories?post=711"},{"taxonomy":"post_tag","embeddable":true,"href":"https:\/\/usagers-transports.haut-allier.eu\/index.php\/wp-json\/wp\/v2\/tags?post=711"}],"curies":[{"name":"wp","href":"https:\/\/api.w.org\/{rel}","templated":true}]}}