{"id":712,"date":"2020-11-20T13:33:11","date_gmt":"2020-11-20T12:33:11","guid":{"rendered":"http:\/\/5.45.101.177\/haut-allier\/usagers-transportse\/index.php\/2020\/11\/20\/auvergne-et-massif-central-les712\/"},"modified":"2020-11-20T13:33:11","modified_gmt":"2020-11-20T12:33:11","slug":"auvergne-et-massif-central-les712","status":"publish","type":"post","link":"https:\/\/usagers-transports.haut-allier.eu\/index.php\/2020\/11\/20\/auvergne-et-massif-central-les712\/","title":{"rendered":"Auvergne et Massif central : les annonces de la r\u00e9gion Auvergne Rh\u00f4ne Alpes"},"content":{"rendered":"<p>Au cours de la rencontre sur la mobilit\u00e9 pour le grand territoire \u00abAuvergne\u00bb d&rsquo;hier jeudi Martine Guibert Vice pr\u00e9sidente en charge des transports a pr\u00e9sent\u00e9 pour la r\u00e9gion AuRA \u00e0 la fois un bilan et les objectifs men\u00e9s plus particuli\u00e8rement sur la partie du Massif central de sa comp\u00e9tence. Dans l&rsquo;ensemble une volont\u00e9 affich\u00e9e de p\u00e9renniser le r\u00e9seau ferroviaire du Massif central qui nous rassure.<br \/>\n&nbsp;<br \/>\nNous nous f\u00e9licitons aussi du bon dialogue entretenu avec les r\u00e9gions Occitanie et Aquitaine qui permettra des avanc\u00e9es en ce qui concerne les probl\u00e8mes d&rsquo;horaires, de correspondances, de tarification, de fr\u00e9quence des circulations. Ce n&rsquo;\u00e9tait pas \u00e9vident au d\u00e9but. Le colloque d&rsquo;Alleyras n&rsquo;a pas \u00e9t\u00e9 vain sur ce point pour les relations avec la partie occitane.<br \/>\n&nbsp;<br \/>\n<strong>Deux points noirs subsistent :<\/strong><br \/>\n&nbsp;<br \/>\n&#8211; Si la volont\u00e9 de sauver les lignes notamment interr\u00e9gionales est salutaire, <strong>le vrai besoin est une r\u00e9g\u00e9n\u00e9ration compl\u00e8te voie ballast traverses<\/strong> afin de p\u00e9renniser l&rsquo;infrastructure et de permettre un service cadenc\u00e9 performant aux populations ainsi que le passage des trains de nuit Aubrac C\u00e9venol minimum.<br \/>\n&nbsp;<br \/>\n&#8211; Si des mesures ne sont pas prises en urgence pour la r\u00e9ouverture du tron\u00e7on Thiers Bo\u00ebn la ligne Clermont Saint-Etienne va \u00eatre d\u00e9finitivement ferm\u00e9e par SNCF l&rsquo;an prochain. Le collectif nouvellement cr\u00e9\u00e9 se d\u00e9m\u00e8ne, rencontre aujourd&rsquo;hui la ville de Lyon et a rendez-vous avec la r\u00e9gion dans quelques jours pour essayer de la motiver et tenter un changement d&rsquo;attitude de sa part. Il devrait faire de m\u00eame avec les relais du gouvernement sur place et les pr\u00e9fets.<br \/>\n&nbsp;<br \/>\n<em>Martine Guibert lors de la rencontre<\/em><br \/>\n<img loading=\"lazy\" decoding=\"async\" class=\" aligncenter size-full wp-image-3072\" src=\"http:\/\/5.45.101.177\/haut-allier\/usagers-transportse\/wp-content\/uploads\/2020\/11\/image08mg.jpg\" alt=\"image08mg.jpg\" align=\"center\" width=\"1000\" height=\"559\" srcset=\"https:\/\/usagers-transports.haut-allier.eu\/wp-content\/uploads\/2020\/11\/image08mg.jpg 1000w, https:\/\/usagers-transports.haut-allier.eu\/wp-content\/uploads\/2020\/11\/image08mg-300x168.jpg 300w, https:\/\/usagers-transports.haut-allier.eu\/wp-content\/uploads\/2020\/11\/image08mg-768x429.jpg 768w\" sizes=\"auto, (max-width: 1000px) 100vw, 1000px\" \/><br \/>\n&nbsp;<br \/>\n<em>Pr\u00e9sentation du plan de relance<\/em><br \/>\n&nbsp;<br \/>\n<img loading=\"lazy\" decoding=\"async\" class=\" aligncenter size-full wp-image-3073\" src=\"http:\/\/5.45.101.177\/haut-allier\/usagers-transportse\/wp-content\/uploads\/2020\/11\/image09.jpg\" alt=\"image09.jpg\" align=\"center\" width=\"1000\" height=\"593\" srcset=\"https:\/\/usagers-transports.haut-allier.eu\/wp-content\/uploads\/2020\/11\/image09.jpg 1000w, https:\/\/usagers-transports.haut-allier.eu\/wp-content\/uploads\/2020\/11\/image09-300x178.jpg 300w, https:\/\/usagers-transports.haut-allier.eu\/wp-content\/uploads\/2020\/11\/image09-768x455.jpg 768w\" sizes=\"auto, (max-width: 1000px) 100vw, 1000px\" \/><br \/>\n&nbsp;<br \/>\n<img loading=\"lazy\" decoding=\"async\" class=\" aligncenter size-full wp-image-3074\" src=\"http:\/\/5.45.101.177\/haut-allier\/usagers-transportse\/wp-content\/uploads\/2020\/11\/image01.jpg\" alt=\"image01.jpg\" align=\"center\" width=\"1000\" height=\"741\" srcset=\"https:\/\/usagers-transports.haut-allier.eu\/wp-content\/uploads\/2020\/11\/image01.jpg 1000w, https:\/\/usagers-transports.haut-allier.eu\/wp-content\/uploads\/2020\/11\/image01-300x222.jpg 300w, https:\/\/usagers-transports.haut-allier.eu\/wp-content\/uploads\/2020\/11\/image01-768x569.jpg 768w\" sizes=\"auto, (max-width: 1000px) 100vw, 1000px\" \/><br \/>\n&nbsp;<br \/>\n<img loading=\"lazy\" decoding=\"async\" class=\" aligncenter size-full wp-image-3075\" src=\"http:\/\/5.45.101.177\/haut-allier\/usagers-transportse\/wp-content\/uploads\/2020\/11\/image03.jpg\" alt=\"image03.jpg\" align=\"center\" width=\"1000\" height=\"616\" srcset=\"https:\/\/usagers-transports.haut-allier.eu\/wp-content\/uploads\/2020\/11\/image03.jpg 1000w, https:\/\/usagers-transports.haut-allier.eu\/wp-content\/uploads\/2020\/11\/image03-300x185.jpg 300w, https:\/\/usagers-transports.haut-allier.eu\/wp-content\/uploads\/2020\/11\/image03-768x473.jpg 768w\" sizes=\"auto, (max-width: 1000px) 100vw, 1000px\" \/><br \/>\n&nbsp;<br \/>\n<em>Bilan actuel des circulations et perspectives<\/em><br \/>\n<img loading=\"lazy\" decoding=\"async\" class=\" aligncenter size-full wp-image-3076\" src=\"http:\/\/5.45.101.177\/haut-allier\/usagers-transportse\/wp-content\/uploads\/2020\/11\/image02.jpg\" alt=\"image02.jpg\" align=\"center\" width=\"1000\" height=\"602\" srcset=\"https:\/\/usagers-transports.haut-allier.eu\/wp-content\/uploads\/2020\/11\/image02.jpg 1000w, https:\/\/usagers-transports.haut-allier.eu\/wp-content\/uploads\/2020\/11\/image02-300x181.jpg 300w, https:\/\/usagers-transports.haut-allier.eu\/wp-content\/uploads\/2020\/11\/image02-768x462.jpg 768w\" sizes=\"auto, (max-width: 1000px) 100vw, 1000px\" \/><br \/>\n&nbsp;<br \/>\n<em>En d\u00e9tail par ligne :<\/em><br \/>\n&nbsp;<br \/>\n<img loading=\"lazy\" decoding=\"async\" class=\" aligncenter size-full wp-image-3077\" src=\"http:\/\/5.45.101.177\/haut-allier\/usagers-transportse\/wp-content\/uploads\/2020\/11\/image13.jpg\" alt=\"image13.jpg\" align=\"center\" width=\"766\" height=\"514\" srcset=\"https:\/\/usagers-transports.haut-allier.eu\/wp-content\/uploads\/2020\/11\/image13.jpg 766w, https:\/\/usagers-transports.haut-allier.eu\/wp-content\/uploads\/2020\/11\/image13-300x201.jpg 300w\" sizes=\"auto, (max-width: 766px) 100vw, 766px\" \/><br \/>\n&nbsp;<br \/>\n<img loading=\"lazy\" decoding=\"async\" class=\" aligncenter size-full wp-image-3078\" src=\"http:\/\/5.45.101.177\/haut-allier\/usagers-transportse\/wp-content\/uploads\/2020\/11\/image12.jpg\" alt=\"image12.jpg\" align=\"center\" width=\"1000\" height=\"604\" srcset=\"https:\/\/usagers-transports.haut-allier.eu\/wp-content\/uploads\/2020\/11\/image12.jpg 1000w, https:\/\/usagers-transports.haut-allier.eu\/wp-content\/uploads\/2020\/11\/image12-300x181.jpg 300w, https:\/\/usagers-transports.haut-allier.eu\/wp-content\/uploads\/2020\/11\/image12-768x464.jpg 768w\" sizes=\"auto, (max-width: 1000px) 100vw, 1000px\" \/><br \/>\n&nbsp;<br \/>\n<img loading=\"lazy\" decoding=\"async\" class=\" aligncenter size-full wp-image-3079\" src=\"http:\/\/5.45.101.177\/haut-allier\/usagers-transportse\/wp-content\/uploads\/2020\/11\/image11.jpg\" alt=\"image11.jpg\" align=\"center\" width=\"1000\" height=\"391\" srcset=\"https:\/\/usagers-transports.haut-allier.eu\/wp-content\/uploads\/2020\/11\/image11.jpg 1000w, https:\/\/usagers-transports.haut-allier.eu\/wp-content\/uploads\/2020\/11\/image11-300x117.jpg 300w, https:\/\/usagers-transports.haut-allier.eu\/wp-content\/uploads\/2020\/11\/image11-768x300.jpg 768w\" sizes=\"auto, (max-width: 1000px) 100vw, 1000px\" \/><br \/>\n&nbsp;<br \/>\n<em>O\u00f9 en est-on sur la ligne Clermont Thiers Bo\u00ebn Saint-Etienne ?<\/em><br \/>\n&nbsp;<br \/>\n<img loading=\"lazy\" decoding=\"async\" class=\" aligncenter size-full wp-image-3080\" src=\"http:\/\/5.45.101.177\/haut-allier\/usagers-transportse\/wp-content\/uploads\/2020\/11\/image10.jpg\" alt=\"image10.jpg\" align=\"center\" width=\"1000\" height=\"599\" srcset=\"https:\/\/usagers-transports.haut-allier.eu\/wp-content\/uploads\/2020\/11\/image10.jpg 1000w, https:\/\/usagers-transports.haut-allier.eu\/wp-content\/uploads\/2020\/11\/image10-300x180.jpg 300w, https:\/\/usagers-transports.haut-allier.eu\/wp-content\/uploads\/2020\/11\/image10-768x460.jpg 768w\" sizes=\"auto, (max-width: 1000px) 100vw, 1000px\" \/><br \/>\n&nbsp;<br \/>\n<em>A la suite de quoi Karine Legrand et Suzanne Chazeilles du collectif pour le retour de la transversale Clermont Thiers Bo\u00ean St-Etienne Lyon interviennent pour expliquer la volont\u00e9 des habitants de revoir rapidement ce tron\u00e7on r\u00e9habili\u00e9.<\/em><br \/>\n&nbsp;<br \/>\n<img loading=\"lazy\" decoding=\"async\" class=\" aligncenter size-full wp-image-3081\" src=\"http:\/\/5.45.101.177\/haut-allier\/usagers-transportse\/wp-content\/uploads\/2020\/11\/capture_d_ecran_2020-11-19_12-13-34.png\" alt=\"capture_d_ecran_2020-11-19_12-13-34.png\" align=\"center\" width=\"1000\" height=\"547\" srcset=\"https:\/\/usagers-transports.haut-allier.eu\/wp-content\/uploads\/2020\/11\/capture_d_ecran_2020-11-19_12-13-34.png 1000w, https:\/\/usagers-transports.haut-allier.eu\/wp-content\/uploads\/2020\/11\/capture_d_ecran_2020-11-19_12-13-34-300x164.png 300w, https:\/\/usagers-transports.haut-allier.eu\/wp-content\/uploads\/2020\/11\/capture_d_ecran_2020-11-19_12-13-34-768x420.png 768w\" sizes=\"auto, (max-width: 1000px) 100vw, 1000px\" \/><br \/>\n&nbsp;<br \/>\nEt effectivement on voit parfaitement qu&rsquo;aucun budget n&rsquo;est pr\u00e9vu pour le tron\u00e7on manquant. Karine et Suzanne expriment leur farouche volont\u00e9 ainsi que la repr\u00e9sentante des Monts qui P\u00e9tillent, membre du collectif.<br \/>\n&nbsp;<br \/>\n<em>Sont annonc\u00e9es \u00e9galement l&rsquo;application progressive des nouvelles dispositions de la loi LOM qui permettent \u00e0 certaines collectivit\u00e9s de s&rsquo;accaparer la comp\u00e9tence mobilit\u00e9 ferroviaire.<\/em><br \/>\n&nbsp;<br \/>\n<img loading=\"lazy\" decoding=\"async\" class=\" aligncenter size-full wp-image-3082\" src=\"http:\/\/5.45.101.177\/haut-allier\/usagers-transportse\/wp-content\/uploads\/2020\/11\/image05.jpg\" alt=\"image05.jpg\" align=\"center\" width=\"1000\" height=\"713\" srcset=\"https:\/\/usagers-transports.haut-allier.eu\/wp-content\/uploads\/2020\/11\/image05.jpg 1000w, https:\/\/usagers-transports.haut-allier.eu\/wp-content\/uploads\/2020\/11\/image05-300x214.jpg 300w, https:\/\/usagers-transports.haut-allier.eu\/wp-content\/uploads\/2020\/11\/image05-768x548.jpg 768w\" sizes=\"auto, (max-width: 1000px) 100vw, 1000px\" \/><br \/>\n&nbsp;<br \/>\n<em>Annonc\u00e9s \u00e9galement les nouvelles tarifications mises en place :<\/em><br \/>\n&nbsp;<br \/>\n<img loading=\"lazy\" decoding=\"async\" class=\" aligncenter size-full wp-image-3083\" src=\"http:\/\/5.45.101.177\/haut-allier\/usagers-transportse\/wp-content\/uploads\/2020\/11\/image06.jpg\" alt=\"image06.jpg\" align=\"center\" width=\"1000\" height=\"736\" srcset=\"https:\/\/usagers-transports.haut-allier.eu\/wp-content\/uploads\/2020\/11\/image06.jpg 1000w, https:\/\/usagers-transports.haut-allier.eu\/wp-content\/uploads\/2020\/11\/image06-300x221.jpg 300w, https:\/\/usagers-transports.haut-allier.eu\/wp-content\/uploads\/2020\/11\/image06-768x565.jpg 768w\" sizes=\"auto, (max-width: 1000px) 100vw, 1000px\" \/><br \/>\n&nbsp;<br \/>\nComme nous le disions il importe qu&rsquo;au del\u00e0 des travaux de \u00ab\u00a0secours\u00a0\u00bb permettant juste la circulation des trains voyageurs\u00a0\u00bb on s&rsquo;achemine vers une r\u00e9g\u00e9n\u00e9ration au moins des lignes interr\u00e9gionales comme celles des trains B\u00e9ziers Neussargues Clermont et N\u00eemes Al\u00e8s Langogne Clermont. Une action dans ce sens avec la r\u00e9gion Occitanie est en cours.<br \/>\n&nbsp;<br \/>\n<img loading=\"lazy\" decoding=\"async\" class=\" aligncenter size-full wp-image-3084\" src=\"http:\/\/5.45.101.177\/haut-allier\/usagers-transportse\/wp-content\/uploads\/2020\/11\/image14.jpg\" alt=\"image14.jpg\" align=\"center\" width=\"1000\" height=\"151\" srcset=\"https:\/\/usagers-transports.haut-allier.eu\/wp-content\/uploads\/2020\/11\/image14.jpg 1000w, https:\/\/usagers-transports.haut-allier.eu\/wp-content\/uploads\/2020\/11\/image14-300x45.jpg 300w, https:\/\/usagers-transports.haut-allier.eu\/wp-content\/uploads\/2020\/11\/image14-768x116.jpg 768w\" sizes=\"auto, (max-width: 1000px) 100vw, 1000px\" \/><br \/>\n&nbsp;<br \/>\n<strong>C&rsquo;est l\u00e0 le nouvel espoir qui permettra un meilleur service, des temps de trajet normaux retrouv\u00e9s et la circulation de nouveaux services comme le train de nuit.<\/strong><br \/>\n&nbsp;<br \/>\n<em>Dans la presse :<\/em><br \/>\n&nbsp;<br \/>\n&#8211; Zoom d&rsquo;ici du 23 novembre : <a href=\"http:\/\/www.zoomdici.fr\/actualite\/Plan-d%E2%80%99ampleur-pour-le-rail-auvergnat-specialement-pour-les-petites-lignes--id177836.html\">Plan d\u2019ampleur pour le rail auvergnat, sp\u00e9cialement pour les petites lignes.<\/a><br \/>\n&nbsp;<br \/>\n<img loading=\"lazy\" decoding=\"async\" class=\" aligncenter size-full wp-image-3085\" src=\"http:\/\/5.45.101.177\/haut-allier\/usagers-transportse\/wp-content\/uploads\/2020\/11\/screenshot-www.zoomdici.fr-2020.11.23-06_59_19.jpg\" alt=\"screenshot-www.zoomdici.fr-2020.11.23-06_59_19.jpg\" align=\"center\" width=\"1039\" height=\"2356\" srcset=\"https:\/\/usagers-transports.haut-allier.eu\/wp-content\/uploads\/2020\/11\/screenshot-www.zoomdici.fr-2020.11.23-06_59_19.jpg 1039w, https:\/\/usagers-transports.haut-allier.eu\/wp-content\/uploads\/2020\/11\/screenshot-www.zoomdici.fr-2020.11.23-06_59_19-132x300.jpg 132w, https:\/\/usagers-transports.haut-allier.eu\/wp-content\/uploads\/2020\/11\/screenshot-www.zoomdici.fr-2020.11.23-06_59_19-452x1024.jpg 452w, https:\/\/usagers-transports.haut-allier.eu\/wp-content\/uploads\/2020\/11\/screenshot-www.zoomdici.fr-2020.11.23-06_59_19-768x1741.jpg 768w, https:\/\/usagers-transports.haut-allier.eu\/wp-content\/uploads\/2020\/11\/screenshot-www.zoomdici.fr-2020.11.23-06_59_19-677x1536.jpg 677w, https:\/\/usagers-transports.haut-allier.eu\/wp-content\/uploads\/2020\/11\/screenshot-www.zoomdici.fr-2020.11.23-06_59_19-903x2048.jpg 903w\" sizes=\"auto, (max-width: 1039px) 100vw, 1039px\" \/><br \/>\n&nbsp;<\/p>\n","protected":false},"excerpt":{"rendered":"<p>Au cours de la rencontre sur la mobilit\u00e9 pour le grand territoire \u00abAuvergne\u00bb d&rsquo;hier jeudi Martine Guibert Vice<\/p>\n","protected":false},"author":1,"featured_media":3071,"comment_status":"open","ping_status":"open","sticky":false,"template":"","format":"standard","meta":{"footnotes":""},"categories":[2],"tags":[],"class_list":["post-712","post","type-post","status-publish","format-standard","has-post-thumbnail","hentry","category-infos"],"_links":{"self":[{"href":"https:\/\/usagers-transports.haut-allier.eu\/index.php\/wp-json\/wp\/v2\/posts\/712","targetHints":{"allow":["GET"]}}],"collection":[{"href":"https:\/\/usagers-transports.haut-allier.eu\/index.php\/wp-json\/wp\/v2\/posts"}],"about":[{"href":"https:\/\/usagers-transports.haut-allier.eu\/index.php\/wp-json\/wp\/v2\/types\/post"}],"author":[{"embeddable":true,"href":"https:\/\/usagers-transports.haut-allier.eu\/index.php\/wp-json\/wp\/v2\/users\/1"}],"replies":[{"embeddable":true,"href":"https:\/\/usagers-transports.haut-allier.eu\/index.php\/wp-json\/wp\/v2\/comments?post=712"}],"version-history":[{"count":0,"href":"https:\/\/usagers-transports.haut-allier.eu\/index.php\/wp-json\/wp\/v2\/posts\/712\/revisions"}],"wp:featuredmedia":[{"embeddable":true,"href":"https:\/\/usagers-transports.haut-allier.eu\/index.php\/wp-json\/wp\/v2\/media\/3071"}],"wp:attachment":[{"href":"https:\/\/usagers-transports.haut-allier.eu\/index.php\/wp-json\/wp\/v2\/media?parent=712"}],"wp:term":[{"taxonomy":"category","embeddable":true,"href":"https:\/\/usagers-transports.haut-allier.eu\/index.php\/wp-json\/wp\/v2\/categories?post=712"},{"taxonomy":"post_tag","embeddable":true,"href":"https:\/\/usagers-transports.haut-allier.eu\/index.php\/wp-json\/wp\/v2\/tags?post=712"}],"curies":[{"name":"wp","href":"https:\/\/api.w.org\/{rel}","templated":true}]}}