{"id":714,"date":"2020-12-02T08:10:54","date_gmt":"2020-12-02T07:10:54","guid":{"rendered":"http:\/\/5.45.101.177\/haut-allier\/usagers-transportse\/index.php\/2020\/12\/02\/oui-sncf-toujours-en-rade-comment714\/"},"modified":"2020-12-02T08:10:54","modified_gmt":"2020-12-02T07:10:54","slug":"oui-sncf-toujours-en-rade-comment714","status":"publish","type":"post","link":"https:\/\/usagers-transports.haut-allier.eu\/index.php\/2020\/12\/02\/oui-sncf-toujours-en-rade-comment714\/","title":{"rendered":"Oui.SNCF toujours en rade : comment r\u00e9server son billet sans guichets ni borne automatique en France ?"},"content":{"rendered":"<p>Depuis plusieurs jours et ce matin \u00e7a empire : plus de possibilit\u00e9s de prendre un billet normal sur les sites de r\u00e9servation et d&rsquo;achat de la SNCF !<br \/>\n&nbsp;<br \/>\nC&rsquo;est bien dommage car dans ces temps de guichets ferm\u00e9s en gare et d&rsquo;absence de distributeurs, et au vu de la situation routi\u00e8re enneig\u00e9e en Haute-Loire, ma destination, et du non d\u00e9neigement entrepris par le conseil g\u00e9n\u00e9ral de ce d\u00e9partement&#8230;<br \/>\n&nbsp;<br \/>\n<img loading=\"lazy\" decoding=\"async\" class=\" aligncenter size-full wp-image-3089\" src=\"http:\/\/5.45.101.177\/haut-allier\/usagers-transportse\/wp-content\/uploads\/2020\/12\/screenshot-www.inforoute43.fr-2020.12.02-07_12_53.jpg\" alt=\"screenshot-www.inforoute43.fr-2020.12.02-07_12_53.jpg\" align=\"center\" width=\"679\" height=\"529\" srcset=\"https:\/\/usagers-transports.haut-allier.eu\/wp-content\/uploads\/2020\/12\/screenshot-www.inforoute43.fr-2020.12.02-07_12_53.jpg 679w, https:\/\/usagers-transports.haut-allier.eu\/wp-content\/uploads\/2020\/12\/screenshot-www.inforoute43.fr-2020.12.02-07_12_53-300x234.jpg 300w\" sizes=\"auto, (max-width: 679px) 100vw, 679px\" \/><br \/>\n&nbsp;<br \/>\n&#8230;j&rsquo;ai choisi de faire le trajet Thiers (Puy de D\u00f4me) &#8211; Gorges de l&rsquo;Allier en train, lui qui, en th\u00e9orie, n&rsquo;a pas peur de 50 cm de poudreuse. On v\u00e9rifiera \u00e0 l&rsquo;usage, car tout le monde le sait nos trains sont tr\u00e8s fragiles, quelques feuilles d&rsquo;automne sur les rails en France peuvent depuis seulement quelques ann\u00e9es, occasionner la suppression d&rsquo;un train.<br \/>\n&nbsp;<br \/>\n<strong>Mais ce n&rsquo;est pas si simple : tous les sites disponibles sont soit en panne soit incomplets.<\/strong> Commen\u00e7ons par le site \u00ab\u00a0officiel\u00a0\u00bb du voyagiste SNCF Oui.sncf : hier soir mes essais avaient \u00e9t\u00e9 infructueux avec une banni\u00e8re rouge de rouge qui me demandait d&rsquo;attendre. Ce que j&rsquo;ai fait et ce matin en renouvellant ma demande :<br \/>\n&nbsp;<br \/>\n<img loading=\"lazy\" decoding=\"async\" class=\" aligncenter size-full wp-image-3090\" src=\"http:\/\/5.45.101.177\/haut-allier\/usagers-transportse\/wp-content\/uploads\/2020\/12\/screenshot-www.oui_.sncf-00.jpg\" alt=\"screenshot-www.oui.sncf-00.jpg\" align=\"center\" width=\"856\" height=\"463\" srcset=\"https:\/\/usagers-transports.haut-allier.eu\/wp-content\/uploads\/2020\/12\/screenshot-www.oui_.sncf-00.jpg 856w, https:\/\/usagers-transports.haut-allier.eu\/wp-content\/uploads\/2020\/12\/screenshot-www.oui_.sncf-00-300x162.jpg 300w, https:\/\/usagers-transports.haut-allier.eu\/wp-content\/uploads\/2020\/12\/screenshot-www.oui_.sncf-00-768x415.jpg 768w\" sizes=\"auto, (max-width: 856px) 100vw, 856px\" \/><br \/>\n&nbsp;<br \/>\nDe plus hier le site fonctionnait encore sur certains trajets comme Pont de Dore \/ Chapeauroux mais indiquait des r\u00e9sultats erron\u00e9s, ajoutait des arr\u00eats qui n&rsquo;ont jamais exist\u00e9&#8230; On croit r\u00eaver. L&rsquo;existence m\u00eame de Oui.sncf, cette entreprise de voyagiste nationale et publique, est un vrai scandale \u00e0 elle toute seule, une soci\u00e9t\u00e9 qui nous r\u00e9v\u00e8le mois apr\u00e8s mois, ann\u00e9e apr\u00e8s ann\u00e9e, son incapacit\u00e9 grandissante \u00e0 r\u00e9pondre aux besoins des voyageurs, vente de billets limit\u00e9s \u00e0 2 changements et pannes r\u00e9currentes quand la demande est forte \u00e0 l&rsquo;approche des f\u00eates.<br \/>\n&nbsp;<br \/>\nLaissons donc tomber Oui.sncf et partons sur les sites TER pour v\u00e9rifier que les trains circulent bien :<br \/>\n&nbsp;<br \/>\n<img loading=\"lazy\" decoding=\"async\" class=\" aligncenter size-full wp-image-3091\" src=\"http:\/\/5.45.101.177\/haut-allier\/usagers-transportse\/wp-content\/uploads\/2020\/12\/screenshot-www.ter_.sncf_.com-2020.12.02-06_40_58.jpg\" alt=\"screenshot-www.ter.sncf.com-2020.12.02-06_40_58.jpg\" align=\"center\" width=\"667\" height=\"564\" srcset=\"https:\/\/usagers-transports.haut-allier.eu\/wp-content\/uploads\/2020\/12\/screenshot-www.ter_.sncf_.com-2020.12.02-06_40_58.jpg 667w, https:\/\/usagers-transports.haut-allier.eu\/wp-content\/uploads\/2020\/12\/screenshot-www.ter_.sncf_.com-2020.12.02-06_40_58-300x254.jpg 300w\" sizes=\"auto, (max-width: 667px) 100vw, 667px\" \/><br \/>\n&nbsp;<br \/>\nTous les trains arrivent bien gare d&rsquo;Alleyras en quantit\u00e9 et heures normales. Parfait. Je me dirige maintenant toujours sur le m\u00eame site TER Auvergne vers la r\u00e9servation des billets en ligne. Les sites TER vendent des billets depuis quelques temps, mon trajet \u00e9tant r\u00e9alis\u00e9 uniquement sur des TER \u00e7a devrait fonctionner. Effectuons notre recherche :<br \/>\n&nbsp;<br \/>\n<img loading=\"lazy\" decoding=\"async\" class=\" aligncenter size-full wp-image-3092\" src=\"http:\/\/5.45.101.177\/haut-allier\/usagers-transportse\/wp-content\/uploads\/2020\/12\/screenshot-www.ter_.sncf_.com-2020.12.02-06_43_01.jpg\" alt=\"screenshot-www.ter.sncf.com-2020.12.02-06_43_01.jpg\" align=\"center\" width=\"958\" height=\"455\" srcset=\"https:\/\/usagers-transports.haut-allier.eu\/wp-content\/uploads\/2020\/12\/screenshot-www.ter_.sncf_.com-2020.12.02-06_43_01.jpg 958w, https:\/\/usagers-transports.haut-allier.eu\/wp-content\/uploads\/2020\/12\/screenshot-www.ter_.sncf_.com-2020.12.02-06_43_01-300x142.jpg 300w, https:\/\/usagers-transports.haut-allier.eu\/wp-content\/uploads\/2020\/12\/screenshot-www.ter_.sncf_.com-2020.12.02-06_43_01-768x365.jpg 768w\" sizes=\"auto, (max-width: 958px) 100vw, 958px\" \/><br \/>\n&nbsp;<br \/>\nPlusieurs solutions me sont pr\u00e9sent\u00e9es. J&rsquo;en choisi une qui m&rsquo;int\u00e9resse d\u00e9part 12h00 et arriv\u00e9e 14h59. R\u00e9sultat :<br \/>\n&nbsp;<br \/>\n<img loading=\"lazy\" decoding=\"async\" class=\" aligncenter size-full wp-image-3093\" src=\"http:\/\/5.45.101.177\/haut-allier\/usagers-transportse\/wp-content\/uploads\/2020\/12\/screenshot-www.ter_.sncf_.com-2020.12.02-06_43_55.jpg\" alt=\"screenshot-www.ter.sncf.com-2020.12.02-06_43_55.jpg\" align=\"center\" width=\"715\" height=\"550\" srcset=\"https:\/\/usagers-transports.haut-allier.eu\/wp-content\/uploads\/2020\/12\/screenshot-www.ter_.sncf_.com-2020.12.02-06_43_55.jpg 715w, https:\/\/usagers-transports.haut-allier.eu\/wp-content\/uploads\/2020\/12\/screenshot-www.ter_.sncf_.com-2020.12.02-06_43_55-300x231.jpg 300w\" sizes=\"auto, (max-width: 715px) 100vw, 715px\" \/><br \/>\n&nbsp;<br \/>\nImpossible. Pourquoi ? Myst\u00e8re. On me dit d&rsquo;aller voir sur SNCF.COM. J&rsquo;y cours :<br \/>\n&nbsp;<br \/>\n<img loading=\"lazy\" decoding=\"async\" class=\" aligncenter size-full wp-image-3094\" src=\"http:\/\/5.45.101.177\/haut-allier\/usagers-transportse\/wp-content\/uploads\/2020\/12\/screenshot-www.sncf_.com-2020.12.02-06_45_35.jpg\" alt=\"screenshot-www.sncf.com-2020.12.02-06_45_35.jpg\" align=\"center\" width=\"1087\" height=\"574\" srcset=\"https:\/\/usagers-transports.haut-allier.eu\/wp-content\/uploads\/2020\/12\/screenshot-www.sncf_.com-2020.12.02-06_45_35.jpg 1087w, https:\/\/usagers-transports.haut-allier.eu\/wp-content\/uploads\/2020\/12\/screenshot-www.sncf_.com-2020.12.02-06_45_35-300x158.jpg 300w, https:\/\/usagers-transports.haut-allier.eu\/wp-content\/uploads\/2020\/12\/screenshot-www.sncf_.com-2020.12.02-06_45_35-1024x541.jpg 1024w, https:\/\/usagers-transports.haut-allier.eu\/wp-content\/uploads\/2020\/12\/screenshot-www.sncf_.com-2020.12.02-06_45_35-768x406.jpg 768w\" sizes=\"auto, (max-width: 1087px) 100vw, 1087px\" \/><br \/>\n&nbsp;<br \/>\nLes solutions sont l\u00e0 mais aucune possibilit\u00e9 d&rsquo;acheter le billet&#8230; ce site ne sert \u00e0 rien.<br \/>\n&nbsp;<br \/>\n<img loading=\"lazy\" decoding=\"async\" class=\" aligncenter size-full wp-image-3095\" src=\"http:\/\/5.45.101.177\/haut-allier\/usagers-transportse\/wp-content\/uploads\/2020\/12\/screenshot-www.sncf_.com-2020.12.02-06_47_23.jpg\" alt=\"screenshot-www.sncf.com-2020.12.02-06_47_23.jpg\" align=\"center\" width=\"934\" height=\"549\" srcset=\"https:\/\/usagers-transports.haut-allier.eu\/wp-content\/uploads\/2020\/12\/screenshot-www.sncf_.com-2020.12.02-06_47_23.jpg 934w, https:\/\/usagers-transports.haut-allier.eu\/wp-content\/uploads\/2020\/12\/screenshot-www.sncf_.com-2020.12.02-06_47_23-300x176.jpg 300w, https:\/\/usagers-transports.haut-allier.eu\/wp-content\/uploads\/2020\/12\/screenshot-www.sncf_.com-2020.12.02-06_47_23-768x451.jpg 768w\" sizes=\"auto, (max-width: 934px) 100vw, 934px\" \/><br \/>\n&nbsp;<br \/>\nImpossible donc aujourd&rsquo;hui d&rsquo;acheter son billet sur les sites de la SNCF et soci\u00e9t\u00e9s associ\u00e9es. Je cherche s&rsquo;il existe des alternatives \u00e0 ces sites. On me parle de <a href=\"https:\/\/trainline.fr\"><strong>Trainline.fr<\/strong><\/a> . Super, un site qui semble ind\u00e9pendant de la soci\u00e9t\u00e9 dite ferroviaire ! Je cherche mon trajet :<br \/>\n&nbsp;<br \/>\n<img loading=\"lazy\" decoding=\"async\" class=\" aligncenter size-full wp-image-3096\" src=\"http:\/\/5.45.101.177\/haut-allier\/usagers-transportse\/wp-content\/uploads\/2020\/12\/screenshot-www.thetrainline.com-2020.12.02-06_49_20.jpg\" alt=\"screenshot-www.thetrainline.com-2020.12.02-06_49_20.jpg\" align=\"center\" width=\"869\" height=\"529\" srcset=\"https:\/\/usagers-transports.haut-allier.eu\/wp-content\/uploads\/2020\/12\/screenshot-www.thetrainline.com-2020.12.02-06_49_20.jpg 869w, https:\/\/usagers-transports.haut-allier.eu\/wp-content\/uploads\/2020\/12\/screenshot-www.thetrainline.com-2020.12.02-06_49_20-300x183.jpg 300w, https:\/\/usagers-transports.haut-allier.eu\/wp-content\/uploads\/2020\/12\/screenshot-www.thetrainline.com-2020.12.02-06_49_20-768x468.jpg 768w\" sizes=\"auto, (max-width: 869px) 100vw, 869px\" \/><br \/>\n&nbsp;<br \/>\nOn me pr\u00e9sente deux solutions, mais pas celle que je veux, d\u00e9part 12h00 arriv\u00e9e 14h58 qui ne semble pas exister&#8230;<br \/>\n&nbsp;<br \/>\n<img loading=\"lazy\" decoding=\"async\" class=\" aligncenter size-full wp-image-3097\" src=\"http:\/\/5.45.101.177\/haut-allier\/usagers-transportse\/wp-content\/uploads\/2020\/12\/screenshot-www.thetrainline.com-2020.12.02-06_50_19.jpg\" alt=\"screenshot-www.thetrainline.com-2020.12.02-06_50_19.jpg\" align=\"center\" width=\"594\" height=\"524\" srcset=\"https:\/\/usagers-transports.haut-allier.eu\/wp-content\/uploads\/2020\/12\/screenshot-www.thetrainline.com-2020.12.02-06_50_19.jpg 594w, https:\/\/usagers-transports.haut-allier.eu\/wp-content\/uploads\/2020\/12\/screenshot-www.thetrainline.com-2020.12.02-06_50_19-300x265.jpg 300w\" sizes=\"auto, (max-width: 594px) 100vw, 594px\" \/><br \/>\n&nbsp;<br \/>\nJe pourrais choisir n\u00e9anmoins un trajet bien plus long mais qui existe et l\u00e0 pas de probl\u00e8me, j&rsquo;obtiendrai mon billet en PDF et de plus je pourrai r\u00e9gler avec mon compte Paypal. Formidable sauf que ce n&rsquo;est pas le trajet que je voulais.<br \/>\n&nbsp;<br \/>\n<img loading=\"lazy\" decoding=\"async\" class=\" aligncenter size-full wp-image-3098\" src=\"http:\/\/5.45.101.177\/haut-allier\/usagers-transportse\/wp-content\/uploads\/2020\/12\/screenshot-www.thetrainline.com-2020.12.02-06_57_19.jpg\" alt=\"screenshot-www.thetrainline.com-2020.12.02-06_57_19.jpg\" align=\"center\" width=\"1117\" height=\"541\" srcset=\"https:\/\/usagers-transports.haut-allier.eu\/wp-content\/uploads\/2020\/12\/screenshot-www.thetrainline.com-2020.12.02-06_57_19.jpg 1117w, https:\/\/usagers-transports.haut-allier.eu\/wp-content\/uploads\/2020\/12\/screenshot-www.thetrainline.com-2020.12.02-06_57_19-300x145.jpg 300w, https:\/\/usagers-transports.haut-allier.eu\/wp-content\/uploads\/2020\/12\/screenshot-www.thetrainline.com-2020.12.02-06_57_19-1024x496.jpg 1024w, https:\/\/usagers-transports.haut-allier.eu\/wp-content\/uploads\/2020\/12\/screenshot-www.thetrainline.com-2020.12.02-06_57_19-768x372.jpg 768w\" sizes=\"auto, (max-width: 1117px) 100vw, 1117px\" \/><br \/>\n&nbsp;<br \/>\nJe vais donc en \u00eatre r\u00e9duit :<br \/>\n&#8211; \u00e0 acheter un billet Pont de Dore &#8211; Clermont Ferrand sur Trainline.fr<br \/>\n&#8211; \u00e0 acheter la suite Clermont Alleyras sur les bornes de la gare de Clermont Fd ou au guichet s&rsquo;il est ouvert.<br \/>\n&nbsp;<br \/>\n<strong>Un petit casse-t\u00eate, et un surco\u00fbt, auxquels les voyageurs en train sont certainement habitu\u00e9s ici au vu des performances lamentables de la SNCF. Merci \u00e0 elle. Une nouvelle fois.<\/strong><br \/>\n&nbsp;<\/p>\n","protected":false},"excerpt":{"rendered":"<p>Depuis plusieurs jours et ce matin \u00e7a empire : plus de possibilit\u00e9s de prendre un billet normal sur<\/p>\n","protected":false},"author":1,"featured_media":3088,"comment_status":"open","ping_status":"open","sticky":false,"template":"","format":"standard","meta":{"footnotes":""},"categories":[2],"tags":[],"class_list":["post-714","post","type-post","status-publish","format-standard","has-post-thumbnail","hentry","category-infos"],"_links":{"self":[{"href":"https:\/\/usagers-transports.haut-allier.eu\/index.php\/wp-json\/wp\/v2\/posts\/714","targetHints":{"allow":["GET"]}}],"collection":[{"href":"https:\/\/usagers-transports.haut-allier.eu\/index.php\/wp-json\/wp\/v2\/posts"}],"about":[{"href":"https:\/\/usagers-transports.haut-allier.eu\/index.php\/wp-json\/wp\/v2\/types\/post"}],"author":[{"embeddable":true,"href":"https:\/\/usagers-transports.haut-allier.eu\/index.php\/wp-json\/wp\/v2\/users\/1"}],"replies":[{"embeddable":true,"href":"https:\/\/usagers-transports.haut-allier.eu\/index.php\/wp-json\/wp\/v2\/comments?post=714"}],"version-history":[{"count":0,"href":"https:\/\/usagers-transports.haut-allier.eu\/index.php\/wp-json\/wp\/v2\/posts\/714\/revisions"}],"wp:featuredmedia":[{"embeddable":true,"href":"https:\/\/usagers-transports.haut-allier.eu\/index.php\/wp-json\/wp\/v2\/media\/3088"}],"wp:attachment":[{"href":"https:\/\/usagers-transports.haut-allier.eu\/index.php\/wp-json\/wp\/v2\/media?parent=714"}],"wp:term":[{"taxonomy":"category","embeddable":true,"href":"https:\/\/usagers-transports.haut-allier.eu\/index.php\/wp-json\/wp\/v2\/categories?post=714"},{"taxonomy":"post_tag","embeddable":true,"href":"https:\/\/usagers-transports.haut-allier.eu\/index.php\/wp-json\/wp\/v2\/tags?post=714"}],"curies":[{"name":"wp","href":"https:\/\/api.w.org\/{rel}","templated":true}]}}