{"id":717,"date":"2020-12-08T14:30:11","date_gmt":"2020-12-08T13:30:11","guid":{"rendered":"http:\/\/5.45.101.177\/haut-allier\/usagers-transportse\/index.php\/2020\/12\/08\/retour-des-trains-de-nuit-en717\/"},"modified":"2020-12-08T14:30:11","modified_gmt":"2020-12-08T13:30:11","slug":"retour-des-trains-de-nuit-en717","status":"publish","type":"post","link":"https:\/\/usagers-transports.haut-allier.eu\/index.php\/2020\/12\/08\/retour-des-trains-de-nuit-en717\/","title":{"rendered":"Retour des trains de nuit en Europe : apr\u00e8s les annonces conjointes de 4 pays \u00e0 quand ceux desservant le Massif central ?"},"content":{"rendered":"<p>Suite \u00e0 la conf\u00e9rence de presse de ce jour par 4 gouvernements d&rsquo;Europe, si le Collectif des Usagers des transports du Haut Allier et le Collectif Oui Au Train de Nuit C\u00e9vennes Auvergne se f\u00e9licitent de ces d\u00e9clarations tr\u00e8s b\u00e9n\u00e9fiques pour l&rsquo;environnement et des voyages plus sereins, ils demandent avec les groupes de d\u00e9fense d&rsquo;usagers ind\u00e9pendants en C\u00e9vennes et Auvergne le r\u00e9tablissement et la cr\u00e9ation des liaisons en trains nocturnes moins longs, notamment ceux qui desservaient le massif central vers le nord et le sud, mais aussi une ou plusieurs lignes transversales est ouest.<br \/>\n&nbsp;<br \/>\n<em>La d\u00e9claration, extr\u00eamement courte de Marc Papinutti, directeur g\u00e9n\u00e9ral de la DGITM (Direction G\u00e9n\u00e9rale des Infrastructures, des Transports et de la Mer)<\/em><br \/>\n<img loading=\"lazy\" decoding=\"async\" class=\" aligncenter size-full wp-image-3105\" src=\"http:\/\/5.45.101.177\/haut-allier\/usagers-transportse\/wp-content\/uploads\/2020\/12\/screenshot-crn.interpret.world-2020.12.08-13_41_34.jpg\" alt=\"screenshot-crn.interpret.world-2020.12.08-13_41_34.jpg\" align=\"center\" width=\"1003\" height=\"632\" srcset=\"https:\/\/usagers-transports.haut-allier.eu\/wp-content\/uploads\/2020\/12\/screenshot-crn.interpret.world-2020.12.08-13_41_34.jpg 1003w, https:\/\/usagers-transports.haut-allier.eu\/wp-content\/uploads\/2020\/12\/screenshot-crn.interpret.world-2020.12.08-13_41_34-300x189.jpg 300w, https:\/\/usagers-transports.haut-allier.eu\/wp-content\/uploads\/2020\/12\/screenshot-crn.interpret.world-2020.12.08-13_41_34-768x484.jpg 768w\" sizes=\"auto, (max-width: 1003px) 100vw, 1003px\" \/><br \/>\n&nbsp;<br \/>\nD\u00e9claration que l&rsquo;on peut \u00e9couter ici :<br \/>\n&nbsp;<br \/>\n<a href=\"http:\/\/5.45.101.177\/haut-allier\/usagers-transportse\/wp-content\/uploads\/2020\/12\/conf-traindenuits-08-12-2020-int-papinutti.mp3\">conf-traindenuits-08-12-2020-int-papinutti.mp3<\/a><br \/>\n&nbsp;<br \/>\n<em>Les repr\u00e9sentants de l&rsquo;Allemagne, de l&rsquo;Autriche et de la Suisse.<\/em><br \/>\n<img loading=\"lazy\" decoding=\"async\" class=\" aligncenter size-full wp-image-3107\" src=\"http:\/\/5.45.101.177\/haut-allier\/usagers-transportse\/wp-content\/uploads\/2020\/12\/screenshot-crn.interpret.world-2020.12.08-13_44_08.jpg\" alt=\"screenshot-crn.interpret.world-2020.12.08-13_44_08.jpg\" align=\"center\" width=\"1042\" height=\"641\" srcset=\"https:\/\/usagers-transports.haut-allier.eu\/wp-content\/uploads\/2020\/12\/screenshot-crn.interpret.world-2020.12.08-13_44_08.jpg 1042w, https:\/\/usagers-transports.haut-allier.eu\/wp-content\/uploads\/2020\/12\/screenshot-crn.interpret.world-2020.12.08-13_44_08-300x185.jpg 300w, https:\/\/usagers-transports.haut-allier.eu\/wp-content\/uploads\/2020\/12\/screenshot-crn.interpret.world-2020.12.08-13_44_08-1024x630.jpg 1024w, https:\/\/usagers-transports.haut-allier.eu\/wp-content\/uploads\/2020\/12\/screenshot-crn.interpret.world-2020.12.08-13_44_08-768x472.jpg 768w\" sizes=\"auto, (max-width: 1042px) 100vw, 1042px\" \/><br \/>\n<img loading=\"lazy\" decoding=\"async\" class=\" aligncenter size-full wp-image-3108\" src=\"http:\/\/5.45.101.177\/haut-allier\/usagers-transportse\/wp-content\/uploads\/2020\/12\/screenshot-crn.interpret.world-2020.12.08-13_39_28.jpg\" alt=\"screenshot-crn.interpret.world-2020.12.08-13_39_28.jpg\" align=\"center\" width=\"1052\" height=\"619\" srcset=\"https:\/\/usagers-transports.haut-allier.eu\/wp-content\/uploads\/2020\/12\/screenshot-crn.interpret.world-2020.12.08-13_39_28.jpg 1052w, https:\/\/usagers-transports.haut-allier.eu\/wp-content\/uploads\/2020\/12\/screenshot-crn.interpret.world-2020.12.08-13_39_28-300x177.jpg 300w, https:\/\/usagers-transports.haut-allier.eu\/wp-content\/uploads\/2020\/12\/screenshot-crn.interpret.world-2020.12.08-13_39_28-1024x603.jpg 1024w, https:\/\/usagers-transports.haut-allier.eu\/wp-content\/uploads\/2020\/12\/screenshot-crn.interpret.world-2020.12.08-13_39_28-768x452.jpg 768w\" sizes=\"auto, (max-width: 1052px) 100vw, 1052px\" \/><br \/>\n<img loading=\"lazy\" decoding=\"async\" class=\" aligncenter size-full wp-image-3109\" src=\"http:\/\/5.45.101.177\/haut-allier\/usagers-transportse\/wp-content\/uploads\/2020\/12\/screenshot-crn.interpret.world-2020.12.08-13_34_51.jpg\" alt=\"screenshot-crn.interpret.world-2020.12.08-13_34_51.jpg\" align=\"center\" width=\"981\" height=\"548\" srcset=\"https:\/\/usagers-transports.haut-allier.eu\/wp-content\/uploads\/2020\/12\/screenshot-crn.interpret.world-2020.12.08-13_34_51.jpg 981w, https:\/\/usagers-transports.haut-allier.eu\/wp-content\/uploads\/2020\/12\/screenshot-crn.interpret.world-2020.12.08-13_34_51-300x168.jpg 300w, https:\/\/usagers-transports.haut-allier.eu\/wp-content\/uploads\/2020\/12\/screenshot-crn.interpret.world-2020.12.08-13_34_51-768x429.jpg 768w\" sizes=\"auto, (max-width: 981px) 100vw, 981px\" \/><br \/>\n<img loading=\"lazy\" decoding=\"async\" class=\" aligncenter size-full wp-image-3110\" src=\"http:\/\/5.45.101.177\/haut-allier\/usagers-transportse\/wp-content\/uploads\/2020\/12\/screenshot-crn.interpret.world-2020.12.08-13_10_28.jpg\" alt=\"screenshot-crn.interpret.world-2020.12.08-13_10_28.jpg\" align=\"center\" width=\"998\" height=\"546\" srcset=\"https:\/\/usagers-transports.haut-allier.eu\/wp-content\/uploads\/2020\/12\/screenshot-crn.interpret.world-2020.12.08-13_10_28.jpg 998w, https:\/\/usagers-transports.haut-allier.eu\/wp-content\/uploads\/2020\/12\/screenshot-crn.interpret.world-2020.12.08-13_10_28-300x164.jpg 300w, https:\/\/usagers-transports.haut-allier.eu\/wp-content\/uploads\/2020\/12\/screenshot-crn.interpret.world-2020.12.08-13_10_28-768x420.jpg 768w\" sizes=\"auto, (max-width: 998px) 100vw, 998px\" \/><br \/>\n&nbsp;<br \/>\nInitiative de la Deutsche Bahn, les op\u00e9rateurs nationaux allemands, autrichiens, suisses et fran\u00e7ais viennent donc d&rsquo;annoncer un plan, objectif 2026, pour le retour des grands trains internationaux de nuit et de jour en r\u00e9f\u00e9rence aux mythiques <em>Trans Europ Express<\/em> d&rsquo;antan. Ce plan propos\u00e9 par les allemands s&rsquo;appelle d&rsquo;ailleurs \u00ab\u00a0TEE 2.0\u00a0\u00bb.<br \/>\n&nbsp;<br \/>\nComme l\u2019ont indiqu\u00e9 les porte-paroles des minist\u00e8res des transports pr\u00e9sents \u00e0 la conf\u00e9rence de presse, l&rsquo;objectif est de rendre l&rsquo;Europe encore plus respectueuse du climat et de l&rsquo;environnement gr\u00e2ce \u00e0 un transport ferroviaire attrayant et continu sur de longues distances.<br \/>\n&nbsp;<br \/>\nD&rsquo;ici 2025, de nouvelles lignes de nuit devraient relier Paris \u00e0 Berlin et Varsovie, Amsterdam \u00e0 G\u00eanes, Francfort \u00e0 Barcelone.<br \/>\n&nbsp;<br \/>\n<em>La proposition allemande pour le r\u00e9seau Euronight TEE 2.0<\/em><br \/>\n&nbsp;<br \/>\n<img loading=\"lazy\" decoding=\"async\" class=\" aligncenter size-full wp-image-3111\" src=\"http:\/\/5.45.101.177\/haut-allier\/usagers-transportse\/wp-content\/uploads\/2020\/12\/cartetee20.jpg\" alt=\"cartetee20.jpg\" align=\"center\" width=\"740\" height=\"682\" srcset=\"https:\/\/usagers-transports.haut-allier.eu\/wp-content\/uploads\/2020\/12\/cartetee20.jpg 740w, https:\/\/usagers-transports.haut-allier.eu\/wp-content\/uploads\/2020\/12\/cartetee20-300x276.jpg 300w\" sizes=\"auto, (max-width: 740px) 100vw, 740px\" \/><br \/>\n&nbsp;<br \/>\nPour le collectif \u00ab\u00a0Oui au train de nuit\u00a0\u00bb (dont la p\u00e9tition a recueilli pr\u00e8s de 200 000 signatures) et le mouvement europ\u00e9en \u00ab\u00a0Back-on-Track\u00a0\u00bb (\u00ab\u00a0retour au train\u00a0\u00bb), c&rsquo;est une belle victoire, qui marque le d\u00e9but d&rsquo;une renaissance des trains de nuit en Europe. Mais la relance ne doit pas s&rsquo;arr\u00eater \u00e0 ces 4 pays moteurs : l&rsquo;Europe doit s&rsquo;engager pour \u00e9tendre le r\u00e9seau notamment vers l\u2019Espagne et le Portugal et am\u00e9nager des lignes de trains de nuit inter r\u00e9gionales, en g\u00e9n\u00e9ral plus courtes.<br \/>\n&nbsp;<br \/>\n<strong>Et le Massif central ?<\/strong><br \/>\n&nbsp;<br \/>\nPour ce dernier volet nous avons besoin de la mobilisation des r\u00e9gions et de l\u2019\u00e9tat afin de lancer un plan de financement de 1,5 milliards d\u2019euros pour acheter 600 voitures neuves et constituer un v\u00e9ritable r\u00e9seau. Il s\u2019agit de proposer des lignes nationales et internationales pas uniquement centr\u00e9es sur Paris, lignes qui seront \u00e0 m\u00eame de desservir efficacement les r\u00e9gions dont le Massif central tel que <a href=\"https:\/\/usagers-transports.haut-allier.eu\/?retour-du-train-de-nuit-nimes,700\"><strong>l&rsquo;appellent fortement de leurs voeux<\/strong><\/a> \u00e9lus et conseils municipaux.<br \/>\n&nbsp;<br \/>\n<strong>Mais l&rsquo;\u00e9tat de l&rsquo;infrastructure ferroviaire des 2 lignes structurantes B\u00e9ziers Neussargues et N\u00eemes Clermont-Ferrand n&rsquo;est actuellement pas suffisamment bon pour accueillir un service de trains de nuit : les voies doivent \u00eatre r\u00e9g\u00e9n\u00e9r\u00e9es. Et ce d&rsquo;ici 2025. C&rsquo;est pourquoi groupes d&rsquo;usagers et \u00e9lus r\u00e9clament d\u00e9sormais \u00e0 SNCF R\u00e9seau et l&rsquo;\u00e9tat une modernisation des voies incluant le changement complet des rails traverses et ballast. Seule garantie pour offrir un service normal aux voyageurs, d\u00e9pourvu de coupures de service de plusieurs mois par an et de ralentissements.<\/strong><br \/>\n&nbsp;<br \/>\n\u00ab\u00a0Oui au train de nuit\u00a0\u00bb interpelle aussi les \u00e9lus ainsi que les candidats aux r\u00e9gionales pour qu\u2019ils se positionnent en faveur de cette solution de mobilit\u00e9 qui est pratique,  \u00e9cologique et \u00e9conomiquement viable.<br \/>\n&nbsp;<br \/>\nUn questionnaire leur est soumis sur https:\/\/ouiautraindenuit.wordpress.com\/. Leurs r\u00e9ponses pourront \u00eatre consult\u00e9es par les \u00e9lecteurs (en 2020, plus de 200 candidats aux municipales s\u2019\u00e9taient prononc\u00e9s en faveur du retour des trains de nuit).<br \/>\n&nbsp;<\/p>\n","protected":false},"excerpt":{"rendered":"<p>Suite \u00e0 la conf\u00e9rence de presse de ce jour par 4 gouvernements d&rsquo;Europe, si le Collectif des Usagers<\/p>\n","protected":false},"author":1,"featured_media":3104,"comment_status":"open","ping_status":"open","sticky":false,"template":"","format":"standard","meta":{"footnotes":""},"categories":[8],"tags":[],"class_list":["post-717","post","type-post","status-publish","format-standard","has-post-thumbnail","hentry","category-communiques"],"_links":{"self":[{"href":"https:\/\/usagers-transports.haut-allier.eu\/index.php\/wp-json\/wp\/v2\/posts\/717","targetHints":{"allow":["GET"]}}],"collection":[{"href":"https:\/\/usagers-transports.haut-allier.eu\/index.php\/wp-json\/wp\/v2\/posts"}],"about":[{"href":"https:\/\/usagers-transports.haut-allier.eu\/index.php\/wp-json\/wp\/v2\/types\/post"}],"author":[{"embeddable":true,"href":"https:\/\/usagers-transports.haut-allier.eu\/index.php\/wp-json\/wp\/v2\/users\/1"}],"replies":[{"embeddable":true,"href":"https:\/\/usagers-transports.haut-allier.eu\/index.php\/wp-json\/wp\/v2\/comments?post=717"}],"version-history":[{"count":0,"href":"https:\/\/usagers-transports.haut-allier.eu\/index.php\/wp-json\/wp\/v2\/posts\/717\/revisions"}],"wp:featuredmedia":[{"embeddable":true,"href":"https:\/\/usagers-transports.haut-allier.eu\/index.php\/wp-json\/wp\/v2\/media\/3104"}],"wp:attachment":[{"href":"https:\/\/usagers-transports.haut-allier.eu\/index.php\/wp-json\/wp\/v2\/media?parent=717"}],"wp:term":[{"taxonomy":"category","embeddable":true,"href":"https:\/\/usagers-transports.haut-allier.eu\/index.php\/wp-json\/wp\/v2\/categories?post=717"},{"taxonomy":"post_tag","embeddable":true,"href":"https:\/\/usagers-transports.haut-allier.eu\/index.php\/wp-json\/wp\/v2\/tags?post=717"}],"curies":[{"name":"wp","href":"https:\/\/api.w.org\/{rel}","templated":true}]}}