{"id":719,"date":"2020-12-21T11:53:46","date_gmt":"2020-12-21T10:53:46","guid":{"rendered":"http:\/\/5.45.101.177\/haut-allier\/usagers-transportse\/index.php\/2020\/12\/21\/les-usagers-de-la-ligne-du-train719\/"},"modified":"2020-12-21T11:53:46","modified_gmt":"2020-12-21T10:53:46","slug":"les-usagers-de-la-ligne-du-train719","status":"publish","type":"post","link":"https:\/\/usagers-transports.haut-allier.eu\/index.php\/2020\/12\/21\/les-usagers-de-la-ligne-du-train719\/","title":{"rendered":"Les usagers de la ligne du train C\u00e9venol veulent la r\u00e9g\u00e9n\u00e9ration compl\u00e8te des voies [MAJ]"},"content":{"rendered":"<p>Les 4 groupes d&rsquo;usagers ind\u00e9pendants qui d\u00e9fendent les voyageurs utilisant l&rsquo;axe ferroviaire N\u00eemes Clermont-Ferrand viennent d&rsquo;\u00e9crire au Pr\u00e9sident du groupe SNCF pour exprimer leur ras le bol des coupures de circulations de plusieurs mois chaque ann\u00e9e maintenant depuis plus de dix ans.<br \/>\n&nbsp;<br \/>\nDans la missive envoy\u00e9e ils fustigent \u00ab\u00a0les rafistolages successifs\u00a0\u00bb qui n&rsquo;am\u00e9liorent en rien les vitesses et la dur\u00e9e des trajets puisque les limitations ne sont pas enlev\u00e9es pour autant.<br \/>\n&nbsp;<br \/>\n[fond noir][blanc]<strong>Des \u00ab\u00a0bricolages\u00a0\u00bb extr\u00eamement co\u00fbteux<\/strong>[\/blanc][\/fond noir]<br \/>\n&nbsp;<br \/>\nPlus de dix ans de p\u00e9tassages comme on dit dans le midi, trois traverses par ci, un bout de tunnel ou quelques joints dans un mur par l\u00e0, et ce tous les ans durant deux ou trois mois, ont eu le don d&rsquo;\u00e9mousser la patience des voyageurs, oblig\u00e9s de patienter durant ces op\u00e9rations. De patienter tr\u00e8s longtemps.<br \/>\n&nbsp;<br \/>\nNe vaut-il pas mieux, comme cela se pratique ailleurs tous les 50 ans, changer purement et simplement la voie, rails, traverses et ballast ? Notre ligne n&rsquo;a b\u00e9n\u00e9fici\u00e9 d&rsquo;aucune r\u00e9g\u00e9n\u00e9ration compl\u00e8te depuis sa cr\u00e9ation il y a 150 ans ! Nous sommes convaincus que le co\u00fbt en temps d&rsquo;indisponibilit\u00e9 et en budget en sera bien inf\u00e9rieur. Et cet argent c&rsquo;est celui de nos imp\u00f4ts et celui des collectivit\u00e9s r\u00e9gionales. De l\u00e0 \u00e0 accuser la SNCF de mauvaise gestion des budgets qui lui sont allou\u00e9s, des participations qu&rsquo;elle exige car elle ne veut pas d\u00e9velopper cet axe, il n&rsquo;y a qu&rsquo;un pas que nous serons tent\u00e9s de franchir.<br \/>\n&nbsp;<br \/>\n[fond noir][blanc]<strong>En 2021 apr\u00e8s 13 semaines de coupure la ligne ne nous sera rendue que d\u00e9but juillet !<\/strong>[\/blanc][\/fond noir]<br \/>\n&nbsp;<br \/>\nEn pleine p\u00e9riode estivale, apr\u00e8s une longue absence au printemps, la saison pr\u00e9f\u00e9r\u00e9e des randonneurs. C&rsquo;est aussi l&rsquo;ann\u00e9e de la c\u00e9l\u00e9bration des 150 ans de la ligne, et vous croyez que SNCF fera un effort sp\u00e9cial et effectuera les travaux de nuit ? Bien s\u00fbr que non. Au contraire, la date des remises en circulation sera pour la deuxi\u00e8me fois  repouss\u00e9e au 2 juillet.<br \/>\n&nbsp;<br \/>\n[fond noir][blanc]<strong>Les usagers et les territoires travers\u00e9s n&rsquo;en peuvent plus<\/strong>[\/blanc][\/fond noir]<br \/>\n&nbsp;<br \/>\nAvec un quart de l&rsquo;ann\u00e9e sans trains impossible de planifier efficacement des d\u00e9placements. Nous ne parlons bien s\u00fbr pas des al\u00e9as comme les suppressions de trains de derni\u00e8re heure qui sont de plus en plus nombreuses. L&rsquo;ensemble des groupes d&rsquo;usagers de la ligne, associations, comit\u00e9s et collectifs viennent d&rsquo;exprimer leur sentiment aupr\u00e8s du nouveau PDG de la SNCF tout en mobilisant les \u00e9lus.<br \/>\n&nbsp;<\/p>\n<p>[(<br \/>\n<em><br \/>\n<strong>Collectif des Usagers des transports du Haut-Allier<\/strong> \/ 43580 Alleyras<br \/>\n<strong>Comit\u00e9 de d\u00e9fense des Services publics et des Usagers dans les Hautes C\u00e9vennes<\/strong> \/ 30450 G\u00e9nolhac<br \/>\n<strong>Collectif Citoyen de d\u00e9fense de la Gare de Villefort <\/strong> \/ 48800 Villefort<br \/>\n<strong>Association des Usagers de la SNCF du Gard et des d\u00e9partements limitrophes<\/strong> \/ 30190 Saint Geni\u00e8s de Malgoires<\/em><br \/>\n&nbsp;<br \/>\n<em>\u00e0<br \/>\n&nbsp;<br \/>\nMr le Pr\u00e9sident Directeur G\u00e9n\u00e9ral de la SNCF<br \/>\n<strong>Jean-Pierre FARANDOU<\/strong><br \/>\nGroupe SNCF<br \/>\n2 Place aux Etoiles<br \/>\n93212 La Plaine St Denis C\u00e9dex<br \/>\n&nbsp;<br \/>\n<strong>Objet : Coupures de service \u00e0 r\u00e9p\u00e9tition sur la ligne du train C\u00e9venol N\u00eemes &#8211; Clermont Ferrand<\/strong><br \/>\n&nbsp;<br \/>\nLe 21 d\u00e9cembre 2020.<br \/>\n&nbsp;<br \/>\nMonsieur le Pr\u00e9sident.<br \/>\n&nbsp;<br \/>\nVoici plus de dix ans maintenant que chaque ann\u00e9e SNCF coupe le service d\u00fb aux usagers pendant un, deux et maintenant trois mois sous le pr\u00e9texte de travaux, qui plus est n\u2019offrant aucune am\u00e9lioration sur les temps de parcours.<br \/>\n&nbsp;<br \/>\nL\u2019an prochain 2021, pour les 150 ans de la ligne, c\u2019est notre f\u00eate avec trois mois d\u2019interruption jusqu\u2019\u00e0 d\u00e9but juillet, en pleine p\u00e9riode estivale et touristique.<br \/>\n&nbsp;<br \/>\nLes territoires, les habitants, les \u00e9tudiants, les commer\u00e7ants et artisans, les \u00e9lus concern\u00e9s par la ligne N\u00eemes Clermont-Ferrand n\u2019en peuvent plus !<br \/>\n&nbsp;<br \/>\nAlors que par le pass\u00e9 les travaux de maintenance se sont toujours effectu\u00e9s en dehors des heures de circulations, nous constatons qu\u2019aucune consid\u00e9ration n\u2019est port\u00e9e aux voyageurs de votre part. Une preuve suppl\u00e9mentaire en est la suppression r\u00e9cente des TAD, taxis \u00e0 la demande, pour les gares ne b\u00e9n\u00e9ficiant pas des arr\u00eats des bus de substitution.<br \/>\n&nbsp;<br \/>\nCette fa\u00e7on de proc\u00e9der par rafistolages successifs est insupportable. Tr\u00e8s patients, nous exigeons tous d\u00e9sormais la r\u00e9g\u00e9n\u00e9ration totale de la ligne, ballast traverses et voie, au moins dans ses portions d\u00e9laiss\u00e9es comme Langeac \u2013 Langogne, avec le r\u00e9tablissement des vitesses pour lesquelles la ligne a \u00e9t\u00e9 con\u00e7ue. Elle seule peut garantir un service digne avec des temps de parcours normaux et le d\u00e9veloppement de la ligne que nous attendons tous, comportant le retour de notre train de nuit (souhait\u00e9 et vot\u00e9 par 13 communes \u2013 gares) ainsi qu\u2019un meilleur cadencement de jour.<br \/>\n&nbsp;<br \/>\n<strong>Pouvez vous Monsieur le Pr\u00e9sident nous indiquer quelles sont les mesures que vous comptez prendre pour le r\u00e9tablissement d\u2019un fonctionnement normal de la ligne des C\u00e9vennes ?<\/strong><br \/>\n&nbsp;<br \/>\nNous aimerions \u00e9galement vous rencontrer. Pensez vous qu\u2019une entrevue est possible ?<br \/>\n&nbsp;<br \/>\nVous en remerciant et avec nos meilleures salutations.<br \/>\n&nbsp;<br \/>\nFranck Bernon<br \/>\nAndr\u00e9 Joffart<br \/>\nAnne-Marie Skora<br \/>\nMarc Gouttebroze<br \/>\n<\/em><br \/>\n)]<\/p>\n<p>&nbsp;<br \/>\n[fond noir][blanc]<strong>L&rsquo;\u00e9ternel mauvais \u00e9tat de la ligne bloque son d\u00e9veloppement<\/strong>[\/blanc][\/fond noir]<br \/>\n&nbsp;<br \/>\nApr\u00e8s des ann\u00e9es d&rsquo;observation c&rsquo;est une \u00e9vidence qui saute aux yeux de tous, tout l&rsquo;art de SNCF R\u00e9seau depuis l&rsquo;\u00e9poque P\u00e9py est de d\u00e9penser l&rsquo;argent qui lui est accord\u00e9, celui du contribuable, des r\u00e9gions et de l&rsquo;\u00e9tat, dans de multiples op\u00e9rations b\u00e9nignes, en \u00e9vitant les travaux structurants qui permettraient le retour \u00e0 l&rsquo;\u00e9tat initial de l&rsquo;axe ferroviaire.<br \/>\n&nbsp;<br \/>\n<strong>Les discussions que nous menons au sujet du retour du train de nuit et d&rsquo;un meilleur cadencement butent toutes sur la p\u00e9rennit\u00e9 de la ligne. Son \u00e9tat actuel avec ses ralentissements et ses coupures annuelles emp\u00eachent toute vision d&rsquo;avenir.<\/strong><br \/>\n&nbsp;<br \/>\nNous essayons actuellement de sensibiliser les d\u00e9cideurs et \u00e9lus \u00e0 demander le renouvellement complet de notre ligne. Plus que des \u00ab\u00a0sauvetages annuels\u00a0\u00bb les territoires ont besoin d&rsquo;un r\u00e9seau ferroviaire en bon \u00e9tat. S&rsquo;il n&rsquo;est plus performant c&rsquo;est bien la faute de l&rsquo;op\u00e9rateur historique qui n&rsquo;y investit plus depuis des d\u00e9cennies. Et c&rsquo;est bien \u00e0 lui que l&rsquo;on doit exiger cet effort.<br \/>\n&nbsp;<br \/>\n<strong>Dans la presse :<\/strong><br \/>\n&nbsp;<br \/>\n&#8211; La Comm\u00e8re 43 : <a href=\"https:\/\/www.lacommere43.fr\/actualites\/item\/35745-train-cevenol-quatre-associations-ecrivent-au-pdg-de-la-sncf.html\"><em>Train C\u00e9venol &#8211; quatre associations \u00e9crivent au PDG de la SNCF<\/em><\/a><br \/>\n&nbsp;<br \/>\n<img loading=\"lazy\" decoding=\"async\" class=\" aligncenter size-full wp-image-3114\" src=\"http:\/\/5.45.101.177\/haut-allier\/usagers-transportse\/wp-content\/uploads\/2020\/12\/screenshot-www.lacommere43.fr-2020.12.22-09_46_47.jpg\" alt=\"screenshot-www.lacommere43.fr-2020.12.22-09_46_47.jpg\" align=\"center\" width=\"791\" height=\"1408\" srcset=\"https:\/\/usagers-transports.haut-allier.eu\/wp-content\/uploads\/2020\/12\/screenshot-www.lacommere43.fr-2020.12.22-09_46_47.jpg 791w, https:\/\/usagers-transports.haut-allier.eu\/wp-content\/uploads\/2020\/12\/screenshot-www.lacommere43.fr-2020.12.22-09_46_47-169x300.jpg 169w, https:\/\/usagers-transports.haut-allier.eu\/wp-content\/uploads\/2020\/12\/screenshot-www.lacommere43.fr-2020.12.22-09_46_47-575x1024.jpg 575w, https:\/\/usagers-transports.haut-allier.eu\/wp-content\/uploads\/2020\/12\/screenshot-www.lacommere43.fr-2020.12.22-09_46_47-768x1367.jpg 768w\" sizes=\"auto, (max-width: 791px) 100vw, 791px\" \/><br \/>\n&nbsp;<br \/>\n&#8211; La Gazette de N\u00eemes : <a href=\"https:\/\/www.lagazettedenimes.fr\/live\/5fe0780cc6ab88002b1fb8a6\/train-cevenol-colere-des-usagers-apres-l-annonce-de-trois-mois-de-fermeture-de-la-ligne\"><em>Train c\u00e9v\u00e9nol &#8211; col\u00e8re des usagers apr\u00e8s l&rsquo;annonce de trois mois de fermeture de la ligne<\/em><\/a><br \/>\n&nbsp;<br \/>\n<img loading=\"lazy\" decoding=\"async\" class=\" aligncenter size-full wp-image-3115\" src=\"http:\/\/5.45.101.177\/haut-allier\/usagers-transportse\/wp-content\/uploads\/2020\/12\/screenshot-www.lagazettedenimes.fr-2021.01.05-06_44_39.jpg\" alt=\"screenshot-www.lagazettedenimes.fr-2021.01.05-06_44_39.jpg\" align=\"center\" width=\"650\" height=\"2252\" srcset=\"https:\/\/usagers-transports.haut-allier.eu\/wp-content\/uploads\/2020\/12\/screenshot-www.lagazettedenimes.fr-2021.01.05-06_44_39.jpg 650w, https:\/\/usagers-transports.haut-allier.eu\/wp-content\/uploads\/2020\/12\/screenshot-www.lagazettedenimes.fr-2021.01.05-06_44_39-87x300.jpg 87w, https:\/\/usagers-transports.haut-allier.eu\/wp-content\/uploads\/2020\/12\/screenshot-www.lagazettedenimes.fr-2021.01.05-06_44_39-443x1536.jpg 443w, https:\/\/usagers-transports.haut-allier.eu\/wp-content\/uploads\/2020\/12\/screenshot-www.lagazettedenimes.fr-2021.01.05-06_44_39-591x2048.jpg 591w\" sizes=\"auto, (max-width: 650px) 100vw, 650px\" \/><br \/>\n&nbsp;<br \/>\n&#8211; Midi Libre Al\u00e8s du 23 d\u00e9cembre 2020 : <em>SNCF- N\u00eemes Clermont s&rsquo;arr\u00eatera 3 mois<\/em>.<br \/>\n&nbsp;<br \/>\n<img loading=\"lazy\" decoding=\"async\" class=\" aligncenter size-full wp-image-3116\" src=\"http:\/\/5.45.101.177\/haut-allier\/usagers-transportse\/wp-content\/uploads\/2020\/12\/article-2020-12-22-04-08-321371.jpg\" alt=\"article-2020-12-22-04-08-321371.jpg\" align=\"center\" width=\"708\" height=\"282\" srcset=\"https:\/\/usagers-transports.haut-allier.eu\/wp-content\/uploads\/2020\/12\/article-2020-12-22-04-08-321371.jpg 708w, https:\/\/usagers-transports.haut-allier.eu\/wp-content\/uploads\/2020\/12\/article-2020-12-22-04-08-321371-300x119.jpg 300w\" sizes=\"auto, (max-width: 708px) 100vw, 708px\" \/><br \/>\n&nbsp;<br \/>\n&#8211; Le Progr\u00e8s Haute-Loire du 23 d\u00e9cembre 2020 :<em>Ligne du C\u00e9venol &#8211; Ses d\u00e9fenseurs interpellent le pr\u00e9sident de la SNCF<\/em><br \/>\n&nbsp;<br \/>\n<img loading=\"lazy\" decoding=\"async\" class=\" aligncenter size-full wp-image-3117\" src=\"http:\/\/5.45.101.177\/haut-allier\/usagers-transportse\/wp-content\/uploads\/2020\/12\/screenshot-www.leprogres.fr-2020.12.24-20_04_00.jpg\" alt=\"screenshot-www.leprogres.fr-2020.12.24-20_04_00.jpg\" align=\"center\" width=\"1227\" height=\"385\" srcset=\"https:\/\/usagers-transports.haut-allier.eu\/wp-content\/uploads\/2020\/12\/screenshot-www.leprogres.fr-2020.12.24-20_04_00.jpg 1227w, https:\/\/usagers-transports.haut-allier.eu\/wp-content\/uploads\/2020\/12\/screenshot-www.leprogres.fr-2020.12.24-20_04_00-300x94.jpg 300w, https:\/\/usagers-transports.haut-allier.eu\/wp-content\/uploads\/2020\/12\/screenshot-www.leprogres.fr-2020.12.24-20_04_00-1024x321.jpg 1024w, https:\/\/usagers-transports.haut-allier.eu\/wp-content\/uploads\/2020\/12\/screenshot-www.leprogres.fr-2020.12.24-20_04_00-768x241.jpg 768w\" sizes=\"auto, (max-width: 1227px) 100vw, 1227px\" \/><br \/>\n&nbsp;<br \/>\n&#8211; France Bleu Gard Loz\u00e8re du 26 d\u00e9cembre 2020 journal de 7h :<br \/>\n&nbsp;<br \/>\n<a href=\"http:\/\/5.45.101.177\/haut-allier\/usagers-transportse\/wp-content\/uploads\/2020\/12\/usagers-haut-allier-eu-france-bleu-gard-lozere-jouranl-7h-26122020.mp3\">usagers-haut-allier-eu-france-bleu-gard-lozere-jouranl-7h-26122020.mp3<\/a><br \/>\n&nbsp;<br \/>\n&#8211; France Bleu Gard Loz\u00e8re du 26 d\u00e9cembre 2020 journal de 8h :<br \/>\n&nbsp;<br \/>\n<a href=\"http:\/\/5.45.101.177\/haut-allier\/usagers-transportse\/wp-content\/uploads\/2020\/12\/usagers-haut-allier-eu-france-bleu-gard-lozere-jouranl-8h-26122020.mp3\">usagers-haut-allier-eu-france-bleu-gard-lozere-jouranl-8h-26122020.mp3<\/a><br \/>\n&nbsp;<br \/>\n&#8211; Midi Libre Loz\u00e8re du 28 d\u00e9cembre 2020 : <em>Lettre au PDG de la SNCF.<\/em><br \/>\n&nbsp;<br \/>\n<img loading=\"lazy\" decoding=\"async\" class=\" aligncenter size-full wp-image-3120\" src=\"http:\/\/5.45.101.177\/haut-allier\/usagers-transportse\/wp-content\/uploads\/2020\/12\/midilibre-article-2020-12-28-04-05-2511.jpg\" alt=\"midilibre-article-2020-12-28-04-05-2511.jpg\" align=\"center\" width=\"375\" height=\"590\" srcset=\"https:\/\/usagers-transports.haut-allier.eu\/wp-content\/uploads\/2020\/12\/midilibre-article-2020-12-28-04-05-2511.jpg 375w, https:\/\/usagers-transports.haut-allier.eu\/wp-content\/uploads\/2020\/12\/midilibre-article-2020-12-28-04-05-2511-191x300.jpg 191w\" sizes=\"auto, (max-width: 375px) 100vw, 375px\" \/><br \/>\n&nbsp;<br \/>\n&#8211; Midi Libre du 4 janvier 2021 : <em>Le Comit\u00e9 de d\u00e9fense \u00e9crit \u00e0 Jean-Pierre Farandou, PDG de la SNCF.<\/em><br \/>\n&nbsp;<br \/>\n<img loading=\"lazy\" decoding=\"async\" class=\" aligncenter size-full wp-image-3121\" src=\"http:\/\/5.45.101.177\/haut-allier\/usagers-transportse\/wp-content\/uploads\/2020\/12\/article-midilibre-2021-01-03-14-17-592554.jpg\" alt=\"article-midilibre-2021-01-03-14-17-592554.jpg\" align=\"center\" width=\"773\" height=\"719\" srcset=\"https:\/\/usagers-transports.haut-allier.eu\/wp-content\/uploads\/2020\/12\/article-midilibre-2021-01-03-14-17-592554.jpg 773w, https:\/\/usagers-transports.haut-allier.eu\/wp-content\/uploads\/2020\/12\/article-midilibre-2021-01-03-14-17-592554-300x279.jpg 300w, https:\/\/usagers-transports.haut-allier.eu\/wp-content\/uploads\/2020\/12\/article-midilibre-2021-01-03-14-17-592554-768x714.jpg 768w\" sizes=\"auto, (max-width: 773px) 100vw, 773px\" \/><br \/>\n&nbsp;<br \/>\n&#8211; Fr\u00e9quence 7 du 4 janvier 2021 : <em>invit\u00e9 de l&rsquo;Onde Curieuse<\/em><br \/>\n&nbsp;<br \/>\n<iframe loading=\"lazy\" width=\"560\" height=\"315\" src=\"https:\/\/www.youtube.com\/embed\/b9U2rkHIzSs\" frameborder=\"0\" allow=\"accelerometer; autoplay; clipboard-write; encrypted-media; gyroscope; picture-in-picture\" allowfullscreen><\/iframe><br \/>\n&nbsp;<br \/>\n&#8211; France 3 Auvergne du 4 janvier 2021 : JT de 19h et&#8230;<br \/>\n&nbsp;<br \/>\n&#8211; France 3 Auvergne du 5 janvier 2021 : JT de 12h<br \/>\n&nbsp;<br \/>\n<iframe loading=\"lazy\" width=\"560\" height=\"315\" src=\"https:\/\/www.youtube.com\/embed\/FtXaJg3C1RQ\" frameborder=\"0\" allow=\"accelerometer; autoplay; clipboard-write; encrypted-media; gyroscope; picture-in-picture\" allowfullscreen><\/iframe><br \/>\n&nbsp;<br \/>\n&#8211; France 3 National du 6 janvier 2021 \u00e0 11h55 : m\u00eame reportage.<br \/>\n&nbsp;<\/p>\n","protected":false},"excerpt":{"rendered":"<p>Les 4 groupes d&rsquo;usagers ind\u00e9pendants qui d\u00e9fendent les voyageurs utilisant l&rsquo;axe ferroviaire N\u00eemes Clermont-Ferrand viennent d&rsquo;\u00e9crire au Pr\u00e9sident<\/p>\n","protected":false},"author":1,"featured_media":3113,"comment_status":"open","ping_status":"open","sticky":false,"template":"","format":"standard","meta":{"footnotes":""},"categories":[8],"tags":[],"class_list":["post-719","post","type-post","status-publish","format-standard","has-post-thumbnail","hentry","category-communiques"],"_links":{"self":[{"href":"https:\/\/usagers-transports.haut-allier.eu\/index.php\/wp-json\/wp\/v2\/posts\/719","targetHints":{"allow":["GET"]}}],"collection":[{"href":"https:\/\/usagers-transports.haut-allier.eu\/index.php\/wp-json\/wp\/v2\/posts"}],"about":[{"href":"https:\/\/usagers-transports.haut-allier.eu\/index.php\/wp-json\/wp\/v2\/types\/post"}],"author":[{"embeddable":true,"href":"https:\/\/usagers-transports.haut-allier.eu\/index.php\/wp-json\/wp\/v2\/users\/1"}],"replies":[{"embeddable":true,"href":"https:\/\/usagers-transports.haut-allier.eu\/index.php\/wp-json\/wp\/v2\/comments?post=719"}],"version-history":[{"count":0,"href":"https:\/\/usagers-transports.haut-allier.eu\/index.php\/wp-json\/wp\/v2\/posts\/719\/revisions"}],"wp:featuredmedia":[{"embeddable":true,"href":"https:\/\/usagers-transports.haut-allier.eu\/index.php\/wp-json\/wp\/v2\/media\/3113"}],"wp:attachment":[{"href":"https:\/\/usagers-transports.haut-allier.eu\/index.php\/wp-json\/wp\/v2\/media?parent=719"}],"wp:term":[{"taxonomy":"category","embeddable":true,"href":"https:\/\/usagers-transports.haut-allier.eu\/index.php\/wp-json\/wp\/v2\/categories?post=719"},{"taxonomy":"post_tag","embeddable":true,"href":"https:\/\/usagers-transports.haut-allier.eu\/index.php\/wp-json\/wp\/v2\/tags?post=719"}],"curies":[{"name":"wp","href":"https:\/\/api.w.org\/{rel}","templated":true}]}}