{"id":72,"date":"2013-09-05T07:54:53","date_gmt":"2013-09-05T05:54:53","guid":{"rendered":"http:\/\/5.45.101.177\/haut-allier\/usagers-transportse\/index.php\/2013\/09\/05\/test-le-site-d-auvergne-mobilite072\/"},"modified":"2013-09-05T07:54:53","modified_gmt":"2013-09-05T05:54:53","slug":"test-le-site-d-auvergne-mobilite072","status":"publish","type":"post","link":"https:\/\/usagers-transports.haut-allier.eu\/index.php\/2013\/09\/05\/test-le-site-d-auvergne-mobilite072\/","title":{"rendered":"Test : le site d&rsquo;Auvergne Mobilit\u00e9"},"content":{"rendered":"<p>Tr\u00e9s bonne initiative que celle de la r\u00e9gion Auvergne initiatrice du site <a href=\"http:\/\/www.auvergne-mobilite.fr\">Auvergne Mobilit\u00e9<\/a> qui regroupe tous les organismes de transports publics du territoire pour proposer \u00e0 l&rsquo;usager horaires et trajets \u00e0 l&rsquo;aide d&rsquo;une interface bien plus agr\u00e9able que les inommables pages \u00ab\u00a0transports\u00a0\u00bb du conseil g\u00e9n\u00e9ral de Haute-Loire ou celles inexistantes de celui de la Loz\u00e8re ou encore le lourd site Voyages SNCF bard\u00e9 de pubs et de messages n&rsquo;ayant rien \u00e0 voir avec les requ\u00eates. <\/p>\n<p>D&rsquo;entr\u00e9e nous avons donc voulu tester avec un trajet Monistrol d&rsquo;Allier Langeac par exemple. La r\u00e9ponse est cinglante mais refl\u00e8te cruement la r\u00e9alit\u00e9 : \u00ab\u00a0Aucune solution n&rsquo;a pu \u00eatre trouv\u00e9e\u00a0\u00bb. Tu m&rsquo;\u00e9tonnes. Le site ne peut rien inventer quand rien n&rsquo;est propos\u00e9. S&rsquo;il le fallait nous voil\u00e0 rassur\u00e9s quant \u00e0 la pertinence de notre existence.<\/p>\n<p><img loading=\"lazy\" decoding=\"async\" class=\" aligncenter size-full wp-image-1462\" src=\"http:\/\/5.45.101.177\/haut-allier\/usagers-transportse\/wp-content\/uploads\/2013\/09\/mobil.jpg\" alt=\"mobil.jpg\" align=\"center\" width=\"800\" height=\"399\" srcset=\"https:\/\/usagers-transports.haut-allier.eu\/wp-content\/uploads\/2013\/09\/mobil.jpg 800w, https:\/\/usagers-transports.haut-allier.eu\/wp-content\/uploads\/2013\/09\/mobil-300x150.jpg 300w, https:\/\/usagers-transports.haut-allier.eu\/wp-content\/uploads\/2013\/09\/mobil-768x383.jpg 768w\" sizes=\"auto, (max-width: 800px) 100vw, 800px\" \/><\/p>\n<p>La recherche d&rsquo;un trajet plus conventionnel, Le Puy en Velay &#8211; Clermont Fd, induit une r\u00e9ponse du site \u00e0 la fois claire et agr\u00e9able avec le d\u00e9tail et le plan du trajet et les plans des villes de d\u00e9part et d&rsquo;arriv\u00e9e. Parfait. De plus un choix \u00ab\u00a0pi\u00e9ton\u00a0\u00bb est propos\u00e9 pour le calcul. Les cartes de trajet et des villes sont celles du projet libre <a href=\"http:\/\/www.openstreetmap.org\/\">OpenStreetMap<\/a>, un choix plus que judicieux qui soutient les initiatives non marchandes.<\/p>\n<p><img loading=\"lazy\" decoding=\"async\" class=\" aligncenter size-full wp-image-1463\" src=\"http:\/\/5.45.101.177\/haut-allier\/usagers-transportse\/wp-content\/uploads\/2013\/09\/mobil2.jpg\" alt=\"mobil2.jpg\" align=\"center\" width=\"714\" height=\"408\" srcset=\"https:\/\/usagers-transports.haut-allier.eu\/wp-content\/uploads\/2013\/09\/mobil2.jpg 714w, https:\/\/usagers-transports.haut-allier.eu\/wp-content\/uploads\/2013\/09\/mobil2-300x171.jpg 300w\" sizes=\"auto, (max-width: 714px) 100vw, 714px\" \/><\/p>\n<p>En conclusion un site qui doit murir, on le sent bien, mais qui s&rsquo;av\u00e8rera tr\u00e8s pratique. L&rsquo;\u00e9quivalent est compl\u00e8tement inexistant en Languedoc Roussillon. En PACA \u00e9galement mais les Bouches du Rhone dispose l&rsquo;excellent site \u00ab\u00a0le <a href=\"http:\/\/www.lepilote.com\/\">Pilote<\/a>\u00ab\u00a0. <\/p>\n","protected":false},"excerpt":{"rendered":"<p>Tr\u00e9s bonne initiative que celle de la r\u00e9gion Auvergne initiatrice du site Auvergne Mobilit\u00e9 qui regroupe tous les<\/p>\n","protected":false},"author":1,"featured_media":1461,"comment_status":"closed","ping_status":"open","sticky":false,"template":"","format":"standard","meta":{"footnotes":""},"categories":[2],"tags":[],"class_list":["post-72","post","type-post","status-publish","format-standard","has-post-thumbnail","hentry","category-infos"],"_links":{"self":[{"href":"https:\/\/usagers-transports.haut-allier.eu\/index.php\/wp-json\/wp\/v2\/posts\/72","targetHints":{"allow":["GET"]}}],"collection":[{"href":"https:\/\/usagers-transports.haut-allier.eu\/index.php\/wp-json\/wp\/v2\/posts"}],"about":[{"href":"https:\/\/usagers-transports.haut-allier.eu\/index.php\/wp-json\/wp\/v2\/types\/post"}],"author":[{"embeddable":true,"href":"https:\/\/usagers-transports.haut-allier.eu\/index.php\/wp-json\/wp\/v2\/users\/1"}],"replies":[{"embeddable":true,"href":"https:\/\/usagers-transports.haut-allier.eu\/index.php\/wp-json\/wp\/v2\/comments?post=72"}],"version-history":[{"count":0,"href":"https:\/\/usagers-transports.haut-allier.eu\/index.php\/wp-json\/wp\/v2\/posts\/72\/revisions"}],"wp:featuredmedia":[{"embeddable":true,"href":"https:\/\/usagers-transports.haut-allier.eu\/index.php\/wp-json\/wp\/v2\/media\/1461"}],"wp:attachment":[{"href":"https:\/\/usagers-transports.haut-allier.eu\/index.php\/wp-json\/wp\/v2\/media?parent=72"}],"wp:term":[{"taxonomy":"category","embeddable":true,"href":"https:\/\/usagers-transports.haut-allier.eu\/index.php\/wp-json\/wp\/v2\/categories?post=72"},{"taxonomy":"post_tag","embeddable":true,"href":"https:\/\/usagers-transports.haut-allier.eu\/index.php\/wp-json\/wp\/v2\/tags?post=72"}],"curies":[{"name":"wp","href":"https:\/\/api.w.org\/{rel}","templated":true}]}}