{"id":720,"date":"2020-12-22T07:45:24","date_gmt":"2020-12-22T06:45:24","guid":{"rendered":"http:\/\/5.45.101.177\/haut-allier\/usagers-transportse\/index.php\/2020\/12\/22\/lignes-ferroviaires-du-massif720\/"},"modified":"2020-12-22T07:45:24","modified_gmt":"2020-12-22T06:45:24","slug":"lignes-ferroviaires-du-massif720","status":"publish","type":"post","link":"https:\/\/usagers-transports.haut-allier.eu\/index.php\/2020\/12\/22\/lignes-ferroviaires-du-massif720\/","title":{"rendered":"Lignes ferroviaires du Massif central : le d\u00e9put\u00e9 de Haute Loire Jean-Pierre Vigier demande avec nous leur r\u00e9g\u00e9n\u00e9ration"},"content":{"rendered":"<p>Suite \u00e0 nos rencontres accompagn\u00e9s du Collectif Oui au Train de nuit C\u00e9vennes Auvergne le d\u00e9put\u00e9 Jean-Pierre Vigier vient de poser une question \u00e9crite au ministre des transports Jean-Baptiste Djebarri concernant le mauvais \u00e9tat des infrastructures ferroviaires en Auvergne et C\u00e9vennes ainsi que de leur avenir. Il en demande avec nous <strong>la r\u00e9g\u00e9n\u00e9ration<\/strong>, le renouvellement complet rails, traverses et ballast. Voici le texte de son message :<br \/>\n&nbsp;<br \/>\n<img loading=\"lazy\" decoding=\"async\" class=\" aligncenter size-full wp-image-3123\" src=\"http:\/\/5.45.101.177\/haut-allier\/usagers-transportse\/wp-content\/uploads\/2020\/12\/question-dec-2020-jp-vigier.jpg\" alt=\"question-dec-2020-jp-vigier.jpg\" align=\"center\" width=\"1067\" height=\"556\" srcset=\"https:\/\/usagers-transports.haut-allier.eu\/wp-content\/uploads\/2020\/12\/question-dec-2020-jp-vigier.jpg 1067w, https:\/\/usagers-transports.haut-allier.eu\/wp-content\/uploads\/2020\/12\/question-dec-2020-jp-vigier-300x156.jpg 300w, https:\/\/usagers-transports.haut-allier.eu\/wp-content\/uploads\/2020\/12\/question-dec-2020-jp-vigier-1024x534.jpg 1024w, https:\/\/usagers-transports.haut-allier.eu\/wp-content\/uploads\/2020\/12\/question-dec-2020-jp-vigier-768x400.jpg 768w\" sizes=\"auto, (max-width: 1067px) 100vw, 1067px\" \/><br \/>\n&nbsp;<\/p>\n","protected":false},"excerpt":{"rendered":"<p>Suite \u00e0 nos rencontres accompagn\u00e9s du Collectif Oui au Train de nuit C\u00e9vennes Auvergne le d\u00e9put\u00e9 Jean-Pierre Vigier<\/p>\n","protected":false},"author":1,"featured_media":3122,"comment_status":"open","ping_status":"open","sticky":false,"template":"","format":"standard","meta":{"footnotes":""},"categories":[8],"tags":[],"class_list":["post-720","post","type-post","status-publish","format-standard","has-post-thumbnail","hentry","category-communiques"],"_links":{"self":[{"href":"https:\/\/usagers-transports.haut-allier.eu\/index.php\/wp-json\/wp\/v2\/posts\/720","targetHints":{"allow":["GET"]}}],"collection":[{"href":"https:\/\/usagers-transports.haut-allier.eu\/index.php\/wp-json\/wp\/v2\/posts"}],"about":[{"href":"https:\/\/usagers-transports.haut-allier.eu\/index.php\/wp-json\/wp\/v2\/types\/post"}],"author":[{"embeddable":true,"href":"https:\/\/usagers-transports.haut-allier.eu\/index.php\/wp-json\/wp\/v2\/users\/1"}],"replies":[{"embeddable":true,"href":"https:\/\/usagers-transports.haut-allier.eu\/index.php\/wp-json\/wp\/v2\/comments?post=720"}],"version-history":[{"count":0,"href":"https:\/\/usagers-transports.haut-allier.eu\/index.php\/wp-json\/wp\/v2\/posts\/720\/revisions"}],"wp:featuredmedia":[{"embeddable":true,"href":"https:\/\/usagers-transports.haut-allier.eu\/index.php\/wp-json\/wp\/v2\/media\/3122"}],"wp:attachment":[{"href":"https:\/\/usagers-transports.haut-allier.eu\/index.php\/wp-json\/wp\/v2\/media?parent=720"}],"wp:term":[{"taxonomy":"category","embeddable":true,"href":"https:\/\/usagers-transports.haut-allier.eu\/index.php\/wp-json\/wp\/v2\/categories?post=720"},{"taxonomy":"post_tag","embeddable":true,"href":"https:\/\/usagers-transports.haut-allier.eu\/index.php\/wp-json\/wp\/v2\/tags?post=720"}],"curies":[{"name":"wp","href":"https:\/\/api.w.org\/{rel}","templated":true}]}}