{"id":721,"date":"2020-12-26T08:29:03","date_gmt":"2020-12-26T07:29:03","guid":{"rendered":"http:\/\/5.45.101.177\/haut-allier\/usagers-transportse\/index.php\/2020\/12\/26\/lignes-du-massif-central-nouvelle721\/"},"modified":"2020-12-26T08:29:03","modified_gmt":"2020-12-26T07:29:03","slug":"lignes-du-massif-central-nouvelle721","status":"publish","type":"post","link":"https:\/\/usagers-transports.haut-allier.eu\/index.php\/2020\/12\/26\/lignes-du-massif-central-nouvelle721\/","title":{"rendered":"Lignes du Massif central : nouvelle association de d\u00e9fense pour Volvic &#8211; Le Mont Dore"},"content":{"rendered":"<p>Il semble que les auvergnats daignent enfin se bouger pour leurs trains : apr\u00e8s le Collectif pour la d\u00e9fense de la ligne Thiers Bo\u00ebn, <a href=\"https:\/\/letrain634269.org\/\"><strong>le train 634269<\/strong><\/a>, voici qu&rsquo;un nouveau groupe de d\u00e9fense vient de se cr\u00e9er regroupant \u00e9lus de tous bords et usagers pour la ligne Volvic Le Mont Dore.<br \/>\n&nbsp;<br \/>\n <img loading=\"lazy\" decoding=\"async\" class=\" aligncenter size-full wp-image-3125\" src=\"http:\/\/5.45.101.177\/haut-allier\/usagers-transportse\/wp-content\/uploads\/2020\/12\/volvic-lmd-ea.jpg\" alt=\"volvic-lmd-ea.jpg\" align=\"center\" width=\"517\" height=\"260\" srcset=\"https:\/\/usagers-transports.haut-allier.eu\/wp-content\/uploads\/2020\/12\/volvic-lmd-ea.jpg 517w, https:\/\/usagers-transports.haut-allier.eu\/wp-content\/uploads\/2020\/12\/volvic-lmd-ea-300x151.jpg 300w\" sizes=\"auto, (max-width: 517px) 100vw, 517px\" \/><br \/>\n&nbsp;<br \/>\nIl n&rsquo;y circule plus que 3 trains de fret par semaine, le trafic des voyageurs a \u00e9t\u00e9 supprim\u00e9 par l&rsquo;op\u00e9rateur de la soci\u00e9t\u00e9 dite ferroviaire il y a 5 ans.<br \/>\n&nbsp;<br \/>\nOn l&rsquo;appelle aussi la <em>Transversale des puys<\/em> et elle est vitale elle aussi d&rsquo;une part pour la desserte des stations thermales, aussi pour le fret des eaux embouteill\u00e9es du Mont Dore et encore dans une vision future de r\u00e9ouverture de la ligne Clermont Ussel scandaleusement abandonn\u00e9e par SNCF R\u00e9seau il y a plusieurs ann\u00e9es.<br \/>\n&nbsp;<br \/>\n<img loading=\"lazy\" decoding=\"async\" class=\" aligncenter size-full wp-image-3126\" src=\"http:\/\/5.45.101.177\/haut-allier\/usagers-transportse\/wp-content\/uploads\/2020\/12\/carte_transversale_des_puys.jpg\" alt=\"carte_transversale_des_puys.jpg\" align=\"center\" width=\"893\" height=\"461\" srcset=\"https:\/\/usagers-transports.haut-allier.eu\/wp-content\/uploads\/2020\/12\/carte_transversale_des_puys.jpg 893w, https:\/\/usagers-transports.haut-allier.eu\/wp-content\/uploads\/2020\/12\/carte_transversale_des_puys-300x155.jpg 300w, https:\/\/usagers-transports.haut-allier.eu\/wp-content\/uploads\/2020\/12\/carte_transversale_des_puys-768x396.jpg 768w\" sizes=\"auto, (max-width: 893px) 100vw, 893px\" \/><br \/>\n&nbsp;<br \/>\nL&rsquo;article de <a href=\"https:\/\/www.francebleu.fr\/infos\/transports\/une-association-pour-defendre-la-ligne-sncf-volvic-le-mont-dore-1608301466\"><strong>France Bleu Auvergne<\/strong><\/a> publi\u00e9 ce jour vous en dira plus :<br \/>\n&nbsp;<br \/>\n<img loading=\"lazy\" decoding=\"async\" class=\" aligncenter size-full wp-image-3127\" src=\"http:\/\/5.45.101.177\/haut-allier\/usagers-transportse\/wp-content\/uploads\/2020\/12\/screenshot-www.francebleu.fr-2020.12.26-07_58_31.jpg\" alt=\"screenshot-www.francebleu.fr-2020.12.26-07_58_31.jpg\" align=\"center\" width=\"925\" height=\"1857\" srcset=\"https:\/\/usagers-transports.haut-allier.eu\/wp-content\/uploads\/2020\/12\/screenshot-www.francebleu.fr-2020.12.26-07_58_31.jpg 925w, https:\/\/usagers-transports.haut-allier.eu\/wp-content\/uploads\/2020\/12\/screenshot-www.francebleu.fr-2020.12.26-07_58_31-149x300.jpg 149w, https:\/\/usagers-transports.haut-allier.eu\/wp-content\/uploads\/2020\/12\/screenshot-www.francebleu.fr-2020.12.26-07_58_31-510x1024.jpg 510w, https:\/\/usagers-transports.haut-allier.eu\/wp-content\/uploads\/2020\/12\/screenshot-www.francebleu.fr-2020.12.26-07_58_31-768x1542.jpg 768w, https:\/\/usagers-transports.haut-allier.eu\/wp-content\/uploads\/2020\/12\/screenshot-www.francebleu.fr-2020.12.26-07_58_31-765x1536.jpg 765w\" sizes=\"auto, (max-width: 925px) 100vw, 925px\" \/><br \/>\n&nbsp;<\/p>\n","protected":false},"excerpt":{"rendered":"<p>Il semble que les auvergnats daignent enfin se bouger pour leurs trains : apr\u00e8s le Collectif pour la<\/p>\n","protected":false},"author":1,"featured_media":3124,"comment_status":"open","ping_status":"open","sticky":false,"template":"","format":"standard","meta":{"footnotes":""},"categories":[2],"tags":[],"class_list":["post-721","post","type-post","status-publish","format-standard","has-post-thumbnail","hentry","category-infos"],"_links":{"self":[{"href":"https:\/\/usagers-transports.haut-allier.eu\/index.php\/wp-json\/wp\/v2\/posts\/721","targetHints":{"allow":["GET"]}}],"collection":[{"href":"https:\/\/usagers-transports.haut-allier.eu\/index.php\/wp-json\/wp\/v2\/posts"}],"about":[{"href":"https:\/\/usagers-transports.haut-allier.eu\/index.php\/wp-json\/wp\/v2\/types\/post"}],"author":[{"embeddable":true,"href":"https:\/\/usagers-transports.haut-allier.eu\/index.php\/wp-json\/wp\/v2\/users\/1"}],"replies":[{"embeddable":true,"href":"https:\/\/usagers-transports.haut-allier.eu\/index.php\/wp-json\/wp\/v2\/comments?post=721"}],"version-history":[{"count":0,"href":"https:\/\/usagers-transports.haut-allier.eu\/index.php\/wp-json\/wp\/v2\/posts\/721\/revisions"}],"wp:featuredmedia":[{"embeddable":true,"href":"https:\/\/usagers-transports.haut-allier.eu\/index.php\/wp-json\/wp\/v2\/media\/3124"}],"wp:attachment":[{"href":"https:\/\/usagers-transports.haut-allier.eu\/index.php\/wp-json\/wp\/v2\/media?parent=721"}],"wp:term":[{"taxonomy":"category","embeddable":true,"href":"https:\/\/usagers-transports.haut-allier.eu\/index.php\/wp-json\/wp\/v2\/categories?post=721"},{"taxonomy":"post_tag","embeddable":true,"href":"https:\/\/usagers-transports.haut-allier.eu\/index.php\/wp-json\/wp\/v2\/tags?post=721"}],"curies":[{"name":"wp","href":"https:\/\/api.w.org\/{rel}","templated":true}]}}