{"id":722,"date":"2020-12-29T08:06:03","date_gmt":"2020-12-29T07:06:03","guid":{"rendered":"http:\/\/5.45.101.177\/haut-allier\/usagers-transportse\/index.php\/2020\/12\/29\/de-nouvelles-gares-automatiques-en722\/"},"modified":"2020-12-29T08:06:03","modified_gmt":"2020-12-29T07:06:03","slug":"de-nouvelles-gares-automatiques-en722","status":"publish","type":"post","link":"https:\/\/usagers-transports.haut-allier.eu\/index.php\/2020\/12\/29\/de-nouvelles-gares-automatiques-en722\/","title":{"rendered":"De nouvelles gares automatiques en r\u00e9gion Occitanie et rien c\u00f4t\u00e9 Auvergne Rh\u00f4ne Alpes"},"content":{"rendered":"<p>Tr\u00e8s bon article du site Actu TER Occitanie qui fait le point sur la transition des gares vers un accueil 100% automatis\u00e9.<br \/>\n&nbsp;<br \/>\nDe notre c\u00f4t\u00e9 au collectif nous n&rsquo;y voyons en th\u00e9orie que du bon pour les voyageurs \u00e9tant donn\u00e9 la d\u00e9gradation des services voire la plupart du temps la fermeture de certaines petites gares du Massif Central. A condition que la machinerie fonctionne et soit maintenue correctement.<br \/>\n&nbsp;<br \/>\nD&rsquo;autre part nous sommes aussi tr\u00e8s favorables aux distributeurs de billets dans les trains, comme dans d&rsquo;autres pays europ\u00e9ens.<br \/>\n&nbsp;<br \/>\nAinsi peut-on apprendre dans cet <a href=\"https:\/\/actuteroccitanie.wordpress.com\/2020\/12\/28\/de-nouvelles-gares-automatiques\/\"><strong>article<\/strong> <\/a> que apr\u00e8s les gares de Portet-St-Simon, Lisle-sur-Tarn, St-Rome-de-Cernon, Rabastens-Couffouleux, Font-Romeu-Odeillo-Via, Varilhes, Andorre-l\u2019Hospitalet, Argel\u00e8s-sur-mer, Bourg-Madame, Carbonne, Cazeres-sur-Garonne, L\u2019Isle-Jourdain, Mont-Louis La Cabanasse, Rivesaltes, Saverdun, St-Sulpice-sur-Tarn, Colomiers, Gaillac, Castelsarrasin, Caussade, Gourdon, Muret, Valence d\u2019Agen, Venerque-le-Vernet, Port-la-Nouvelle, Leucate-La Franqui, <strong>St-Chely-d\u2019Apcher<\/strong>, <strong>Villefort<\/strong>, Brax-Leguevin, Castelnau-d\u2019Estretefonds, Cordes-Vindrac, Gimont-Cahuzac, Lavaur et Souillac, ce sera au tour en 2021 des gares de Port-Vendres, Banyuls-sur-mer, Villefranche-Vernet-les-Bains, Prades \u2013 Molitg Les Bains, Albi Madeleine, Assier, Marssac-sur-Tarn, <strong>G\u00e9nolhac<\/strong>, Verg\u00e8ze-Codognan, Collioure, Escalquens, Frontignan, <strong>Le Grau-du-Roi<\/strong>, Limoux, Moissac, St-Agne, Villefranche-de-Lauragais, <strong>Aigues-Mortes<\/strong>, Baraqueville, Boussens, Carmaux, Elne, L\u00e9zignan-Corbi\u00e8res, <strong>Langogne<\/strong>, <strong>Grand Combe la Pise<\/strong>, <strong>S\u00e9verac le Ch\u00e2teau<\/strong>, Tarascon-sur-Ari\u00e8ge, Tournay et Vauvert.<br \/>\n&nbsp;<br \/>\n<em>Les gares automatis\u00e9es actuelles et en cours d&rsquo;\u00e9quipement en Occitanie.<\/em><br \/>\n<img loading=\"lazy\" decoding=\"async\" class=\" aligncenter size-full wp-image-3129\" src=\"http:\/\/5.45.101.177\/haut-allier\/usagers-transportse\/wp-content\/uploads\/2020\/12\/screenshot-www.google.com-2020.12.29-06_58_40.jpg\" alt=\"screenshot-www.google.com-2020.12.29-06_58_40.jpg\" align=\"center\" width=\"675\" height=\"457\" srcset=\"https:\/\/usagers-transports.haut-allier.eu\/wp-content\/uploads\/2020\/12\/screenshot-www.google.com-2020.12.29-06_58_40.jpg 675w, https:\/\/usagers-transports.haut-allier.eu\/wp-content\/uploads\/2020\/12\/screenshot-www.google.com-2020.12.29-06_58_40-300x203.jpg 300w\" sizes=\"auto, (max-width: 675px) 100vw, 675px\" \/><br \/>\n&nbsp;<br \/>\nA quoi s&rsquo;attendre de nouveau dans ces gares ? L&rsquo;article nous le dit :<br \/>\n&nbsp;<br \/>\n&#8211; une \u00ab\u00a0smart station\u00a0\u00bb, syst\u00e8me de Gestion Technique du B\u00e2timent automatis\u00e9.<br \/>\n&#8211; un changement des luminaires par des Led.<br \/>\n&#8211; la mise en place du WiFi si n\u00e9cessaire.<br \/>\n&#8211; la mise en place de portes automatiques.<br \/>\n&#8211; de nouveaux tableaux \u00e9lectriques.<br \/>\n&nbsp;<br \/>\nVous aviez r\u00eav\u00e9 de vrais services comme de nouveaux distributeurs de billets, un meilleur confort pour l&rsquo;attente, des consignes automatiques ou des prises \u00e9lectriques pour recharger vos indispensables t\u00e9l\u00e9phones ? Non. Rien de plus pr\u00e9vu pour le moment, utilisez votre propre smartphone pour acheter et r\u00e9gler vos tickets&#8230; et patientez debout dans les halls puisqu&rsquo;on y r\u00e9duit m\u00eame le nombre de bancs disponible comme r\u00e9cemment \u00e0 Langeac.<br \/>\n&nbsp;<br \/>\n<strong>Et c\u00f4t\u00e9 TER AuRA donc ?<\/strong><br \/>\n&nbsp;<br \/>\nAucune annonce en ce sens. On y pr\u00e9f\u00e8re pour le moment les gares ferm\u00e9es aux usagers.<br \/>\n&nbsp;<br \/>\n<em>[En logo la gare de Laifour (Meuse) enti\u00e8rement automatis\u00e9e]<\/em><\/p>\n","protected":false},"excerpt":{"rendered":"<p>Tr\u00e8s bon article du site Actu TER Occitanie qui fait le point sur la transition des gares vers<\/p>\n","protected":false},"author":1,"featured_media":3128,"comment_status":"open","ping_status":"open","sticky":false,"template":"","format":"standard","meta":{"footnotes":""},"categories":[2],"tags":[],"class_list":["post-722","post","type-post","status-publish","format-standard","has-post-thumbnail","hentry","category-infos"],"_links":{"self":[{"href":"https:\/\/usagers-transports.haut-allier.eu\/index.php\/wp-json\/wp\/v2\/posts\/722","targetHints":{"allow":["GET"]}}],"collection":[{"href":"https:\/\/usagers-transports.haut-allier.eu\/index.php\/wp-json\/wp\/v2\/posts"}],"about":[{"href":"https:\/\/usagers-transports.haut-allier.eu\/index.php\/wp-json\/wp\/v2\/types\/post"}],"author":[{"embeddable":true,"href":"https:\/\/usagers-transports.haut-allier.eu\/index.php\/wp-json\/wp\/v2\/users\/1"}],"replies":[{"embeddable":true,"href":"https:\/\/usagers-transports.haut-allier.eu\/index.php\/wp-json\/wp\/v2\/comments?post=722"}],"version-history":[{"count":0,"href":"https:\/\/usagers-transports.haut-allier.eu\/index.php\/wp-json\/wp\/v2\/posts\/722\/revisions"}],"wp:featuredmedia":[{"embeddable":true,"href":"https:\/\/usagers-transports.haut-allier.eu\/index.php\/wp-json\/wp\/v2\/media\/3128"}],"wp:attachment":[{"href":"https:\/\/usagers-transports.haut-allier.eu\/index.php\/wp-json\/wp\/v2\/media?parent=722"}],"wp:term":[{"taxonomy":"category","embeddable":true,"href":"https:\/\/usagers-transports.haut-allier.eu\/index.php\/wp-json\/wp\/v2\/categories?post=722"},{"taxonomy":"post_tag","embeddable":true,"href":"https:\/\/usagers-transports.haut-allier.eu\/index.php\/wp-json\/wp\/v2\/tags?post=722"}],"curies":[{"name":"wp","href":"https:\/\/api.w.org\/{rel}","templated":true}]}}