{"id":724,"date":"2021-01-09T07:54:07","date_gmt":"2021-01-09T06:54:07","guid":{"rendered":"http:\/\/5.45.101.177\/haut-allier\/usagers-transportse\/index.php\/2021\/01\/09\/lignes-des-trains-aubrac-et724\/"},"modified":"2021-01-09T07:54:07","modified_gmt":"2021-01-09T06:54:07","slug":"lignes-des-trains-aubrac-et724","status":"publish","type":"post","link":"https:\/\/usagers-transports.haut-allier.eu\/index.php\/2021\/01\/09\/lignes-des-trains-aubrac-et724\/","title":{"rendered":"Lignes des trains Aubrac et C\u00e9venol : les r\u00e9gions Occitanie et Auvergne Rh\u00f4ne Alpes demandent un traitement sp\u00e9cial \u00e0 l&rsquo;Etat"},"content":{"rendered":"<p><em>\u00ab\u00a0Les lignes hors lignes inter-r\u00e9gionales ( c&rsquo;est \u00e0 dire les lignes N\u00eemes Clermont-Ferrand dite &lsquo;Ligne des C\u00e9vennes&rsquo; et B\u00e9ziers Neussargues dite &lsquo;Ligne des Causses&rsquo; ) font l&rsquo;objet d&rsquo;une n\u00e9gociation s\u00e9par\u00e9e avec l&rsquo;Etat et la r\u00e9gion Auvergne Rh\u00f4ne Alpes \u00a0\u00bb pour laquelle la r\u00e9gion demande un engagement de l&rsquo;Etat nettement plus cons\u00e9quent pour ces lignes de vie du massif central. Nous n&rsquo;avons pas de r\u00e9ponse d\u00e9but janvier de la part du gouvernement \u00e0 ce sujet.\u00a0\u00bb<\/em> C&rsquo;est ce qu&rsquo;on peut lire dans la lettre des \u00e9lu-e-s communistes et apparent\u00e9s du groupe Nouveau Monde de janvier 2021 sous la plume de Jean-Luc Gibelin charg\u00e9 des transports \u00e0 la R\u00e9gion Occitanie. La d\u00e9marche \u00e9tait confidentielle, elle vient donc d&rsquo;\u00eatre rendue publique.<br \/>\n&nbsp;<br \/>\n<img loading=\"lazy\" decoding=\"async\" class=\" aligncenter size-full wp-image-3133\" src=\"http:\/\/5.45.101.177\/haut-allier\/usagers-transportse\/wp-content\/uploads\/2021\/01\/lettredecembre20janvier21-a-estrait.jpg\" alt=\"lettredecembre20janvier21-a-estrait.jpg\" align=\"center\" width=\"1058\" height=\"300\" srcset=\"https:\/\/usagers-transports.haut-allier.eu\/wp-content\/uploads\/2021\/01\/lettredecembre20janvier21-a-estrait.jpg 1058w, https:\/\/usagers-transports.haut-allier.eu\/wp-content\/uploads\/2021\/01\/lettredecembre20janvier21-a-estrait-300x85.jpg 300w, https:\/\/usagers-transports.haut-allier.eu\/wp-content\/uploads\/2021\/01\/lettredecembre20janvier21-a-estrait-1024x290.jpg 1024w, https:\/\/usagers-transports.haut-allier.eu\/wp-content\/uploads\/2021\/01\/lettredecembre20janvier21-a-estrait-768x218.jpg 768w\" sizes=\"auto, (max-width: 1058px) 100vw, 1058px\" \/><br \/>\n&nbsp;<br \/>\nLes r\u00e9gions appuient donc elles aussi, avec nous la n\u00e9cessit\u00e9 d&rsquo;un plan sp\u00e9cial de renouvellement des deux lignes financ\u00e9 par l&rsquo;Etat. Pour rappel nous demandons de notre c\u00f4t\u00e9 au gouvernement, avec 3 autres groupes de d\u00e9fense d&rsquo;usagers, une <a href=\"https:\/\/usagers-transports.haut-allier.eu\/?les-usagers-de-la-ligne-du-train,719\"><strong>r\u00e9g\u00e9n\u00e9ration totale<\/strong><\/a> de toutes les lignes du massif central avec la remise en circulation des tron\u00e7ons Thiers Bo\u00ebn de la ligne directe Clermont-Ferrand Saint-Etienne, S\u00e9verac le Ch\u00e2teau Rodez, et Montlu\u00e7on Eveaux les Bains sur l&rsquo;axe Montlu\u00e7on Ussel Brive, ferm\u00e9s il y a quelques ann\u00e9es seulement. Pour le moment la SNCF r\u00e9pond dans le reportage de France 3 Auvergne \u00e9voquant notre lettre \u00e0 Jean-Pierre Farandou, PDG du groupe, et \u00e0 l&rsquo;Etat : \u00ab\u00a0Sur les 300 millions d&rsquo;euros n\u00e9cessaires pour la ligne du C\u00e9venol, 50 sont budg\u00e9t\u00e9s, on ne peut pas tout faire.\u00a0\u00bb Cette r\u00e9ponse ne nous satisfait pas. Nous demandons une r\u00e9g\u00e9n\u00e9ration compl\u00e8te de la voie m\u00eame men\u00e9e par \u00e9tapes. Depuis dix ans ce n&rsquo;est pas le cas.<br \/>\n&nbsp;<br \/>\n[fond noir][blanc]L&rsquo;Etat fait donc la sourde oreille[\/blanc][\/fond noir]<br \/>\n&nbsp;<br \/>\nIl est pourtant grand temps d&rsquo;assurer ce grand chantier pour tous les habitants de notre massif de moyenne montagne qui y vivent, pour ses \u00e9tudiants et lyc\u00e9ens qui y travaillent, pour ses entreprises, pour ses visiteurs, touristes et randonneurs. Nous souhaitons qu&rsquo;il r\u00e9ponde favorablement bient\u00f4t. Avec un ministre des transports auvergnat, un Premier ministre favorable au train, des r\u00e9gions volontaristes, si la demande n&rsquo;aboutit pas, elle n&rsquo;aboutira jamais.<br \/>\n&nbsp;<br \/>\n<em>L&rsquo;article entier de Jean-Luc Gibelin, un point bilan int\u00e9ressant dans cette revue :<\/em><br \/>\n&nbsp;<br \/>\n<img loading=\"lazy\" decoding=\"async\" class=\" aligncenter size-full wp-image-3134\" src=\"http:\/\/5.45.101.177\/haut-allier\/usagers-transportse\/wp-content\/uploads\/2021\/01\/lettredecembre20janvier21-a.jpg\" alt=\"lettredecembre20janvier21-a.jpg\" align=\"center\" width=\"1199\" height=\"1696\" srcset=\"https:\/\/usagers-transports.haut-allier.eu\/wp-content\/uploads\/2021\/01\/lettredecembre20janvier21-a.jpg 1199w, https:\/\/usagers-transports.haut-allier.eu\/wp-content\/uploads\/2021\/01\/lettredecembre20janvier21-a-212x300.jpg 212w, https:\/\/usagers-transports.haut-allier.eu\/wp-content\/uploads\/2021\/01\/lettredecembre20janvier21-a-724x1024.jpg 724w, https:\/\/usagers-transports.haut-allier.eu\/wp-content\/uploads\/2021\/01\/lettredecembre20janvier21-a-768x1086.jpg 768w, https:\/\/usagers-transports.haut-allier.eu\/wp-content\/uploads\/2021\/01\/lettredecembre20janvier21-a-1086x1536.jpg 1086w\" sizes=\"auto, (max-width: 1199px) 100vw, 1199px\" \/><br \/>\n<img loading=\"lazy\" decoding=\"async\" class=\" aligncenter size-full wp-image-3135\" src=\"http:\/\/5.45.101.177\/haut-allier\/usagers-transportse\/wp-content\/uploads\/2021\/01\/lettredecembre20janvier21-b.jpg\" alt=\"lettredecembre20janvier21-b.jpg\" align=\"center\" width=\"1199\" height=\"1696\" srcset=\"https:\/\/usagers-transports.haut-allier.eu\/wp-content\/uploads\/2021\/01\/lettredecembre20janvier21-b.jpg 1199w, https:\/\/usagers-transports.haut-allier.eu\/wp-content\/uploads\/2021\/01\/lettredecembre20janvier21-b-212x300.jpg 212w, https:\/\/usagers-transports.haut-allier.eu\/wp-content\/uploads\/2021\/01\/lettredecembre20janvier21-b-724x1024.jpg 724w, https:\/\/usagers-transports.haut-allier.eu\/wp-content\/uploads\/2021\/01\/lettredecembre20janvier21-b-768x1086.jpg 768w, https:\/\/usagers-transports.haut-allier.eu\/wp-content\/uploads\/2021\/01\/lettredecembre20janvier21-b-1086x1536.jpg 1086w\" sizes=\"auto, (max-width: 1199px) 100vw, 1199px\" \/><br \/>\n&nbsp;<\/p>\n","protected":false},"excerpt":{"rendered":"<p>\u00ab\u00a0Les lignes hors lignes inter-r\u00e9gionales ( c&rsquo;est \u00e0 dire les lignes N\u00eemes Clermont-Ferrand dite &lsquo;Ligne des C\u00e9vennes&rsquo; et<\/p>\n","protected":false},"author":1,"featured_media":3132,"comment_status":"open","ping_status":"open","sticky":false,"template":"","format":"standard","meta":{"footnotes":""},"categories":[2],"tags":[],"class_list":["post-724","post","type-post","status-publish","format-standard","has-post-thumbnail","hentry","category-infos"],"_links":{"self":[{"href":"https:\/\/usagers-transports.haut-allier.eu\/index.php\/wp-json\/wp\/v2\/posts\/724","targetHints":{"allow":["GET"]}}],"collection":[{"href":"https:\/\/usagers-transports.haut-allier.eu\/index.php\/wp-json\/wp\/v2\/posts"}],"about":[{"href":"https:\/\/usagers-transports.haut-allier.eu\/index.php\/wp-json\/wp\/v2\/types\/post"}],"author":[{"embeddable":true,"href":"https:\/\/usagers-transports.haut-allier.eu\/index.php\/wp-json\/wp\/v2\/users\/1"}],"replies":[{"embeddable":true,"href":"https:\/\/usagers-transports.haut-allier.eu\/index.php\/wp-json\/wp\/v2\/comments?post=724"}],"version-history":[{"count":0,"href":"https:\/\/usagers-transports.haut-allier.eu\/index.php\/wp-json\/wp\/v2\/posts\/724\/revisions"}],"wp:featuredmedia":[{"embeddable":true,"href":"https:\/\/usagers-transports.haut-allier.eu\/index.php\/wp-json\/wp\/v2\/media\/3132"}],"wp:attachment":[{"href":"https:\/\/usagers-transports.haut-allier.eu\/index.php\/wp-json\/wp\/v2\/media?parent=724"}],"wp:term":[{"taxonomy":"category","embeddable":true,"href":"https:\/\/usagers-transports.haut-allier.eu\/index.php\/wp-json\/wp\/v2\/categories?post=724"},{"taxonomy":"post_tag","embeddable":true,"href":"https:\/\/usagers-transports.haut-allier.eu\/index.php\/wp-json\/wp\/v2\/tags?post=724"}],"curies":[{"name":"wp","href":"https:\/\/api.w.org\/{rel}","templated":true}]}}