{"id":725,"date":"2021-01-15T09:58:37","date_gmt":"2021-01-15T08:58:37","guid":{"rendered":"http:\/\/5.45.101.177\/haut-allier\/usagers-transportse\/index.php\/2021\/01\/15\/ligne-clermont-ferrand-paris-a725\/"},"modified":"2021-01-15T09:58:37","modified_gmt":"2021-01-15T08:58:37","slug":"ligne-clermont-ferrand-paris-a725","status":"publish","type":"post","link":"https:\/\/usagers-transports.haut-allier.eu\/index.php\/2021\/01\/15\/ligne-clermont-ferrand-paris-a725\/","title":{"rendered":"Ligne Clermont-Ferrand Paris : \u00e0 d\u00e9faut de ponctualit\u00e9 les usagers pourront bient\u00f4t choisir la d\u00e9co"},"content":{"rendered":"<p>La DGITM Direction g\u00e9n\u00e9rale des infrastructures, des transports et de la mer ainsi que SNCF Voyageurs travaillent sur la d\u00e9coration ext\u00e9rieure des 12 futures rames automotrices CAF qui \u00e9quiperont Clermont Ferrand Paris ( et \u00e9galement celles de Toulouse Limoges Paris ) avec l&rsquo;agence de design lyonnaise Avant-Premi\u00e8re. Ces rames sont en cours&#8230; d&rsquo;\u00e9tude chez le constructeur espagnol Construcci\u00f3nes y Auxiliar de Ferrocarrile, une entreprise cot\u00e9e en bourse, fond\u00e9e en 1917 officiellement, mais dont l&rsquo;histoire remonte \u00e0 1892, \u00e0 Beasain, dans le Pays Basque.<br \/>\n&nbsp;<br \/>\nEn France, CAF a gagn\u00e9 plusieurs contrats : les tramways de Besan\u00e7on, Nantes et Saint-\u00c9tienne ou encore les r\u00e9novations du RER A parisien et du m\u00e9tro de Lyon.<br \/>\n&nbsp;<br \/>\nLes constructions des rames du Paris Clermont sont r\u00e9alis\u00e9es dans l&rsquo;usine CAF de Bagn\u00e8res-de-Bigorre (Hautes-Pyr\u00e9n\u00e9es).<br \/>\n&nbsp;<br \/>\nLe choix de la livr\u00e9e ext\u00e9rieure se fera par l&rsquo;interm\u00e9diaire d&rsquo;une consultation publique et ouverte sur le site du minist\u00e8re des transports. Une votation organis\u00e9e entre le 30 janvier et le 7 f\u00e9vrier.<br \/>\n&nbsp;<br \/>\nA d\u00e9faut de pouvoir gagner du temps sur leur parcours avec ce nouveau train, \u00e0 d\u00e9faut aussi de pouvoir b\u00e9n\u00e9ficier d&rsquo;un service normal, r\u00e9gulier et ponctuel, les voyageurs auvergnats vers Paris, pourront toujours r\u00eaver sur la couleur et les motifs de leur futur wagon&#8230;<br \/>\n&nbsp;<br \/>\n<em>Notre belle proposition pour les futures rames Clermont Paris&#8230;<\/em><br \/>\n&nbsp;<br \/>\n<img loading=\"lazy\" decoding=\"async\" class=\" aligncenter size-full wp-image-3137\" src=\"http:\/\/5.45.101.177\/haut-allier\/usagers-transportse\/wp-content\/uploads\/2021\/01\/rame-futur-clermont-paris-en-exclu-lulu.jpg\" alt=\"rame-futur-clermont-paris-en-exclu-lulu.jpg\" align=\"center\" width=\"776\" height=\"350\" srcset=\"https:\/\/usagers-transports.haut-allier.eu\/wp-content\/uploads\/2021\/01\/rame-futur-clermont-paris-en-exclu-lulu.jpg 776w, https:\/\/usagers-transports.haut-allier.eu\/wp-content\/uploads\/2021\/01\/rame-futur-clermont-paris-en-exclu-lulu-300x135.jpg 300w, https:\/\/usagers-transports.haut-allier.eu\/wp-content\/uploads\/2021\/01\/rame-futur-clermont-paris-en-exclu-lulu-768x346.jpg 768w\" sizes=\"auto, (max-width: 776px) 100vw, 776px\" \/><\/p>\n","protected":false},"excerpt":{"rendered":"<p>La DGITM Direction g\u00e9n\u00e9rale des infrastructures, des transports et de la mer ainsi que SNCF Voyageurs travaillent sur<\/p>\n","protected":false},"author":1,"featured_media":3136,"comment_status":"open","ping_status":"open","sticky":false,"template":"","format":"standard","meta":{"footnotes":""},"categories":[2],"tags":[],"class_list":["post-725","post","type-post","status-publish","format-standard","has-post-thumbnail","hentry","category-infos"],"_links":{"self":[{"href":"https:\/\/usagers-transports.haut-allier.eu\/index.php\/wp-json\/wp\/v2\/posts\/725","targetHints":{"allow":["GET"]}}],"collection":[{"href":"https:\/\/usagers-transports.haut-allier.eu\/index.php\/wp-json\/wp\/v2\/posts"}],"about":[{"href":"https:\/\/usagers-transports.haut-allier.eu\/index.php\/wp-json\/wp\/v2\/types\/post"}],"author":[{"embeddable":true,"href":"https:\/\/usagers-transports.haut-allier.eu\/index.php\/wp-json\/wp\/v2\/users\/1"}],"replies":[{"embeddable":true,"href":"https:\/\/usagers-transports.haut-allier.eu\/index.php\/wp-json\/wp\/v2\/comments?post=725"}],"version-history":[{"count":0,"href":"https:\/\/usagers-transports.haut-allier.eu\/index.php\/wp-json\/wp\/v2\/posts\/725\/revisions"}],"wp:featuredmedia":[{"embeddable":true,"href":"https:\/\/usagers-transports.haut-allier.eu\/index.php\/wp-json\/wp\/v2\/media\/3136"}],"wp:attachment":[{"href":"https:\/\/usagers-transports.haut-allier.eu\/index.php\/wp-json\/wp\/v2\/media?parent=725"}],"wp:term":[{"taxonomy":"category","embeddable":true,"href":"https:\/\/usagers-transports.haut-allier.eu\/index.php\/wp-json\/wp\/v2\/categories?post=725"},{"taxonomy":"post_tag","embeddable":true,"href":"https:\/\/usagers-transports.haut-allier.eu\/index.php\/wp-json\/wp\/v2\/tags?post=725"}],"curies":[{"name":"wp","href":"https:\/\/api.w.org\/{rel}","templated":true}]}}