{"id":726,"date":"2021-01-19T07:45:54","date_gmt":"2021-01-19T06:45:54","guid":{"rendered":"http:\/\/5.45.101.177\/haut-allier\/usagers-transportse\/index.php\/2021\/01\/19\/ligne-du-train-aubrac-beziers726\/"},"modified":"2021-01-19T07:45:54","modified_gmt":"2021-01-19T06:45:54","slug":"ligne-du-train-aubrac-beziers726","status":"publish","type":"post","link":"https:\/\/usagers-transports.haut-allier.eu\/index.php\/2021\/01\/19\/ligne-du-train-aubrac-beziers726\/","title":{"rendered":"Ligne du train Aubrac B\u00e9ziers Clermont-Ferrand : la SNCF coupe unilat\u00e9ralement les circulations jusqu&rsquo;en septembre 2021 !"},"content":{"rendered":"<p>Sans consulter les r\u00e9gions, pr\u00eates \u00e0 financer des travaux d&rsquo;infrastructures hors de leur comp\u00e9tence, sans consulter les \u00e9lus, sans consulter les habitants, sans consulter les industriels, l&rsquo;entreprise dite ferroviaire vient de fermer le service de train sur la ligne des Causses sur tout le sud du Massif central et propose ses bus que personne ne prendra. Les pr\u00e9cisions ici dans cet article de la D\u00e9p\u00eache du Midi du 19 janvier<br \/>\n&nbsp;<br \/>\n<img loading=\"lazy\" decoding=\"async\" class=\" aligncenter size-full wp-image-3139\" src=\"http:\/\/5.45.101.177\/haut-allier\/usagers-transportse\/wp-content\/uploads\/2021\/01\/article-2021-01-19-04-20-50547.png\" alt=\"article-2021-01-19-04-20-50547.png\" align=\"center\" width=\"344\" height=\"412\" srcset=\"https:\/\/usagers-transports.haut-allier.eu\/wp-content\/uploads\/2021\/01\/article-2021-01-19-04-20-50547.png 344w, https:\/\/usagers-transports.haut-allier.eu\/wp-content\/uploads\/2021\/01\/article-2021-01-19-04-20-50547-250x300.png 250w\" sizes=\"auto, (max-width: 344px) 100vw, 344px\" \/>:<br \/>\n&nbsp;<br \/>\nL&rsquo;association de d\u00e9fense AMIGA vient de lancer une campagne de mobilisation de tous contre cette fermeture pr\u00e9vue. Antoine, un de ses animateurs nous confie :<br \/>\n&nbsp;<br \/>\n<em>\u00ab\u00a0La situation est scandaleuse sur l\u2019Aubrac. Tout le monde a \u00e9t\u00e9 mis devant le fait accompli de la suppression de l\u2019Aubrac en mode ferroviaire au sud de Saint-Ch\u00e9ly d\u00e8s le 25\/01. \u00c7a a beaucoup r\u00e2l\u00e9  y compris c\u00f4t\u00e9 r\u00e9gion Occitanie qui n\u2019avait m\u00eame pas \u00e9t\u00e9 mise au courant. Les discussions sont en cours, on devrait avoir plus de nouvelles d\u2019ici la semaine prochaine.\u00a0\u00bb<\/em><br \/>\n&nbsp;<br \/>\nL&rsquo;excellente lettre envoy\u00e9e par l&rsquo;association au ministre des transports, au PDG de la SNCF et au directeur de la DGTIM :<br \/>\n&nbsp;<br \/>\n<img loading=\"lazy\" decoding=\"async\" class=\" aligncenter size-full wp-image-3140\" src=\"http:\/\/5.45.101.177\/haut-allier\/usagers-transportse\/wp-content\/uploads\/2021\/01\/lettreouverte00.jpg\" alt=\"lettreouverte00.jpg\" align=\"center\" width=\"1207\" height=\"1824\" srcset=\"https:\/\/usagers-transports.haut-allier.eu\/wp-content\/uploads\/2021\/01\/lettreouverte00.jpg 1207w, https:\/\/usagers-transports.haut-allier.eu\/wp-content\/uploads\/2021\/01\/lettreouverte00-199x300.jpg 199w, https:\/\/usagers-transports.haut-allier.eu\/wp-content\/uploads\/2021\/01\/lettreouverte00-678x1024.jpg 678w, https:\/\/usagers-transports.haut-allier.eu\/wp-content\/uploads\/2021\/01\/lettreouverte00-768x1161.jpg 768w, https:\/\/usagers-transports.haut-allier.eu\/wp-content\/uploads\/2021\/01\/lettreouverte00-1016x1536.jpg 1016w\" sizes=\"auto, (max-width: 1207px) 100vw, 1207px\" \/><br \/>\n&nbsp;<br \/>\n<img loading=\"lazy\" decoding=\"async\" class=\" aligncenter size-full wp-image-3141\" src=\"http:\/\/5.45.101.177\/haut-allier\/usagers-transportse\/wp-content\/uploads\/2021\/01\/lettreouverte01.jpg\" alt=\"lettreouverte01.jpg\" align=\"center\" width=\"1208\" height=\"1814\" srcset=\"https:\/\/usagers-transports.haut-allier.eu\/wp-content\/uploads\/2021\/01\/lettreouverte01.jpg 1208w, https:\/\/usagers-transports.haut-allier.eu\/wp-content\/uploads\/2021\/01\/lettreouverte01-200x300.jpg 200w, https:\/\/usagers-transports.haut-allier.eu\/wp-content\/uploads\/2021\/01\/lettreouverte01-682x1024.jpg 682w, https:\/\/usagers-transports.haut-allier.eu\/wp-content\/uploads\/2021\/01\/lettreouverte01-768x1153.jpg 768w, https:\/\/usagers-transports.haut-allier.eu\/wp-content\/uploads\/2021\/01\/lettreouverte01-1023x1536.jpg 1023w\" sizes=\"auto, (max-width: 1208px) 100vw, 1208px\" \/><br \/>\n&nbsp;<br \/>\n<img loading=\"lazy\" decoding=\"async\" class=\" aligncenter size-full wp-image-3142\" src=\"http:\/\/5.45.101.177\/haut-allier\/usagers-transportse\/wp-content\/uploads\/2021\/01\/lettreouverte02.jpg\" alt=\"lettreouverte02.jpg\" align=\"center\" width=\"1191\" height=\"1765\" srcset=\"https:\/\/usagers-transports.haut-allier.eu\/wp-content\/uploads\/2021\/01\/lettreouverte02.jpg 1191w, https:\/\/usagers-transports.haut-allier.eu\/wp-content\/uploads\/2021\/01\/lettreouverte02-202x300.jpg 202w, https:\/\/usagers-transports.haut-allier.eu\/wp-content\/uploads\/2021\/01\/lettreouverte02-691x1024.jpg 691w, https:\/\/usagers-transports.haut-allier.eu\/wp-content\/uploads\/2021\/01\/lettreouverte02-768x1138.jpg 768w, https:\/\/usagers-transports.haut-allier.eu\/wp-content\/uploads\/2021\/01\/lettreouverte02-1036x1536.jpg 1036w\" sizes=\"auto, (max-width: 1191px) 100vw, 1191px\" \/><br \/>\n&nbsp;<br \/>\n&nbsp;<br \/>\n[fond rouge][blanc]<strong>Une p\u00e9tition \u00ab\u00a0Urgence Aubrac\u00a0\u00bb est en cours et a d\u00e9j\u00e0 enregistr\u00e9 un millier signatures<\/strong>[\/blanc][\/fond rouge]<br \/>\n&nbsp;<br \/>\n<a href=\"https:\/\/www.change.org\/p\/urgence-aubrac?recruited_by_id=a4b97c00-50c9-11eb-86a9-e10d3ebf2ae5&#038;utm_source=share_petition&#038;utm_medium=copylink&#038;utm_campaign=psf_combo_share_initial\"><strong>On peut la signer ici.<\/strong><\/a><br \/>\n&nbsp;<\/p>\n","protected":false},"excerpt":{"rendered":"<p>Sans consulter les r\u00e9gions, pr\u00eates \u00e0 financer des travaux d&rsquo;infrastructures hors de leur comp\u00e9tence, sans consulter les \u00e9lus,<\/p>\n","protected":false},"author":1,"featured_media":3138,"comment_status":"open","ping_status":"open","sticky":false,"template":"","format":"standard","meta":{"footnotes":""},"categories":[2],"tags":[],"class_list":["post-726","post","type-post","status-publish","format-standard","has-post-thumbnail","hentry","category-infos"],"_links":{"self":[{"href":"https:\/\/usagers-transports.haut-allier.eu\/index.php\/wp-json\/wp\/v2\/posts\/726","targetHints":{"allow":["GET"]}}],"collection":[{"href":"https:\/\/usagers-transports.haut-allier.eu\/index.php\/wp-json\/wp\/v2\/posts"}],"about":[{"href":"https:\/\/usagers-transports.haut-allier.eu\/index.php\/wp-json\/wp\/v2\/types\/post"}],"author":[{"embeddable":true,"href":"https:\/\/usagers-transports.haut-allier.eu\/index.php\/wp-json\/wp\/v2\/users\/1"}],"replies":[{"embeddable":true,"href":"https:\/\/usagers-transports.haut-allier.eu\/index.php\/wp-json\/wp\/v2\/comments?post=726"}],"version-history":[{"count":0,"href":"https:\/\/usagers-transports.haut-allier.eu\/index.php\/wp-json\/wp\/v2\/posts\/726\/revisions"}],"wp:featuredmedia":[{"embeddable":true,"href":"https:\/\/usagers-transports.haut-allier.eu\/index.php\/wp-json\/wp\/v2\/media\/3138"}],"wp:attachment":[{"href":"https:\/\/usagers-transports.haut-allier.eu\/index.php\/wp-json\/wp\/v2\/media?parent=726"}],"wp:term":[{"taxonomy":"category","embeddable":true,"href":"https:\/\/usagers-transports.haut-allier.eu\/index.php\/wp-json\/wp\/v2\/categories?post=726"},{"taxonomy":"post_tag","embeddable":true,"href":"https:\/\/usagers-transports.haut-allier.eu\/index.php\/wp-json\/wp\/v2\/tags?post=726"}],"curies":[{"name":"wp","href":"https:\/\/api.w.org\/{rel}","templated":true}]}}