{"id":728,"date":"2021-01-26T07:47:42","date_gmt":"2021-01-26T06:47:42","guid":{"rendered":"http:\/\/5.45.101.177\/haut-allier\/usagers-transportse\/index.php\/2021\/01\/26\/abandon-du-massif-central-sur-la728\/"},"modified":"2021-01-26T07:47:42","modified_gmt":"2021-01-26T06:47:42","slug":"abandon-du-massif-central-sur-la728","status":"publish","type":"post","link":"https:\/\/usagers-transports.haut-allier.eu\/index.php\/2021\/01\/26\/abandon-du-massif-central-sur-la728\/","title":{"rendered":"Abandon du Massif central : sur la ligne Eygurande Merlines Montlu\u00e7on Combrail se mobilise"},"content":{"rendered":"<p>L&rsquo;OFP, op\u00e9rateur ferroviaire de proximit\u00e9 Combrail assure depuis 2016 l\u2019acheminement de 40 000 tonnes annuelles de bobines de papier et de d\u00e9chets carton sur la section de ligne Courpi\u00e8re Giroux dans le Puy-de-D\u00f4me.<br \/>\n&nbsp;<br \/>\nLa structure se met en marche pour \u00e9viter le d\u00e9classement de la ligne demand\u00e9 par la Communaut\u00e9 de Communes de Creuse Confluence et Montlu\u00e7on Communaut\u00e9 en mars 2019, une section de cette ligne pourrait se transformer en voie verte. Voil\u00e0 une d\u00e9cision cynique et scandaleuse qui pour une fois accompagne les objectifs de SNCF : supprimer et fermer le maximum de lignes du Massif central.<br \/>\n&nbsp;<br \/>\nLe fret est essentiel et doit \u00eatre inclus dans nos demandes de renouvellement des lignes d&rsquo;Auvergne, d&rsquo;Occitanie, du Limousin.<br \/>\n&nbsp;<br \/>\nL&rsquo;article complet est \u00e0 lire sur :<br \/>\n&nbsp;<br \/>\n&#8211; Actu transports logistique : <a href=\"https:\/\/www.actu-transport-logistique.fr\/ferroviaire\/fret-ferroviaire-combrail-se-mobilise-pour-eviter-le-declassement-dune-ligne-capillaire-631083.php\"><em>Fret ferroviaire &#8211; Combrail se mobilise pour \u00e9viter le d\u00e9classement d\u2019une ligne capillaire<\/em> <\/a><br \/>\n&nbsp;<\/p>\n","protected":false},"excerpt":{"rendered":"<p>L&rsquo;OFP, op\u00e9rateur ferroviaire de proximit\u00e9 Combrail assure depuis 2016 l\u2019acheminement de 40 000 tonnes annuelles de bobines de<\/p>\n","protected":false},"author":1,"featured_media":3144,"comment_status":"open","ping_status":"open","sticky":false,"template":"","format":"standard","meta":{"footnotes":""},"categories":[2],"tags":[],"class_list":["post-728","post","type-post","status-publish","format-standard","has-post-thumbnail","hentry","category-infos"],"_links":{"self":[{"href":"https:\/\/usagers-transports.haut-allier.eu\/index.php\/wp-json\/wp\/v2\/posts\/728","targetHints":{"allow":["GET"]}}],"collection":[{"href":"https:\/\/usagers-transports.haut-allier.eu\/index.php\/wp-json\/wp\/v2\/posts"}],"about":[{"href":"https:\/\/usagers-transports.haut-allier.eu\/index.php\/wp-json\/wp\/v2\/types\/post"}],"author":[{"embeddable":true,"href":"https:\/\/usagers-transports.haut-allier.eu\/index.php\/wp-json\/wp\/v2\/users\/1"}],"replies":[{"embeddable":true,"href":"https:\/\/usagers-transports.haut-allier.eu\/index.php\/wp-json\/wp\/v2\/comments?post=728"}],"version-history":[{"count":0,"href":"https:\/\/usagers-transports.haut-allier.eu\/index.php\/wp-json\/wp\/v2\/posts\/728\/revisions"}],"wp:featuredmedia":[{"embeddable":true,"href":"https:\/\/usagers-transports.haut-allier.eu\/index.php\/wp-json\/wp\/v2\/media\/3144"}],"wp:attachment":[{"href":"https:\/\/usagers-transports.haut-allier.eu\/index.php\/wp-json\/wp\/v2\/media?parent=728"}],"wp:term":[{"taxonomy":"category","embeddable":true,"href":"https:\/\/usagers-transports.haut-allier.eu\/index.php\/wp-json\/wp\/v2\/categories?post=728"},{"taxonomy":"post_tag","embeddable":true,"href":"https:\/\/usagers-transports.haut-allier.eu\/index.php\/wp-json\/wp\/v2\/tags?post=728"}],"curies":[{"name":"wp","href":"https:\/\/api.w.org\/{rel}","templated":true}]}}