{"id":729,"date":"2021-01-26T13:47:09","date_gmt":"2021-01-26T12:47:09","guid":{"rendered":"http:\/\/5.45.101.177\/haut-allier\/usagers-transportse\/index.php\/2021\/01\/26\/la-reponse-de-l-etat-concernant-la729\/"},"modified":"2021-01-26T13:47:09","modified_gmt":"2021-01-26T12:47:09","slug":"la-reponse-de-l-etat-concernant-la729","status":"publish","type":"post","link":"https:\/\/usagers-transports.haut-allier.eu\/index.php\/2021\/01\/26\/la-reponse-de-l-etat-concernant-la729\/","title":{"rendered":"La r\u00e9ponse de l&rsquo;Etat concernant la r\u00e9g\u00e9n\u00e9ration des lignes Aubrac, C\u00e9venol et du H loz\u00e9rien se fait attendre"},"content":{"rendered":"<p>Suite au dialogue engag\u00e9 par les r\u00e9gions Occitanie et Auvergne Rh\u00f4ne Alpes et l&rsquo;Etat ce 18 janvier nous apprenons dans un entretien que nous a accord\u00e9 Jean-Luc Gibelin, Vice-pr\u00e9sident de la r\u00e9gion Occitanie charg\u00e9 des mobilit\u00e9s, que sa r\u00e9gion a propos\u00e9 rien que pour la ligne de l&rsquo;Aubrac un financement de 38 M d&rsquo;euros \u00e0 partir de 2024, et ce en plus des 11,5 M d\u00e9j\u00e0 engag\u00e9s pour les travaux d&rsquo;urgence dont une partie reste \u00e0 effectuer. La demande des deux r\u00e9gions est un engagement de l&rsquo;Etat sp\u00e9cifique pour 3 lignes vitales du sud du Massif central : non pas \u00e0 33% comme cela est pr\u00e9vu actuellement pour les \u00ab\u00a0lignes de desserte fine\u00a0\u00bb mais un financement plus cons\u00e9quent.<br \/>\n&nbsp;<br \/>\n[fond noir][blanc]Et donc pour la ligne du C\u00e9venol ?[\/blanc][\/fond noir]<br \/>\n&nbsp;<br \/>\nLa discussion porte sur la ligne de B\u00e9ziers \u00e0 Neussargues, la ligne de N\u00eemes \u00e0 Clermont Ferrand ainsi que le H loz\u00e9rien soit La Bastide Saint-Laurent les Bains au Monastier. \u00ab\u00a0L&rsquo;\u00e9tat nous dit qu&rsquo;il fera partie du tour de table mais sans nous dire dans quelle proportion\u00a0\u00bb explique-t-il. Donc pour l&rsquo;instant l&rsquo;Etat fait la sourde oreille alors que sa r\u00e9ponse devait \u00eatre donn\u00e9e depuis d\u00e9cembre dernier.<br \/>\n&nbsp;<br \/>\n\u00ab\u00a0Une autre r\u00e9union est pr\u00e9vue dans 3 semaines\u00a0\u00bb dit Jean-Luc Gibelin.<br \/>\n&nbsp;<br \/>\nOn peut lire aussi un article de Midi Libre du 25 janvier 2021 : <a href=\"https:\/\/www.midilibre.fr\/2021\/01\/26\/beziers-malgre-le-sursis-obtenu-lavenir-du-train-aubrac-suscite-linquietude-9333386.php#:&nbsp;:text=Transports-,B%C3%A9ziers%20%3A%20malgr%C3%A9%20le%20sursis%20obtenu%2C%20l'avenir%20du,train%20Aubrac%20suscite%20l'inqui%C3%A9tude&#038;text=La%20SNCF%20a%20r%C3%A9cemment%20annonc%C3%A9,inscrit%20cependant%20toujours%20en%20pointill%C3%A9%E2%80%A6\"><em>Malgr\u00e9 le sursis obtenu, l&rsquo;avenir du train Aubrac suscite l&rsquo;inqui\u00e9tude.<\/em> <\/a><br \/>\n&nbsp;<br \/>\n<img loading=\"lazy\" decoding=\"async\" class=\" aligncenter size-full wp-image-3146\" src=\"http:\/\/5.45.101.177\/haut-allier\/usagers-transportse\/wp-content\/uploads\/2021\/01\/article-2021-01-26-05-06-33728.png\" alt=\"article-2021-01-26-05-06-33728.png\" align=\"center\" width=\"1069\" height=\"546\" srcset=\"https:\/\/usagers-transports.haut-allier.eu\/wp-content\/uploads\/2021\/01\/article-2021-01-26-05-06-33728.png 1069w, https:\/\/usagers-transports.haut-allier.eu\/wp-content\/uploads\/2021\/01\/article-2021-01-26-05-06-33728-300x153.png 300w, https:\/\/usagers-transports.haut-allier.eu\/wp-content\/uploads\/2021\/01\/article-2021-01-26-05-06-33728-1024x523.png 1024w, https:\/\/usagers-transports.haut-allier.eu\/wp-content\/uploads\/2021\/01\/article-2021-01-26-05-06-33728-768x392.png 768w\" sizes=\"auto, (max-width: 1069px) 100vw, 1069px\" \/><br \/>\n&nbsp;<br \/>\n<img loading=\"lazy\" decoding=\"async\" class=\" aligncenter size-full wp-image-3147\" src=\"http:\/\/5.45.101.177\/haut-allier\/usagers-transportse\/wp-content\/uploads\/2021\/01\/article-2021-01-26-05-06-349140.png\" alt=\"article-2021-01-26-05-06-349140.png\" align=\"center\" width=\"1072\" height=\"405\" srcset=\"https:\/\/usagers-transports.haut-allier.eu\/wp-content\/uploads\/2021\/01\/article-2021-01-26-05-06-349140.png 1072w, https:\/\/usagers-transports.haut-allier.eu\/wp-content\/uploads\/2021\/01\/article-2021-01-26-05-06-349140-300x113.png 300w, https:\/\/usagers-transports.haut-allier.eu\/wp-content\/uploads\/2021\/01\/article-2021-01-26-05-06-349140-1024x387.png 1024w, https:\/\/usagers-transports.haut-allier.eu\/wp-content\/uploads\/2021\/01\/article-2021-01-26-05-06-349140-768x290.png 768w\" sizes=\"auto, (max-width: 1072px) 100vw, 1072px\" \/><br \/>\n&nbsp;<\/p>\n","protected":false},"excerpt":{"rendered":"<p>Suite au dialogue engag\u00e9 par les r\u00e9gions Occitanie et Auvergne Rh\u00f4ne Alpes et l&rsquo;Etat ce 18 janvier nous<\/p>\n","protected":false},"author":1,"featured_media":3145,"comment_status":"open","ping_status":"open","sticky":false,"template":"","format":"standard","meta":{"footnotes":""},"categories":[2],"tags":[],"class_list":["post-729","post","type-post","status-publish","format-standard","has-post-thumbnail","hentry","category-infos"],"_links":{"self":[{"href":"https:\/\/usagers-transports.haut-allier.eu\/index.php\/wp-json\/wp\/v2\/posts\/729","targetHints":{"allow":["GET"]}}],"collection":[{"href":"https:\/\/usagers-transports.haut-allier.eu\/index.php\/wp-json\/wp\/v2\/posts"}],"about":[{"href":"https:\/\/usagers-transports.haut-allier.eu\/index.php\/wp-json\/wp\/v2\/types\/post"}],"author":[{"embeddable":true,"href":"https:\/\/usagers-transports.haut-allier.eu\/index.php\/wp-json\/wp\/v2\/users\/1"}],"replies":[{"embeddable":true,"href":"https:\/\/usagers-transports.haut-allier.eu\/index.php\/wp-json\/wp\/v2\/comments?post=729"}],"version-history":[{"count":0,"href":"https:\/\/usagers-transports.haut-allier.eu\/index.php\/wp-json\/wp\/v2\/posts\/729\/revisions"}],"wp:featuredmedia":[{"embeddable":true,"href":"https:\/\/usagers-transports.haut-allier.eu\/index.php\/wp-json\/wp\/v2\/media\/3145"}],"wp:attachment":[{"href":"https:\/\/usagers-transports.haut-allier.eu\/index.php\/wp-json\/wp\/v2\/media?parent=729"}],"wp:term":[{"taxonomy":"category","embeddable":true,"href":"https:\/\/usagers-transports.haut-allier.eu\/index.php\/wp-json\/wp\/v2\/categories?post=729"},{"taxonomy":"post_tag","embeddable":true,"href":"https:\/\/usagers-transports.haut-allier.eu\/index.php\/wp-json\/wp\/v2\/tags?post=729"}],"curies":[{"name":"wp","href":"https:\/\/api.w.org\/{rel}","templated":true}]}}