{"id":73,"date":"2013-09-17T08:50:19","date_gmt":"2013-09-17T06:50:19","guid":{"rendered":"http:\/\/5.45.101.177\/haut-allier\/usagers-transportse\/index.php\/2013\/09\/17\/semaine-de-l-im-mobilite-en-haut073\/"},"modified":"2013-09-17T08:50:19","modified_gmt":"2013-09-17T06:50:19","slug":"semaine-de-l-im-mobilite-en-haut073","status":"publish","type":"post","link":"https:\/\/usagers-transports.haut-allier.eu\/index.php\/2013\/09\/17\/semaine-de-l-im-mobilite-en-haut073\/","title":{"rendered":"Semaine de l'(im) mobilit\u00e9 : en Haut Allier aucun train depuis le 2 septembre et une TVA sur les billets qui va doubler !"},"content":{"rendered":"<p>Acteurs des transports publics et politiques se gargarisent cette semaine dite de la mobilit\u00e9 pour vanter qui par ci un nouveau v\u00e9hicule \u00e9lectrique qui par l\u00e0 des bus &lsquo;\u00e0 haut niveau de service&rsquo; mais aucune voix pour vanter l&rsquo;absence de service ferroviaire pendant deux mois dans certaines vall\u00e9es du massif central et notamment dans les gorges de l&rsquo;Allier et le Haut Allier&#8230;<\/p>\n<p>Aucun communiquant non plus pour exposer l&rsquo;excellente initiative du gouvernement de porter la TVA sur les billets de 5,5 \u00e0 10% en 2014 ! Le besoin de transports \u00e9tant jug\u00e9 non essentiel (si si !), ni de premi\u00e8re n\u00e9cessit\u00e9, les tickets vont \u00eatre affect\u00e9s par cette hausse instaur\u00e9e &lsquo;pour r\u00e9duire les d\u00e9ficits&rsquo; au grand dam de tous les d\u00e9fenseurs des transports publics dont les f\u00e9d\u00e9rations nationales essaient d&rsquo;<a href=\"http:\/\/www.busetcar.com\/actualites\/detail\/69303\/une-tva-a-5-pour-des-transports-plus-justes-.html\">invectiver<\/a> actuellement le premier ministre. <\/p>\n","protected":false},"excerpt":{"rendered":"<p>Acteurs des transports publics et politiques se gargarisent cette semaine dite de la mobilit\u00e9 pour vanter qui par<\/p>\n","protected":false},"author":1,"featured_media":1464,"comment_status":"closed","ping_status":"open","sticky":false,"template":"","format":"standard","meta":{"footnotes":""},"categories":[2],"tags":[],"class_list":["post-73","post","type-post","status-publish","format-standard","has-post-thumbnail","hentry","category-infos"],"_links":{"self":[{"href":"https:\/\/usagers-transports.haut-allier.eu\/index.php\/wp-json\/wp\/v2\/posts\/73","targetHints":{"allow":["GET"]}}],"collection":[{"href":"https:\/\/usagers-transports.haut-allier.eu\/index.php\/wp-json\/wp\/v2\/posts"}],"about":[{"href":"https:\/\/usagers-transports.haut-allier.eu\/index.php\/wp-json\/wp\/v2\/types\/post"}],"author":[{"embeddable":true,"href":"https:\/\/usagers-transports.haut-allier.eu\/index.php\/wp-json\/wp\/v2\/users\/1"}],"replies":[{"embeddable":true,"href":"https:\/\/usagers-transports.haut-allier.eu\/index.php\/wp-json\/wp\/v2\/comments?post=73"}],"version-history":[{"count":0,"href":"https:\/\/usagers-transports.haut-allier.eu\/index.php\/wp-json\/wp\/v2\/posts\/73\/revisions"}],"wp:featuredmedia":[{"embeddable":true,"href":"https:\/\/usagers-transports.haut-allier.eu\/index.php\/wp-json\/wp\/v2\/media\/1464"}],"wp:attachment":[{"href":"https:\/\/usagers-transports.haut-allier.eu\/index.php\/wp-json\/wp\/v2\/media?parent=73"}],"wp:term":[{"taxonomy":"category","embeddable":true,"href":"https:\/\/usagers-transports.haut-allier.eu\/index.php\/wp-json\/wp\/v2\/categories?post=73"},{"taxonomy":"post_tag","embeddable":true,"href":"https:\/\/usagers-transports.haut-allier.eu\/index.php\/wp-json\/wp\/v2\/tags?post=73"}],"curies":[{"name":"wp","href":"https:\/\/api.w.org\/{rel}","templated":true}]}}