{"id":732,"date":"2021-02-01T07:08:17","date_gmt":"2021-02-01T06:08:17","guid":{"rendered":"http:\/\/5.45.101.177\/haut-allier\/usagers-transportse\/index.php\/2021\/02\/01\/urgence-massif-central-aucune732\/"},"modified":"2026-09-01T15:56:51","modified_gmt":"2026-09-01T13:56:51","slug":"urgence-massif-central-aucune732","status":"publish","type":"post","link":"https:\/\/usagers-transports.haut-allier.eu\/index.php\/2021\/02\/01\/urgence-massif-central-aucune732\/","title":{"rendered":"Urgence Massif Central : aucune desserte en train de nuit pr\u00e9vue dans le plan de l&rsquo;\u00e9tat"},"content":{"rendered":"Des extraits du rapport sur les trains de nuit et Intercit\u00e9s qui va \u00eatre remis aux parlementaires ont fuit\u00e9 dans la presse nationale. A leur lecture ce que nous pressentions est confirm\u00e9 : <strong>aucune liaison en train de nuit n&rsquo;est propos\u00e9e pour les habitants de l&rsquo;Auvergne, de Clermont-Ferrand, de tout le Massif central<\/strong>. \n&nbsp;\nLa faute en est \u00e0 l&rsquo;\u00e9tat lamentable de son r\u00e9seau ferr\u00e9, maintenu en survie depuis des d\u00e9cennies par d&rsquo;\u00e9ternels rafistolages, co\u00fbteux financi\u00e8rement et co\u00fbteux en terme de service aux populations avec des coupures annuelles de plusieurs mois.\n&nbsp;\n<img loading=\"lazy\" decoding=\"async\" class=\" aligncenter size-full wp-image-3149\" src=\"http:\/\/5.45.101.177\/haut-allier\/usagers-transportse\/wp-content\/uploads\/2021\/02\/tdnparisien2.jpg\" alt=\"tdnparisien2.jpg\" align=\"center\" width=\"602\" height=\"574\" srcset=\"https:\/\/usagers-transports.haut-allier.eu\/wp-content\/uploads\/2021\/02\/tdnparisien2.jpg 602w, https:\/\/usagers-transports.haut-allier.eu\/wp-content\/uploads\/2021\/02\/tdnparisien2-300x286.jpg 300w\" sizes=\"auto, (max-width: 602px) 100vw, 602px\" \/>\n&nbsp;\nIl y a urgence maintenant \u00e0 contester cette \u00e9tude, \u00e0 dire au gouvernement que les trains de nuit font partie de l&rsquo;am\u00e9nagement et de l&rsquo;\u00e9quilibre des territoires, et que les territoires ruraux de montagne, en premiers, y ont droit.\n&nbsp;\nDepuis deux mois nous avons commenc\u00e9 avec 4 autres groupes d&rsquo;usagers ind\u00e9pendants \u00e0 <a href=\"http:\/\/usagers-transports.haut-allier.eu\/?lignes-ferroviaires-du-massif,720\"><em>sensibiliser les parlementaires \u00e0 l&rsquo;arriv\u00e9e de ce rapport<\/em><\/a>. \n&nbsp;\n<strong>Nous demandons aux \u00e9lus locaux, dans les communes, aux parlementaires, les d\u00e9put\u00e9s et s\u00e9nateurs du Massif central, aux pr\u00e9sidents de r\u00e9gions concern\u00e9s : l&rsquo;Occitanie, Auvergne Rh\u00f4ne Alpes, Nouvelle Aquitaine, de r\u00e9agir rapidement \u00e0 cet oubli de l&rsquo;\u00e9tat, en demandant avec nous, un plan en urgence de r\u00e9g\u00e9n\u00e9ration, de renouvellement complet de notre r\u00e9seau ferr\u00e9, indispensable au retour le plus rapide des trains de nuit et \u00e0 un cadencement de jour appropri\u00e9.<\/strong>\n&nbsp;\nLa <a href=\"http:\/\/usagers-transports.haut-allier.eu\/?lignes-des-trains-aubrac-et,724\"><strong>demande de traitement sp\u00e9cifique<\/strong><\/a> pour les lignes Aubrac, C\u00e9venol et H loz\u00e9rien de la part de la r\u00e9gion Occitanie et de celle d&rsquo;Auvergne Rh\u00f4ne Alpes va dans ce sens. Pour l&rsquo;instant aucune r\u00e9ponse \u00e0 cette demande. Il est n\u00e9cessaire qu&rsquo;elle soit appuy\u00e9e fortement par la population et les \u00e9lus.\n&nbsp;\nLe collectif Oui Au Train de Nuit Massif central vient d&rsquo;envoyer un communiqu\u00e9 de presse ce matin aux m\u00e9dias r\u00e9gionaux :\n&nbsp;\n<a href=\"http:\/\/5.45.101.177\/haut-allier\/usagers-transportse\/wp-content\/uploads\/2021\/02\/2021-01-31_cp_oatdn_massif_central-c.pdf\">2021-01-31_cp_oatdn_massif_central-c.pdf<\/a>\n<img loading=\"lazy\" decoding=\"async\" class=\" aligncenter size-full wp-image-3151\" src=\"http:\/\/5.45.101.177\/haut-allier\/usagers-transportse\/wp-content\/uploads\/2021\/02\/2021-01-31_cp_oatdn_massif_central-c-b.jpg\" alt=\"2021-01-31_cp_oatdn_massif_central-c-b.jpg\" align=\"center\" width=\"826\" height=\"1169\" srcset=\"https:\/\/usagers-transports.haut-allier.eu\/wp-content\/uploads\/2021\/02\/2021-01-31_cp_oatdn_massif_central-c-b.jpg 826w, https:\/\/usagers-transports.haut-allier.eu\/wp-content\/uploads\/2021\/02\/2021-01-31_cp_oatdn_massif_central-c-b-212x300.jpg 212w, https:\/\/usagers-transports.haut-allier.eu\/wp-content\/uploads\/2021\/02\/2021-01-31_cp_oatdn_massif_central-c-b-724x1024.jpg 724w, https:\/\/usagers-transports.haut-allier.eu\/wp-content\/uploads\/2021\/02\/2021-01-31_cp_oatdn_massif_central-c-b-768x1087.jpg 768w\" sizes=\"auto, (max-width: 826px) 100vw, 826px\" \/>\n &nbsp;\n<em>Voir aussi les articles du <a href=\"https:\/\/www.leparisien.fr\/economie\/trains-de-nuit-une-dizaine-de-lignes-pourraient-voir-le-jour-d-ici-a-2030-31-01-2021-8422197.php\">Parisien<\/a>, du Monde&#8230;<\/em>\n&nbsp;   \n&#8211; Notre intervention \u00e0 France Bleu Gard Loz\u00e8re le 1er f\u00e9vrier journal de 18h :\n&nbsp;\n<a href=\"http:\/\/5.45.101.177\/haut-allier\/usagers-transportse\/wp-content\/uploads\/2021\/02\/fbgl-journal18h-01022021.mp3\">Les infos de 18h00 du lundi 01 f\u00e9vrier 2021<\/a>\n&nbsp;\n&#8211; Sur France Bleu Gard Loz\u00e8re le 2 f\u00e9vrier journal de 8h :\n&nbsp;\n<iframe loading=\"lazy\" width=\"560\" height=\"315\" src=\"https:\/\/www.youtube.com\/embed\/DsBhSgCeU94\" frameborder=\"0\" allow=\"accelerometer; autoplay; clipboard-write; encrypted-media; gyroscope; picture-in-picture\" allowfullscreen><\/iframe>\n&nbsp;\n&#8211; Sur France Bleu Gard Loz\u00e8re le 2 f\u00e9vrier \u00e0 8h20 le Comit\u00e9 de d\u00e9fense des services publics en Haute C\u00e9vennes : <a href=\"https:\/\/www.francebleu.fr\/emissions\/l-invite-de-8h20\/gard-lozere\/l-invite-de-8h20-396\"><em> <strong>\u00ab\u00a0Nous militons pour le retour des trains de nuit entre Paris et le Gard\u00a0\u00bb Andr\u00e9 Joffard<\/strong> <\/em><\/a>\n&nbsp;\n&#8211; Sur Totem toutes stations le 1er F\u00e9vrier journaux du matin : <em>Notre intervention.<\/em>\n&nbsp;\n<a href=\"http:\/\/5.45.101.177\/haut-allier\/usagers-transportse\/wp-content\/uploads\/2021\/02\/marc_gouttebroze_-_train_de_nuit_1.mp3\">marc_gouttebroze_-_train_de_nuit_1.mp3<\/a>\n&nbsp;\n&#8211; La Gazette de N\u00eemes du 16 f\u00e9vrier : <a href=\"https:\/\/www.lagazettedenimes.fr\/live\/602b8d703b9bd4002bb6740b\/pour-un-retour-du-train-cevenol-la-nuit\"><em>N\u00eemes\/ Paris &#8211; des associations veulent un retour du train C\u00e9venol la nuit<\/em><\/a>\n&nbsp;\n<img loading=\"lazy\" decoding=\"async\" class=\" aligncenter size-full wp-image-3154\" src=\"http:\/\/5.45.101.177\/haut-allier\/usagers-transportse\/wp-content\/uploads\/2021\/02\/screenshot-www.lagazettedenimes.fr-2021.02.17-15_31_37.jpg\" alt=\"screenshot-www.lagazettedenimes.fr-2021.02.17-15_31_37.jpg\" align=\"center\" width=\"1358\" height=\"1893\" srcset=\"https:\/\/usagers-transports.haut-allier.eu\/wp-content\/uploads\/2021\/02\/screenshot-www.lagazettedenimes.fr-2021.02.17-15_31_37.jpg 1358w, https:\/\/usagers-transports.haut-allier.eu\/wp-content\/uploads\/2021\/02\/screenshot-www.lagazettedenimes.fr-2021.02.17-15_31_37-215x300.jpg 215w, https:\/\/usagers-transports.haut-allier.eu\/wp-content\/uploads\/2021\/02\/screenshot-www.lagazettedenimes.fr-2021.02.17-15_31_37-735x1024.jpg 735w, https:\/\/usagers-transports.haut-allier.eu\/wp-content\/uploads\/2021\/02\/screenshot-www.lagazettedenimes.fr-2021.02.17-15_31_37-768x1071.jpg 768w, https:\/\/usagers-transports.haut-allier.eu\/wp-content\/uploads\/2021\/02\/screenshot-www.lagazettedenimes.fr-2021.02.17-15_31_37-1102x1536.jpg 1102w\" sizes=\"auto, (max-width: 1358px) 100vw, 1358px\" \/>\n&nbsp;\n&#8211; Midi Libre du 16 f\u00e9vrier : <a href=\"https:\/\/www.midilibre.fr\/2021\/02\/16\/le-train-de-nuit-indispensable-dans-une-region-comme-le-massif-central-9376206.php\">Loz\u00e8re &#8211; Le train de nuit, indispensable dans une r\u00e9gion comme le Massif Central.<\/a>\n&nbsp;\n<img loading=\"lazy\" decoding=\"async\" class=\" aligncenter size-full wp-image-3155\" src=\"http:\/\/5.45.101.177\/haut-allier\/usagers-transportse\/wp-content\/uploads\/2021\/02\/screenshot-www.midilibre.fr-2021.02.17-16_02_43.jpg\" alt=\"screenshot-www.midilibre.fr-2021.02.17-16_02_43.jpg\" align=\"center\" width=\"895\" height=\"1595\" srcset=\"https:\/\/usagers-transports.haut-allier.eu\/wp-content\/uploads\/2021\/02\/screenshot-www.midilibre.fr-2021.02.17-16_02_43.jpg 895w, https:\/\/usagers-transports.haut-allier.eu\/wp-content\/uploads\/2021\/02\/screenshot-www.midilibre.fr-2021.02.17-16_02_43-168x300.jpg 168w, https:\/\/usagers-transports.haut-allier.eu\/wp-content\/uploads\/2021\/02\/screenshot-www.midilibre.fr-2021.02.17-16_02_43-575x1024.jpg 575w, https:\/\/usagers-transports.haut-allier.eu\/wp-content\/uploads\/2021\/02\/screenshot-www.midilibre.fr-2021.02.17-16_02_43-768x1369.jpg 768w, https:\/\/usagers-transports.haut-allier.eu\/wp-content\/uploads\/2021\/02\/screenshot-www.midilibre.fr-2021.02.17-16_02_43-862x1536.jpg 862w\" sizes=\"auto, (max-width: 895px) 100vw, 895px\" \/>\n&nbsp;\n\n<p>&nbsp;<\/p>\n\n\t<figure class=\"wp-block-gallery columns-1 is-cropped wp-block-gallery-1 is-layout-flex wp-block-gallery-is-layout-flex\">\n\t\t<ul class=\"blocks-gallery-grid\">\n\t\t\t<li class=\"blocks-gallery-item\">\n\t\t\t\t<figure>\n\t\t\t\t\t\t\t\t\t\t\t<img loading=\"lazy\" decoding=\"async\" width=\"826\" height=\"1169\" src=\"http:\/\/5.45.101.177\/haut-allier\/usagers-transportse\/wp-content\/uploads\/2021\/02\/2021-01-31_cp_oatdn_massif_central-c-a.jpg\"\n\t\t\t\t\t\t alt=\"2021-01-31_cp_oatdn_massif_central-c-a.jpg\"\n\t\t\t\t\t\t data-id=\"3156\"\n\t\t\t\t\t\t data-full-url=\"http:\/\/5.45.101.177\/haut-allier\/usagers-transportse\/wp-content\/uploads\/2021\/02\/2021-01-31_cp_oatdn_massif_central-c-a.jpg\"\n\t\t\t\t\t\t data-link=\"http:\/\/5.45.101.177\/haut-allier\/usagers-transportse\/attachment-2021-01-31_cp_oatdn_massif_central-c-a-jpg\/\"\n\t\t\t\t\t\t class=\"wp-image-3156\" srcset=\"https:\/\/usagers-transports.haut-allier.eu\/wp-content\/uploads\/2021\/02\/2021-01-31_cp_oatdn_massif_central-c-a.jpg 826w, https:\/\/usagers-transports.haut-allier.eu\/wp-content\/uploads\/2021\/02\/2021-01-31_cp_oatdn_massif_central-c-a-212x300.jpg 212w, https:\/\/usagers-transports.haut-allier.eu\/wp-content\/uploads\/2021\/02\/2021-01-31_cp_oatdn_massif_central-c-a-724x1024.jpg 724w, https:\/\/usagers-transports.haut-allier.eu\/wp-content\/uploads\/2021\/02\/2021-01-31_cp_oatdn_massif_central-c-a-768x1087.jpg 768w\" sizes=\"auto, (max-width: 826px) 100vw, 826px\" \/>\n\t\t\t\t<\/figure>\n\t\t\t<\/li>\n\t\t<\/ul>\n\t<\/figure>\n","protected":false},"excerpt":{"rendered":"<p>Des extraits du rapport sur les trains de nuit et Intercit\u00e9s qui va \u00eatre remis aux parlementaires ont<\/p>\n","protected":false},"author":1,"featured_media":3148,"comment_status":"open","ping_status":"open","sticky":false,"template":"","format":"standard","meta":{"footnotes":""},"categories":[2],"tags":[],"class_list":["post-732","post","type-post","status-publish","format-standard","has-post-thumbnail","hentry","category-infos"],"_links":{"self":[{"href":"https:\/\/usagers-transports.haut-allier.eu\/index.php\/wp-json\/wp\/v2\/posts\/732","targetHints":{"allow":["GET"]}}],"collection":[{"href":"https:\/\/usagers-transports.haut-allier.eu\/index.php\/wp-json\/wp\/v2\/posts"}],"about":[{"href":"https:\/\/usagers-transports.haut-allier.eu\/index.php\/wp-json\/wp\/v2\/types\/post"}],"author":[{"embeddable":true,"href":"https:\/\/usagers-transports.haut-allier.eu\/index.php\/wp-json\/wp\/v2\/users\/1"}],"replies":[{"embeddable":true,"href":"https:\/\/usagers-transports.haut-allier.eu\/index.php\/wp-json\/wp\/v2\/comments?post=732"}],"version-history":[{"count":1,"href":"https:\/\/usagers-transports.haut-allier.eu\/index.php\/wp-json\/wp\/v2\/posts\/732\/revisions"}],"predecessor-version":[{"id":3157,"href":"https:\/\/usagers-transports.haut-allier.eu\/index.php\/wp-json\/wp\/v2\/posts\/732\/revisions\/3157"}],"wp:featuredmedia":[{"embeddable":true,"href":"https:\/\/usagers-transports.haut-allier.eu\/index.php\/wp-json\/wp\/v2\/media\/3148"}],"wp:attachment":[{"href":"https:\/\/usagers-transports.haut-allier.eu\/index.php\/wp-json\/wp\/v2\/media?parent=732"}],"wp:term":[{"taxonomy":"category","embeddable":true,"href":"https:\/\/usagers-transports.haut-allier.eu\/index.php\/wp-json\/wp\/v2\/categories?post=732"},{"taxonomy":"post_tag","embeddable":true,"href":"https:\/\/usagers-transports.haut-allier.eu\/index.php\/wp-json\/wp\/v2\/tags?post=732"}],"curies":[{"name":"wp","href":"https:\/\/api.w.org\/{rel}","templated":true}]}}