{"id":733,"date":"2021-02-01T10:19:30","date_gmt":"2021-02-01T09:19:30","guid":{"rendered":"http:\/\/5.45.101.177\/haut-allier\/usagers-transportse\/index.php\/2021\/02\/01\/retour-de-la-ligne-clermont733\/"},"modified":"2021-02-01T10:19:30","modified_gmt":"2021-02-01T09:19:30","slug":"retour-de-la-ligne-clermont733","status":"publish","type":"post","link":"https:\/\/usagers-transports.haut-allier.eu\/index.php\/2021\/02\/01\/retour-de-la-ligne-clermont733\/","title":{"rendered":"Retour de la ligne Clermont-Ferrand Saint-Etienne Lyon : une mobilisation \u00e0 Bo\u00ebn efficace"},"content":{"rendered":"<p>Nombreux orateurs, \u00e9lus et associatifs, participation importante des habitants, un beau soleil, un peu de presse, tous les ingr\u00e9dients d&rsquo;une journ\u00e9e r\u00e9ussie hier gare de Bo\u00ebn \u00e0 la mi journ\u00e9e. Nous esp\u00e9rons que les annonces faites seront efficaces. Le collectif doit \u00e9galement rencontrer ce mardi Martine Guibert D\u00e9l\u00e9gu\u00e9e aux transports de la r\u00e9gion Auvergne Rh\u00f4ne Alpes. Il serait question selon la SNCF, donc info \u00e0 prendre avec des pincettes, d&rsquo;une r\u00e9union rassemblant les acteurs concern\u00e9s pour la r\u00e9ouverture y compris le collectif. Quelques photos :<br \/>\n&nbsp;<br \/>\n<img loading=\"lazy\" decoding=\"async\" class=\" aligncenter size-full wp-image-3159\" src=\"http:\/\/5.45.101.177\/haut-allier\/usagers-transportse\/wp-content\/uploads\/2021\/02\/img_20210131_114233_511c.jpg\" alt=\"img_20210131_114233_511c.jpg\" align=\"center\" width=\"1200\" height=\"675\" srcset=\"https:\/\/usagers-transports.haut-allier.eu\/wp-content\/uploads\/2021\/02\/img_20210131_114233_511c.jpg 1200w, https:\/\/usagers-transports.haut-allier.eu\/wp-content\/uploads\/2021\/02\/img_20210131_114233_511c-300x169.jpg 300w, https:\/\/usagers-transports.haut-allier.eu\/wp-content\/uploads\/2021\/02\/img_20210131_114233_511c-1024x576.jpg 1024w, https:\/\/usagers-transports.haut-allier.eu\/wp-content\/uploads\/2021\/02\/img_20210131_114233_511c-768x432.jpg 768w\" sizes=\"auto, (max-width: 1200px) 100vw, 1200px\" \/><br \/>\n<img loading=\"lazy\" decoding=\"async\" class=\" aligncenter size-full wp-image-3160\" src=\"http:\/\/5.45.101.177\/haut-allier\/usagers-transportse\/wp-content\/uploads\/2021\/02\/img_20210131_114338_206c.jpg\" alt=\"img_20210131_114338_206c.jpg\" align=\"center\" width=\"1200\" height=\"675\" srcset=\"https:\/\/usagers-transports.haut-allier.eu\/wp-content\/uploads\/2021\/02\/img_20210131_114338_206c.jpg 1200w, https:\/\/usagers-transports.haut-allier.eu\/wp-content\/uploads\/2021\/02\/img_20210131_114338_206c-300x169.jpg 300w, https:\/\/usagers-transports.haut-allier.eu\/wp-content\/uploads\/2021\/02\/img_20210131_114338_206c-1024x576.jpg 1024w, https:\/\/usagers-transports.haut-allier.eu\/wp-content\/uploads\/2021\/02\/img_20210131_114338_206c-768x432.jpg 768w\" sizes=\"auto, (max-width: 1200px) 100vw, 1200px\" \/><br \/>\n<img loading=\"lazy\" decoding=\"async\" class=\" aligncenter size-full wp-image-3161\" src=\"http:\/\/5.45.101.177\/haut-allier\/usagers-transportse\/wp-content\/uploads\/2021\/02\/img_20210131_114448_741c.jpg\" alt=\"img_20210131_114448_741c.jpg\" align=\"center\" width=\"1200\" height=\"675\" srcset=\"https:\/\/usagers-transports.haut-allier.eu\/wp-content\/uploads\/2021\/02\/img_20210131_114448_741c.jpg 1200w, https:\/\/usagers-transports.haut-allier.eu\/wp-content\/uploads\/2021\/02\/img_20210131_114448_741c-300x169.jpg 300w, https:\/\/usagers-transports.haut-allier.eu\/wp-content\/uploads\/2021\/02\/img_20210131_114448_741c-1024x576.jpg 1024w, https:\/\/usagers-transports.haut-allier.eu\/wp-content\/uploads\/2021\/02\/img_20210131_114448_741c-768x432.jpg 768w\" sizes=\"auto, (max-width: 1200px) 100vw, 1200px\" \/><br \/>\n<img loading=\"lazy\" decoding=\"async\" class=\" aligncenter size-full wp-image-3162\" src=\"http:\/\/5.45.101.177\/haut-allier\/usagers-transportse\/wp-content\/uploads\/2021\/02\/img_20210131_115008_086c.jpg\" alt=\"img_20210131_115008_086c.jpg\" align=\"center\" width=\"1200\" height=\"675\" srcset=\"https:\/\/usagers-transports.haut-allier.eu\/wp-content\/uploads\/2021\/02\/img_20210131_115008_086c.jpg 1200w, https:\/\/usagers-transports.haut-allier.eu\/wp-content\/uploads\/2021\/02\/img_20210131_115008_086c-300x169.jpg 300w, https:\/\/usagers-transports.haut-allier.eu\/wp-content\/uploads\/2021\/02\/img_20210131_115008_086c-1024x576.jpg 1024w, https:\/\/usagers-transports.haut-allier.eu\/wp-content\/uploads\/2021\/02\/img_20210131_115008_086c-768x432.jpg 768w\" sizes=\"auto, (max-width: 1200px) 100vw, 1200px\" \/><br \/>\n<img loading=\"lazy\" decoding=\"async\" class=\" aligncenter size-full wp-image-3163\" src=\"http:\/\/5.45.101.177\/haut-allier\/usagers-transportse\/wp-content\/uploads\/2021\/02\/img_20210131_115140_017c.jpg\" alt=\"img_20210131_115140_017c.jpg\" align=\"center\" width=\"1200\" height=\"675\" srcset=\"https:\/\/usagers-transports.haut-allier.eu\/wp-content\/uploads\/2021\/02\/img_20210131_115140_017c.jpg 1200w, https:\/\/usagers-transports.haut-allier.eu\/wp-content\/uploads\/2021\/02\/img_20210131_115140_017c-300x169.jpg 300w, https:\/\/usagers-transports.haut-allier.eu\/wp-content\/uploads\/2021\/02\/img_20210131_115140_017c-1024x576.jpg 1024w, https:\/\/usagers-transports.haut-allier.eu\/wp-content\/uploads\/2021\/02\/img_20210131_115140_017c-768x432.jpg 768w\" sizes=\"auto, (max-width: 1200px) 100vw, 1200px\" \/><br \/>\n<img loading=\"lazy\" decoding=\"async\" class=\" aligncenter size-full wp-image-3164\" src=\"http:\/\/5.45.101.177\/haut-allier\/usagers-transportse\/wp-content\/uploads\/2021\/02\/img_20210131_120439_404c.jpg\" alt=\"img_20210131_120439_404c.jpg\" align=\"center\" width=\"1000\" height=\"562\" srcset=\"https:\/\/usagers-transports.haut-allier.eu\/wp-content\/uploads\/2021\/02\/img_20210131_120439_404c.jpg 1000w, https:\/\/usagers-transports.haut-allier.eu\/wp-content\/uploads\/2021\/02\/img_20210131_120439_404c-300x169.jpg 300w, https:\/\/usagers-transports.haut-allier.eu\/wp-content\/uploads\/2021\/02\/img_20210131_120439_404c-768x432.jpg 768w\" sizes=\"auto, (max-width: 1000px) 100vw, 1000px\" \/><br \/>\n<img loading=\"lazy\" decoding=\"async\" class=\" aligncenter size-full wp-image-3165\" src=\"http:\/\/5.45.101.177\/haut-allier\/usagers-transportse\/wp-content\/uploads\/2021\/02\/img_20210131_120522_751-p.jpg\" alt=\"img_20210131_120522_751-p.jpg\" align=\"center\" width=\"800\" height=\"1116\" srcset=\"https:\/\/usagers-transports.haut-allier.eu\/wp-content\/uploads\/2021\/02\/img_20210131_120522_751-p.jpg 800w, https:\/\/usagers-transports.haut-allier.eu\/wp-content\/uploads\/2021\/02\/img_20210131_120522_751-p-215x300.jpg 215w, https:\/\/usagers-transports.haut-allier.eu\/wp-content\/uploads\/2021\/02\/img_20210131_120522_751-p-734x1024.jpg 734w, https:\/\/usagers-transports.haut-allier.eu\/wp-content\/uploads\/2021\/02\/img_20210131_120522_751-p-768x1071.jpg 768w\" sizes=\"auto, (max-width: 800px) 100vw, 800px\" \/><br \/>\n<img loading=\"lazy\" decoding=\"async\" class=\" aligncenter size-full wp-image-3166\" src=\"http:\/\/5.45.101.177\/haut-allier\/usagers-transportse\/wp-content\/uploads\/2021\/02\/img_20210131_105047_984c.jpg\" alt=\"img_20210131_105047_984c.jpg\" align=\"center\" width=\"1200\" height=\"675\" srcset=\"https:\/\/usagers-transports.haut-allier.eu\/wp-content\/uploads\/2021\/02\/img_20210131_105047_984c.jpg 1200w, https:\/\/usagers-transports.haut-allier.eu\/wp-content\/uploads\/2021\/02\/img_20210131_105047_984c-300x169.jpg 300w, https:\/\/usagers-transports.haut-allier.eu\/wp-content\/uploads\/2021\/02\/img_20210131_105047_984c-1024x576.jpg 1024w, https:\/\/usagers-transports.haut-allier.eu\/wp-content\/uploads\/2021\/02\/img_20210131_105047_984c-768x432.jpg 768w\" sizes=\"auto, (max-width: 1200px) 100vw, 1200px\" \/><br \/>\n<img loading=\"lazy\" decoding=\"async\" class=\" aligncenter size-full wp-image-3167\" src=\"http:\/\/5.45.101.177\/haut-allier\/usagers-transportse\/wp-content\/uploads\/2021\/02\/img_20210131_105105_214c.jpg\" alt=\"img_20210131_105105_214c.jpg\" align=\"center\" width=\"1200\" height=\"675\" srcset=\"https:\/\/usagers-transports.haut-allier.eu\/wp-content\/uploads\/2021\/02\/img_20210131_105105_214c.jpg 1200w, https:\/\/usagers-transports.haut-allier.eu\/wp-content\/uploads\/2021\/02\/img_20210131_105105_214c-300x169.jpg 300w, https:\/\/usagers-transports.haut-allier.eu\/wp-content\/uploads\/2021\/02\/img_20210131_105105_214c-1024x576.jpg 1024w, https:\/\/usagers-transports.haut-allier.eu\/wp-content\/uploads\/2021\/02\/img_20210131_105105_214c-768x432.jpg 768w\" sizes=\"auto, (max-width: 1200px) 100vw, 1200px\" \/><br \/>\n<img loading=\"lazy\" decoding=\"async\" class=\" aligncenter size-full wp-image-3168\" src=\"http:\/\/5.45.101.177\/haut-allier\/usagers-transportse\/wp-content\/uploads\/2021\/02\/img_20210131_110227_264c.jpg\" alt=\"img_20210131_110227_264c.jpg\" align=\"center\" width=\"1200\" height=\"675\" srcset=\"https:\/\/usagers-transports.haut-allier.eu\/wp-content\/uploads\/2021\/02\/img_20210131_110227_264c.jpg 1200w, https:\/\/usagers-transports.haut-allier.eu\/wp-content\/uploads\/2021\/02\/img_20210131_110227_264c-300x169.jpg 300w, https:\/\/usagers-transports.haut-allier.eu\/wp-content\/uploads\/2021\/02\/img_20210131_110227_264c-1024x576.jpg 1024w, https:\/\/usagers-transports.haut-allier.eu\/wp-content\/uploads\/2021\/02\/img_20210131_110227_264c-768x432.jpg 768w\" sizes=\"auto, (max-width: 1200px) 100vw, 1200px\" \/><br \/>\n<img loading=\"lazy\" decoding=\"async\" class=\" aligncenter size-full wp-image-3169\" src=\"http:\/\/5.45.101.177\/haut-allier\/usagers-transportse\/wp-content\/uploads\/2021\/02\/img_20210131_110508_280c.jpg\" alt=\"img_20210131_110508_280c.jpg\" align=\"center\" width=\"675\" height=\"1200\" srcset=\"https:\/\/usagers-transports.haut-allier.eu\/wp-content\/uploads\/2021\/02\/img_20210131_110508_280c.jpg 675w, https:\/\/usagers-transports.haut-allier.eu\/wp-content\/uploads\/2021\/02\/img_20210131_110508_280c-169x300.jpg 169w, https:\/\/usagers-transports.haut-allier.eu\/wp-content\/uploads\/2021\/02\/img_20210131_110508_280c-576x1024.jpg 576w\" sizes=\"auto, (max-width: 675px) 100vw, 675px\" \/><br \/>\n<img loading=\"lazy\" decoding=\"async\" class=\" aligncenter size-full wp-image-3170\" src=\"http:\/\/5.45.101.177\/haut-allier\/usagers-transportse\/wp-content\/uploads\/2021\/02\/img_20210131_111714_166c.jpg\" alt=\"img_20210131_111714_166c.jpg\" align=\"center\" width=\"1200\" height=\"674\" srcset=\"https:\/\/usagers-transports.haut-allier.eu\/wp-content\/uploads\/2021\/02\/img_20210131_111714_166c.jpg 1200w, https:\/\/usagers-transports.haut-allier.eu\/wp-content\/uploads\/2021\/02\/img_20210131_111714_166c-300x169.jpg 300w, https:\/\/usagers-transports.haut-allier.eu\/wp-content\/uploads\/2021\/02\/img_20210131_111714_166c-1024x575.jpg 1024w, https:\/\/usagers-transports.haut-allier.eu\/wp-content\/uploads\/2021\/02\/img_20210131_111714_166c-768x431.jpg 768w\" sizes=\"auto, (max-width: 1200px) 100vw, 1200px\" \/><br \/>\n<img loading=\"lazy\" decoding=\"async\" class=\" aligncenter size-full wp-image-3171\" src=\"http:\/\/5.45.101.177\/haut-allier\/usagers-transportse\/wp-content\/uploads\/2021\/02\/img_20210131_112023_172c.jpg\" alt=\"img_20210131_112023_172c.jpg\" align=\"center\" width=\"1200\" height=\"675\" srcset=\"https:\/\/usagers-transports.haut-allier.eu\/wp-content\/uploads\/2021\/02\/img_20210131_112023_172c.jpg 1200w, https:\/\/usagers-transports.haut-allier.eu\/wp-content\/uploads\/2021\/02\/img_20210131_112023_172c-300x169.jpg 300w, https:\/\/usagers-transports.haut-allier.eu\/wp-content\/uploads\/2021\/02\/img_20210131_112023_172c-1024x576.jpg 1024w, https:\/\/usagers-transports.haut-allier.eu\/wp-content\/uploads\/2021\/02\/img_20210131_112023_172c-768x432.jpg 768w\" sizes=\"auto, (max-width: 1200px) 100vw, 1200px\" \/><br \/>\n<img loading=\"lazy\" decoding=\"async\" class=\" aligncenter size-full wp-image-3172\" src=\"http:\/\/5.45.101.177\/haut-allier\/usagers-transportse\/wp-content\/uploads\/2021\/02\/img_20210131_112153_084c.jpg\" alt=\"img_20210131_112153_084c.jpg\" align=\"center\" width=\"1200\" height=\"675\" srcset=\"https:\/\/usagers-transports.haut-allier.eu\/wp-content\/uploads\/2021\/02\/img_20210131_112153_084c.jpg 1200w, https:\/\/usagers-transports.haut-allier.eu\/wp-content\/uploads\/2021\/02\/img_20210131_112153_084c-300x169.jpg 300w, https:\/\/usagers-transports.haut-allier.eu\/wp-content\/uploads\/2021\/02\/img_20210131_112153_084c-1024x576.jpg 1024w, https:\/\/usagers-transports.haut-allier.eu\/wp-content\/uploads\/2021\/02\/img_20210131_112153_084c-768x432.jpg 768w\" sizes=\"auto, (max-width: 1200px) 100vw, 1200px\" \/><br \/>\n<img loading=\"lazy\" decoding=\"async\" class=\" aligncenter size-full wp-image-3173\" src=\"http:\/\/5.45.101.177\/haut-allier\/usagers-transportse\/wp-content\/uploads\/2021\/02\/img_20210131_113435_194c.jpg\" alt=\"img_20210131_113435_194c.jpg\" align=\"center\" width=\"1200\" height=\"675\" srcset=\"https:\/\/usagers-transports.haut-allier.eu\/wp-content\/uploads\/2021\/02\/img_20210131_113435_194c.jpg 1200w, https:\/\/usagers-transports.haut-allier.eu\/wp-content\/uploads\/2021\/02\/img_20210131_113435_194c-300x169.jpg 300w, https:\/\/usagers-transports.haut-allier.eu\/wp-content\/uploads\/2021\/02\/img_20210131_113435_194c-1024x576.jpg 1024w, https:\/\/usagers-transports.haut-allier.eu\/wp-content\/uploads\/2021\/02\/img_20210131_113435_194c-768x432.jpg 768w\" sizes=\"auto, (max-width: 1200px) 100vw, 1200px\" \/><br \/>\n<img loading=\"lazy\" decoding=\"async\" class=\" aligncenter size-full wp-image-3174\" src=\"http:\/\/5.45.101.177\/haut-allier\/usagers-transportse\/wp-content\/uploads\/2021\/02\/img_20210131_101433_753c.jpg\" alt=\"img_20210131_101433_753c.jpg\" align=\"center\" width=\"1200\" height=\"675\" srcset=\"https:\/\/usagers-transports.haut-allier.eu\/wp-content\/uploads\/2021\/02\/img_20210131_101433_753c.jpg 1200w, https:\/\/usagers-transports.haut-allier.eu\/wp-content\/uploads\/2021\/02\/img_20210131_101433_753c-300x169.jpg 300w, https:\/\/usagers-transports.haut-allier.eu\/wp-content\/uploads\/2021\/02\/img_20210131_101433_753c-1024x576.jpg 1024w, https:\/\/usagers-transports.haut-allier.eu\/wp-content\/uploads\/2021\/02\/img_20210131_101433_753c-768x432.jpg 768w\" sizes=\"auto, (max-width: 1200px) 100vw, 1200px\" \/><br \/>\n<img loading=\"lazy\" decoding=\"async\" class=\" aligncenter size-full wp-image-3175\" src=\"http:\/\/5.45.101.177\/haut-allier\/usagers-transportse\/wp-content\/uploads\/2021\/02\/img_20210131_101506_458c.jpg\" alt=\"img_20210131_101506_458c.jpg\" align=\"center\" width=\"1200\" height=\"675\" srcset=\"https:\/\/usagers-transports.haut-allier.eu\/wp-content\/uploads\/2021\/02\/img_20210131_101506_458c.jpg 1200w, https:\/\/usagers-transports.haut-allier.eu\/wp-content\/uploads\/2021\/02\/img_20210131_101506_458c-300x169.jpg 300w, https:\/\/usagers-transports.haut-allier.eu\/wp-content\/uploads\/2021\/02\/img_20210131_101506_458c-1024x576.jpg 1024w, https:\/\/usagers-transports.haut-allier.eu\/wp-content\/uploads\/2021\/02\/img_20210131_101506_458c-768x432.jpg 768w\" sizes=\"auto, (max-width: 1200px) 100vw, 1200px\" \/><br \/>\n<img loading=\"lazy\" decoding=\"async\" class=\" aligncenter size-full wp-image-3176\" src=\"http:\/\/5.45.101.177\/haut-allier\/usagers-transportse\/wp-content\/uploads\/2021\/02\/img_20210131_102049_619c.jpg\" alt=\"img_20210131_102049_619c.jpg\" align=\"center\" width=\"1200\" height=\"675\" srcset=\"https:\/\/usagers-transports.haut-allier.eu\/wp-content\/uploads\/2021\/02\/img_20210131_102049_619c.jpg 1200w, https:\/\/usagers-transports.haut-allier.eu\/wp-content\/uploads\/2021\/02\/img_20210131_102049_619c-300x169.jpg 300w, https:\/\/usagers-transports.haut-allier.eu\/wp-content\/uploads\/2021\/02\/img_20210131_102049_619c-1024x576.jpg 1024w, https:\/\/usagers-transports.haut-allier.eu\/wp-content\/uploads\/2021\/02\/img_20210131_102049_619c-768x432.jpg 768w\" sizes=\"auto, (max-width: 1200px) 100vw, 1200px\" \/><br \/>\n<img loading=\"lazy\" decoding=\"async\" class=\" aligncenter size-full wp-image-3177\" src=\"http:\/\/5.45.101.177\/haut-allier\/usagers-transportse\/wp-content\/uploads\/2021\/02\/img_20210131_102507_775c.jpg\" alt=\"img_20210131_102507_775c.jpg\" align=\"center\" width=\"1200\" height=\"675\" srcset=\"https:\/\/usagers-transports.haut-allier.eu\/wp-content\/uploads\/2021\/02\/img_20210131_102507_775c.jpg 1200w, https:\/\/usagers-transports.haut-allier.eu\/wp-content\/uploads\/2021\/02\/img_20210131_102507_775c-300x169.jpg 300w, https:\/\/usagers-transports.haut-allier.eu\/wp-content\/uploads\/2021\/02\/img_20210131_102507_775c-1024x576.jpg 1024w, https:\/\/usagers-transports.haut-allier.eu\/wp-content\/uploads\/2021\/02\/img_20210131_102507_775c-768x432.jpg 768w\" sizes=\"auto, (max-width: 1200px) 100vw, 1200px\" \/><br \/>\n<img loading=\"lazy\" decoding=\"async\" class=\" aligncenter size-full wp-image-3178\" src=\"http:\/\/5.45.101.177\/haut-allier\/usagers-transportse\/wp-content\/uploads\/2021\/02\/img_20210131_102519_229c.jpg\" alt=\"img_20210131_102519_229c.jpg\" align=\"center\" width=\"1200\" height=\"675\" srcset=\"https:\/\/usagers-transports.haut-allier.eu\/wp-content\/uploads\/2021\/02\/img_20210131_102519_229c.jpg 1200w, https:\/\/usagers-transports.haut-allier.eu\/wp-content\/uploads\/2021\/02\/img_20210131_102519_229c-300x169.jpg 300w, https:\/\/usagers-transports.haut-allier.eu\/wp-content\/uploads\/2021\/02\/img_20210131_102519_229c-1024x576.jpg 1024w, https:\/\/usagers-transports.haut-allier.eu\/wp-content\/uploads\/2021\/02\/img_20210131_102519_229c-768x432.jpg 768w\" sizes=\"auto, (max-width: 1200px) 100vw, 1200px\" \/><\/p>\n<p>&nbsp;<br \/>\nLe d\u00e9put\u00e9 du Puy de D\u00f4me Andr\u00e9 Chassaigne intervenait apr\u00e8s nous avoir confi\u00e9 :<br \/>\n&nbsp;<br \/>\n<iframe loading=\"lazy\" width=\"560\" height=\"315\" src=\"https:\/\/www.youtube.com\/embed\/VrGt3az9R7s\" frameborder=\"0\" allow=\"accelerometer; autoplay; clipboard-write; encrypted-media; gyroscope; picture-in-picture\" allowfullscreen><\/iframe><br \/>\n&nbsp;<br \/>\nQuant \u00e0 Julien Borowczyk, d\u00e9put\u00e9 de la Loire, il expliquait dans son intervention ce qui \u00e9tait en jeu d\u00e9sormais pour la r\u00e9ouverture, l&rsquo;inscription des travaux au contrat de plan Etat R\u00e9gion pour Rh\u00f4ne Alpes.<br \/>\n&nbsp;<br \/>\n<a href=\"http:\/\/5.45.101.177\/haut-allier\/usagers-transportse\/wp-content\/uploads\/2021\/02\/julien-borowczyk_20210131_boen-letrain634269.mp3\">julien-borowczyk_20210131_boen-letrain634269.mp3<\/a><br \/>\n&nbsp;<br \/>\nSur France 3 Auvergne Rh\u00f4ne Alpes JT de 19h du 31 janvier 2021 :<br \/>\n&nbsp;<br \/>\n<iframe loading=\"lazy\" width=\"560\" height=\"315\" src=\"\/\/embedftv-a.akamaihd.net\/d48911d1a27782980bae046e24572e1c\" frameborder=\"0\" scrolling=\"no\" allowfullscreen><\/iframe><br \/>\n&nbsp;<br \/>\nSur France Bleu Saint-Etienne Loire et Pays d&rsquo;Auvergne : <a href=\"https:\/\/www.francebleu.fr\/infos\/transports\/ligne-clermont-saint-etienne-nouveau-rassemblement-dans-la-loire-les-politiques-s-en-melent-1612118030\"><em>Avec l&rsquo;approche des \u00e9lections r\u00e9gionales, la ligne Clermont-Saint-\u00c9tienne devient un enjeu politique<\/em><\/a><br \/>\n&nbsp;<br \/>\nUn seul site si vous voulez vous informer de l&rsquo;avanc\u00e9e des actions du collectif :<br \/>\n&#8211; <a href=\"https:\/\/letrain634269.org\/\"><em>Le train 634269<\/em><\/a><br \/>\n&nbsp;<\/p>\n","protected":false},"excerpt":{"rendered":"<p>Nombreux orateurs, \u00e9lus et associatifs, participation importante des habitants, un beau soleil, un peu de presse, tous les<\/p>\n","protected":false},"author":1,"featured_media":3158,"comment_status":"open","ping_status":"open","sticky":false,"template":"","format":"standard","meta":{"footnotes":""},"categories":[2],"tags":[],"class_list":["post-733","post","type-post","status-publish","format-standard","has-post-thumbnail","hentry","category-infos"],"_links":{"self":[{"href":"https:\/\/usagers-transports.haut-allier.eu\/index.php\/wp-json\/wp\/v2\/posts\/733","targetHints":{"allow":["GET"]}}],"collection":[{"href":"https:\/\/usagers-transports.haut-allier.eu\/index.php\/wp-json\/wp\/v2\/posts"}],"about":[{"href":"https:\/\/usagers-transports.haut-allier.eu\/index.php\/wp-json\/wp\/v2\/types\/post"}],"author":[{"embeddable":true,"href":"https:\/\/usagers-transports.haut-allier.eu\/index.php\/wp-json\/wp\/v2\/users\/1"}],"replies":[{"embeddable":true,"href":"https:\/\/usagers-transports.haut-allier.eu\/index.php\/wp-json\/wp\/v2\/comments?post=733"}],"version-history":[{"count":0,"href":"https:\/\/usagers-transports.haut-allier.eu\/index.php\/wp-json\/wp\/v2\/posts\/733\/revisions"}],"wp:featuredmedia":[{"embeddable":true,"href":"https:\/\/usagers-transports.haut-allier.eu\/index.php\/wp-json\/wp\/v2\/media\/3158"}],"wp:attachment":[{"href":"https:\/\/usagers-transports.haut-allier.eu\/index.php\/wp-json\/wp\/v2\/media?parent=733"}],"wp:term":[{"taxonomy":"category","embeddable":true,"href":"https:\/\/usagers-transports.haut-allier.eu\/index.php\/wp-json\/wp\/v2\/categories?post=733"},{"taxonomy":"post_tag","embeddable":true,"href":"https:\/\/usagers-transports.haut-allier.eu\/index.php\/wp-json\/wp\/v2\/tags?post=733"}],"curies":[{"name":"wp","href":"https:\/\/api.w.org\/{rel}","templated":true}]}}