{"id":734,"date":"2021-02-01T15:44:51","date_gmt":"2021-02-01T14:44:51","guid":{"rendered":"http:\/\/5.45.101.177\/haut-allier\/usagers-transportse\/index.php\/2021\/02\/01\/lignes-du-massif-central-des734\/"},"modified":"2021-02-01T15:44:51","modified_gmt":"2021-02-01T14:44:51","slug":"lignes-du-massif-central-des734","status":"publish","type":"post","link":"https:\/\/usagers-transports.haut-allier.eu\/index.php\/2021\/02\/01\/lignes-du-massif-central-des734\/","title":{"rendered":"Lignes du Massif central : des travaux en 2021 mais \u00e0 quel niveau ?"},"content":{"rendered":"<p>Des travaux impactants \u00e7a c&rsquo;est s\u00fbr ! Plus de 3 mois de coupure des circulations rien que pour la ligne N\u00eemes Clermond-Ferrand. Le site de SNCF R\u00e9seau vient de publier la <a href=\"https:\/\/www.sncf-reseau.com\/sites\/default\/files\/2021-01\/2021_Principaux_Chantiers.pdf\"><strong>carte des travaux pour 2021<\/strong><\/a>, il \u00e9tait temps nous sommes le 1er f\u00e9vrier. S&rsquo;il s&rsquo;agit d&rsquo;une belle carte, on peut d\u00e9plorer le manque de pr\u00e9cision dans les d\u00e9finitions. Exemple : la ligne des C\u00e9vennes entre Rauret et Saint-Georges d&rsquo;Aurac :<br \/>\n&nbsp;<br \/>\n<img loading=\"lazy\" decoding=\"async\" class=\" aligncenter size-full wp-image-3181\" src=\"http:\/\/5.45.101.177\/haut-allier\/usagers-transportse\/wp-content\/uploads\/2021\/02\/carte-travaux-2021-aura.jpg\" alt=\"carte-travaux-2021-aura.jpg\" align=\"center\" width=\"454\" height=\"400\" srcset=\"https:\/\/usagers-transports.haut-allier.eu\/wp-content\/uploads\/2021\/02\/carte-travaux-2021-aura.jpg 454w, https:\/\/usagers-transports.haut-allier.eu\/wp-content\/uploads\/2021\/02\/carte-travaux-2021-aura-300x264.jpg 300w\" sizes=\"auto, (max-width: 454px) 100vw, 454px\" \/><br \/>\n&nbsp;<br \/>\nOn y voit une belle l\u00e9gende : <em>\u00ab\u00a0Modernisation de la voie entre&#8230;\u00a0\u00bb<\/em>. Attention ! Modernisation ne veut pas dire mise \u00e0 niveau, modernisation veut dire \u00ab\u00a0petits travaux et p\u00e9tassages de voie\u00a0\u00bb, autrement dit remplacement de quelques traverses, un peu de ciment dans les tunnels, etc&#8230; comme tous les ans depuis plus de dix ans. Cela n&rsquo;induit pas une modernisation mais un \u00ab\u00a0laiss\u00e9 en l&rsquo;\u00e9tat\u00a0\u00bb notamment au niveau des vitesses et ralentissements qui ne seront pas relev\u00e9s.<br \/>\n&nbsp;<br \/>\n<img loading=\"lazy\" decoding=\"async\" class=\" aligncenter size-full wp-image-3182\" src=\"http:\/\/5.45.101.177\/haut-allier\/usagers-transportse\/wp-content\/uploads\/2021\/02\/chantier-cofinance.jpg\" alt=\"chantier-cofinance.jpg\" align=\"center\" width=\"330\" height=\"21\" srcset=\"https:\/\/usagers-transports.haut-allier.eu\/wp-content\/uploads\/2021\/02\/chantier-cofinance.jpg 330w, https:\/\/usagers-transports.haut-allier.eu\/wp-content\/uploads\/2021\/02\/chantier-cofinance-300x19.jpg 300w\" sizes=\"auto, (max-width: 330px) 100vw, 330px\" \/><br \/>\n&nbsp;<br \/>\nPour la r\u00e9g\u00e9n\u00e9ration, le grand \u00ab\u00a0remplacement rails, traverses et ballast\u00a0\u00bb vous repasserez, trop cher pour vous. Certaines lignes en b\u00e9n\u00e9ficient comme Arvant Brioude (quelques kilom\u00e8tres). Dans ce cas il est bien not\u00e9 \u00ab\u00a0renouvellement\u00a0\u00bb.<br \/>\n&nbsp;<br \/>\n<img loading=\"lazy\" decoding=\"async\" class=\" aligncenter size-full wp-image-3183\" src=\"http:\/\/5.45.101.177\/haut-allier\/usagers-transportse\/wp-content\/uploads\/2021\/02\/renouvellement-sncf-ab.jpg\" alt=\"renouvellement-sncf-ab.jpg\" align=\"center\" width=\"397\" height=\"19\" srcset=\"https:\/\/usagers-transports.haut-allier.eu\/wp-content\/uploads\/2021\/02\/renouvellement-sncf-ab.jpg 397w, https:\/\/usagers-transports.haut-allier.eu\/wp-content\/uploads\/2021\/02\/renouvellement-sncf-ab-300x14.jpg 300w\" sizes=\"auto, (max-width: 397px) 100vw, 397px\" \/><br \/>\n&nbsp;<br \/>\nAinsi est bloqu\u00e9 le d\u00e9veloppement de la ligne avec de meilleurs cadencements le jour, le retour du train de nuit, des temps de trajet optimaux.<br \/>\n&nbsp;<br \/>\n[fond noir][blanc]<strong>Et le financement ?<\/strong>[\/blanc][\/fond noir]<br \/>\n&nbsp;<br \/>\nOn lit \u00e0 c\u00f4t\u00e9 des l\u00e9gendes : <em>\u00ab\u00a0Chantier cofinanc\u00e9\u00a0\u00bb<\/em>. En fait de cofinancement c&rsquo;est la r\u00e9gion Auvergnes Rh\u00f4ne Alpes qui finance \u00e0 80%. SNCF R\u00e9seau ne veut pas faire son travail de maintenance sur nos lignes et ce depuis des d\u00e9cennies. D&rsquo;ailleurs la soci\u00e9t\u00e9 confie la plupart des chantiers \u00e0 ses sous-traitants, quitte \u00e0 ce que le travail soit mal effectu\u00e9 et qu&rsquo;elle ait \u00e0 revenir dessus. Ca marche comme \u00e7a chez SNCF. On s&rsquo;en fout c&rsquo;est le contribuable qui paie.<br \/>\n&nbsp;<br \/>\n[fond noir][blanc]<strong>La transparence de la soci\u00e9t\u00e9 SNCF&#8230;<\/strong>[\/blanc][\/fond noir]<br \/>\n&nbsp;<br \/>\nOn ne le r\u00e9p\u00e9tera jamais assez et c&rsquo;est hyper important vu qu&rsquo;il s&rsquo;agit d&rsquo;argent public, il faut comprendre que les budgets vot\u00e9s par les r\u00e9gions sur demande de la SNCF et en dehors de leurs comp\u00e9tences, peuvent \u00eatre consid\u00e9r\u00e9s comme PERDUS par les collectivit\u00e9s, alors qu&rsquo;elles le font dans des proportions \u00e9normes de 50 \u00e0 100% . Pourquoi ? Parce que le groupe SNCF ne communique jamais sur les d\u00e9penses r\u00e9elles qu&rsquo;il effectue pr\u00e9cis\u00e9ment avec ces budgets, un don du ciel en quelque sorte. Une esp\u00e8ce de puits sans fond pour les collectivit\u00e9s puisqu&rsquo;on ne sait pas o\u00f9 passe l&rsquo;argent. Alors les cartes dressent des listes de travaux qui vont s&rsquo;effectuer avec un montant allou\u00e9, sans pr\u00e9cision sur le d\u00e9tail, ni qui va les mener, quand, de nuit, de jour, etc&#8230; Ainsi se d\u00e9veloppe entre cette soci\u00e9t\u00e9 ferroviaire et les \u00e9lus mais aussi les usagers payeurs une esp\u00e8ce de m\u00e9fiance et de suspicion compl\u00e8tement l\u00e9gitimes.  <\/p>\n","protected":false},"excerpt":{"rendered":"<p>Des travaux impactants \u00e7a c&rsquo;est s\u00fbr ! Plus de 3 mois de coupure des circulations rien que pour<\/p>\n","protected":false},"author":1,"featured_media":3180,"comment_status":"open","ping_status":"open","sticky":false,"template":"","format":"standard","meta":{"footnotes":""},"categories":[2],"tags":[],"class_list":["post-734","post","type-post","status-publish","format-standard","has-post-thumbnail","hentry","category-infos"],"_links":{"self":[{"href":"https:\/\/usagers-transports.haut-allier.eu\/index.php\/wp-json\/wp\/v2\/posts\/734","targetHints":{"allow":["GET"]}}],"collection":[{"href":"https:\/\/usagers-transports.haut-allier.eu\/index.php\/wp-json\/wp\/v2\/posts"}],"about":[{"href":"https:\/\/usagers-transports.haut-allier.eu\/index.php\/wp-json\/wp\/v2\/types\/post"}],"author":[{"embeddable":true,"href":"https:\/\/usagers-transports.haut-allier.eu\/index.php\/wp-json\/wp\/v2\/users\/1"}],"replies":[{"embeddable":true,"href":"https:\/\/usagers-transports.haut-allier.eu\/index.php\/wp-json\/wp\/v2\/comments?post=734"}],"version-history":[{"count":0,"href":"https:\/\/usagers-transports.haut-allier.eu\/index.php\/wp-json\/wp\/v2\/posts\/734\/revisions"}],"wp:featuredmedia":[{"embeddable":true,"href":"https:\/\/usagers-transports.haut-allier.eu\/index.php\/wp-json\/wp\/v2\/media\/3180"}],"wp:attachment":[{"href":"https:\/\/usagers-transports.haut-allier.eu\/index.php\/wp-json\/wp\/v2\/media?parent=734"}],"wp:term":[{"taxonomy":"category","embeddable":true,"href":"https:\/\/usagers-transports.haut-allier.eu\/index.php\/wp-json\/wp\/v2\/categories?post=734"},{"taxonomy":"post_tag","embeddable":true,"href":"https:\/\/usagers-transports.haut-allier.eu\/index.php\/wp-json\/wp\/v2\/tags?post=734"}],"curies":[{"name":"wp","href":"https:\/\/api.w.org\/{rel}","templated":true}]}}