{"id":735,"date":"2021-02-03T07:38:09","date_gmt":"2021-02-03T06:38:09","guid":{"rendered":"http:\/\/5.45.101.177\/haut-allier\/usagers-transportse\/index.php\/2021\/02\/03\/des-travaux-moins-impactants-sur735\/"},"modified":"2021-02-03T07:38:09","modified_gmt":"2021-02-03T06:38:09","slug":"des-travaux-moins-impactants-sur735","status":"publish","type":"post","link":"https:\/\/usagers-transports.haut-allier.eu\/index.php\/2021\/02\/03\/des-travaux-moins-impactants-sur735\/","title":{"rendered":"Des travaux moins impactants sur la ligne du train C\u00e9venol ?"},"content":{"rendered":"<p>C&rsquo;est le voeu \u00e9mis par le Comit\u00e9 de d\u00e9fense des services publics et des usagers dans les hautes C\u00e9vennes dans une lettre envoy\u00e9e \u00e0 SNCF R\u00e9seau apr\u00e8s le constat de la nouvelle fermeture pr\u00e9vue cette ann\u00e9e du 29 mars au 2 juillet.<br \/>\n&nbsp;<br \/>\nUn souhait que nous partageons tous le long de la ligne, bien entendu.<br \/>\n&nbsp;<br \/>\nVoici la lettre de nos coll\u00e8gues gardois :<br \/>\n&nbsp;<\/p>\n<p>[(<br \/>\n<em>Monsieur Jacques, bonjour.<br \/>\n&nbsp;<br \/>\nCes quelques mots pour 2 points :<br \/>\n&nbsp;<br \/>\nPouvez-vous nous faire parvenir le document synth\u00e9tique de type organigramme dont nous avions parl\u00e9 \u00e0 G\u00e9nolhac le 28 janvier ?<br \/>\n&nbsp;<br \/>\nPouvons-nous avoir le d\u00e9tail (surtout les localisations, les dur\u00e9es, le plan de marche de cette tranche 2021) concernant les travaux sur notre ligne du 29 mars au 2 juillet ?<br \/>\n&nbsp;<br \/>\nIl nous semble que nous pourrions \u00e9tudier ensemble de faire en sorte que la fermeture de la ligne soit moins longue en coordonnant mieux les tranches de travaux. En effet, nous croyons savoir que le plus gros des travaux doit se d\u00e9rouler au nord de G\u00e9nolhac, voire de Villefort.<br \/>\n&nbsp;<br \/>\nD&rsquo;autre part, nous apprenons aussi que pendant la totalit\u00e9 de la p\u00e9riode nos guichets seront ferm\u00e9s ! Cela est inadmissible et absolument sans raison !<br \/>\n&nbsp;<br \/>\nNous vous serions tr\u00e8s reconnaissants de bien vouloir rem\u00e9dier \u00e0 ces situations tr\u00e8s p\u00e9nalisantes au moment m\u00eame o\u00f9 nous entamons avec beaucoup de motivation et d&rsquo;espoir une \u00e9troite collaboration visant \u00e0 (re)conqu\u00e9rir de nouveaux usagers de notre ligne des C\u00e9vennes tant chez les visiteurs que chez ceux du quotidien.<br \/>\n&nbsp;<br \/>\nBonne journ\u00e9e.<br \/>\n&nbsp;<br \/>\nAndr\u00e9 Joffart<br \/>\npour le Comit\u00e9 de d\u00e9fense des services publics et des usagers dans les hautes C\u00e9vennes<\/em><br \/>\n)]<\/p>\n","protected":false},"excerpt":{"rendered":"<p>C&rsquo;est le voeu \u00e9mis par le Comit\u00e9 de d\u00e9fense des services publics et des usagers dans les hautes<\/p>\n","protected":false},"author":1,"featured_media":3184,"comment_status":"open","ping_status":"open","sticky":false,"template":"","format":"standard","meta":{"footnotes":""},"categories":[2],"tags":[],"class_list":["post-735","post","type-post","status-publish","format-standard","has-post-thumbnail","hentry","category-infos"],"_links":{"self":[{"href":"https:\/\/usagers-transports.haut-allier.eu\/index.php\/wp-json\/wp\/v2\/posts\/735","targetHints":{"allow":["GET"]}}],"collection":[{"href":"https:\/\/usagers-transports.haut-allier.eu\/index.php\/wp-json\/wp\/v2\/posts"}],"about":[{"href":"https:\/\/usagers-transports.haut-allier.eu\/index.php\/wp-json\/wp\/v2\/types\/post"}],"author":[{"embeddable":true,"href":"https:\/\/usagers-transports.haut-allier.eu\/index.php\/wp-json\/wp\/v2\/users\/1"}],"replies":[{"embeddable":true,"href":"https:\/\/usagers-transports.haut-allier.eu\/index.php\/wp-json\/wp\/v2\/comments?post=735"}],"version-history":[{"count":0,"href":"https:\/\/usagers-transports.haut-allier.eu\/index.php\/wp-json\/wp\/v2\/posts\/735\/revisions"}],"wp:featuredmedia":[{"embeddable":true,"href":"https:\/\/usagers-transports.haut-allier.eu\/index.php\/wp-json\/wp\/v2\/media\/3184"}],"wp:attachment":[{"href":"https:\/\/usagers-transports.haut-allier.eu\/index.php\/wp-json\/wp\/v2\/media?parent=735"}],"wp:term":[{"taxonomy":"category","embeddable":true,"href":"https:\/\/usagers-transports.haut-allier.eu\/index.php\/wp-json\/wp\/v2\/categories?post=735"},{"taxonomy":"post_tag","embeddable":true,"href":"https:\/\/usagers-transports.haut-allier.eu\/index.php\/wp-json\/wp\/v2\/tags?post=735"}],"curies":[{"name":"wp","href":"https:\/\/api.w.org\/{rel}","templated":true}]}}