{"id":736,"date":"2021-02-04T10:30:15","date_gmt":"2021-02-04T09:30:15","guid":{"rendered":"http:\/\/5.45.101.177\/haut-allier\/usagers-transportse\/index.php\/2021\/02\/04\/lignes-du-massif-central-les736\/"},"modified":"2021-02-04T10:30:15","modified_gmt":"2021-02-04T09:30:15","slug":"lignes-du-massif-central-les736","status":"publish","type":"post","link":"https:\/\/usagers-transports.haut-allier.eu\/index.php\/2021\/02\/04\/lignes-du-massif-central-les736\/","title":{"rendered":"Lignes du Massif central : les travaux 2021 en Occitanie"},"content":{"rendered":"<p>La carte des travaux de SNCF R\u00e9seau pour l&rsquo;Occitanie vient de para\u00eetre : disponible en <a href=\"https:\/\/www.sncf-reseau.com\/sites\/default\/files\/2021-02\/BAT%20A3_occitanie_2021_V10.pdf\"><strong>PDF ici<\/strong><\/a>.<br \/>\n&nbsp;<br \/>\nEn ce qui concerne nos lignes du sud du Massif central voil\u00e0 \u00e0 quoi il faut s&rsquo;attendre de mars au 3 juillet :<br \/>\n&nbsp;<br \/>\n<img loading=\"lazy\" decoding=\"async\" class=\" aligncenter size-full wp-image-3186\" src=\"http:\/\/5.45.101.177\/haut-allier\/usagers-transportse\/wp-content\/uploads\/2021\/02\/bat_a3_occitanie_2021_v10-zoom.jpg\" alt=\"bat_a3_occitanie_2021_v10-zoom.jpg\" align=\"center\" width=\"835\" height=\"708\" srcset=\"https:\/\/usagers-transports.haut-allier.eu\/wp-content\/uploads\/2021\/02\/bat_a3_occitanie_2021_v10-zoom.jpg 835w, https:\/\/usagers-transports.haut-allier.eu\/wp-content\/uploads\/2021\/02\/bat_a3_occitanie_2021_v10-zoom-300x254.jpg 300w, https:\/\/usagers-transports.haut-allier.eu\/wp-content\/uploads\/2021\/02\/bat_a3_occitanie_2021_v10-zoom-768x651.jpg 768w\" sizes=\"auto, (max-width: 835px) 100vw, 835px\" \/><br \/>\n&nbsp;<br \/>\nEn consultant les l\u00e9gendes on peut voir la nature des op\u00e9rations entreprises :<br \/>\n&nbsp;<br \/>\n<strong>Ligne du train C\u00e9venol entre Langogne et N\u00eemes : <\/strong><br \/>\n&nbsp;<br \/>\n<img loading=\"lazy\" decoding=\"async\" class=\" aligncenter size-full wp-image-3187\" src=\"http:\/\/5.45.101.177\/haut-allier\/usagers-transportse\/wp-content\/uploads\/2021\/02\/bat_a3_occitanie_2021_v10-legende-a.jpg\" alt=\"bat_a3_occitanie_2021_v10-legende-a.jpg\" align=\"center\" width=\"610\" height=\"82\" srcset=\"https:\/\/usagers-transports.haut-allier.eu\/wp-content\/uploads\/2021\/02\/bat_a3_occitanie_2021_v10-legende-a.jpg 610w, https:\/\/usagers-transports.haut-allier.eu\/wp-content\/uploads\/2021\/02\/bat_a3_occitanie_2021_v10-legende-a-300x40.jpg 300w\" sizes=\"auto, (max-width: 610px) 100vw, 610px\" \/><br \/>\n&nbsp;<br \/>\nRenouvellement de tunnels et de tranch\u00e9es. Un peu de cosm\u00e9tique ne fera pas de mal la ligne est en assez bon \u00e9tat au sud de Langogne.<br \/>\n&nbsp;<br \/>\n<strong>&#8211; H loz\u00e9rien entre Le Monastier et La Bastide Puylaurent :<\/strong><br \/>\n&nbsp;<br \/>\n<img loading=\"lazy\" decoding=\"async\" class=\" aligncenter size-full wp-image-3188\" src=\"http:\/\/5.45.101.177\/haut-allier\/usagers-transportse\/wp-content\/uploads\/2021\/02\/bat_a3_occitanie_2021_v10-legende-b.jpg\" alt=\"bat_a3_occitanie_2021_v10-legende-b.jpg\" align=\"center\" width=\"536\" height=\"66\" srcset=\"https:\/\/usagers-transports.haut-allier.eu\/wp-content\/uploads\/2021\/02\/bat_a3_occitanie_2021_v10-legende-b.jpg 536w, https:\/\/usagers-transports.haut-allier.eu\/wp-content\/uploads\/2021\/02\/bat_a3_occitanie_2021_v10-legende-b-300x37.jpg 300w\" sizes=\"auto, (max-width: 536px) 100vw, 536px\" \/><br \/>\n&nbsp;<br \/>\nEtre Le Monsatier et Mende il y a renouvellement de la voie avec changement de traverses avec un train usine semble-t-il. Toutes ? Ou une par \u00e7i par l\u00e0 ? Et un renouvellement de tunnels et de tranch\u00e9es. Presque aucune excuse dans le futur pour ne pas y faire circuler les trains qu&rsquo;il faut.<br \/>\n&nbsp;<br \/>\n<strong>Ligne du train Aubrac entre B\u00e9ziers et Neussargues :<\/strong><br \/>\n&nbsp;<br \/>\n<img loading=\"lazy\" decoding=\"async\" class=\" aligncenter size-full wp-image-3189\" src=\"http:\/\/5.45.101.177\/haut-allier\/usagers-transportse\/wp-content\/uploads\/2021\/02\/aubractravaux.jpg\" alt=\"aubractravaux.jpg\" align=\"center\" width=\"367\" height=\"27\" srcset=\"https:\/\/usagers-transports.haut-allier.eu\/wp-content\/uploads\/2021\/02\/aubractravaux.jpg 367w, https:\/\/usagers-transports.haut-allier.eu\/wp-content\/uploads\/2021\/02\/aubractravaux-300x22.jpg 300w\" sizes=\"auto, (max-width: 367px) 100vw, 367px\" \/><br \/>\n&nbsp;<br \/>\nModernisation d&rsquo;ouvrages d&rsquo;art et en terre&#8230;<br \/>\n&nbsp;<br \/>\n<img loading=\"lazy\" decoding=\"async\" class=\" aligncenter size-full wp-image-3190\" src=\"http:\/\/5.45.101.177\/haut-allier\/usagers-transportse\/wp-content\/uploads\/2021\/02\/aubractravauxleg.jpg\" alt=\"aubractravauxleg.jpg\" align=\"center\" width=\"250\" height=\"26\" \/><br \/>\n&nbsp;<br \/>\nTravaux de voie sans pr\u00e9cision&#8230;<br \/>\n&nbsp;<\/p>\n","protected":false},"excerpt":{"rendered":"<p>La carte des travaux de SNCF R\u00e9seau pour l&rsquo;Occitanie vient de para\u00eetre : disponible en PDF ici. &nbsp;<\/p>\n","protected":false},"author":1,"featured_media":3185,"comment_status":"open","ping_status":"open","sticky":false,"template":"","format":"standard","meta":{"footnotes":""},"categories":[2],"tags":[],"class_list":["post-736","post","type-post","status-publish","format-standard","has-post-thumbnail","hentry","category-infos"],"_links":{"self":[{"href":"https:\/\/usagers-transports.haut-allier.eu\/index.php\/wp-json\/wp\/v2\/posts\/736","targetHints":{"allow":["GET"]}}],"collection":[{"href":"https:\/\/usagers-transports.haut-allier.eu\/index.php\/wp-json\/wp\/v2\/posts"}],"about":[{"href":"https:\/\/usagers-transports.haut-allier.eu\/index.php\/wp-json\/wp\/v2\/types\/post"}],"author":[{"embeddable":true,"href":"https:\/\/usagers-transports.haut-allier.eu\/index.php\/wp-json\/wp\/v2\/users\/1"}],"replies":[{"embeddable":true,"href":"https:\/\/usagers-transports.haut-allier.eu\/index.php\/wp-json\/wp\/v2\/comments?post=736"}],"version-history":[{"count":0,"href":"https:\/\/usagers-transports.haut-allier.eu\/index.php\/wp-json\/wp\/v2\/posts\/736\/revisions"}],"wp:featuredmedia":[{"embeddable":true,"href":"https:\/\/usagers-transports.haut-allier.eu\/index.php\/wp-json\/wp\/v2\/media\/3185"}],"wp:attachment":[{"href":"https:\/\/usagers-transports.haut-allier.eu\/index.php\/wp-json\/wp\/v2\/media?parent=736"}],"wp:term":[{"taxonomy":"category","embeddable":true,"href":"https:\/\/usagers-transports.haut-allier.eu\/index.php\/wp-json\/wp\/v2\/categories?post=736"},{"taxonomy":"post_tag","embeddable":true,"href":"https:\/\/usagers-transports.haut-allier.eu\/index.php\/wp-json\/wp\/v2\/tags?post=736"}],"curies":[{"name":"wp","href":"https:\/\/api.w.org\/{rel}","templated":true}]}}