{"id":737,"date":"2021-02-09T09:02:43","date_gmt":"2021-02-09T08:02:43","guid":{"rendered":"http:\/\/5.45.101.177\/haut-allier\/usagers-transportse\/index.php\/2021\/02\/09\/ligne-clermont-ferrand-thiers-boen737\/"},"modified":"2021-02-09T09:02:43","modified_gmt":"2021-02-09T08:02:43","slug":"ligne-clermont-ferrand-thiers-boen737","status":"publish","type":"post","link":"https:\/\/usagers-transports.haut-allier.eu\/index.php\/2021\/02\/09\/ligne-clermont-ferrand-thiers-boen737\/","title":{"rendered":"Ligne Clermont Ferrand &#8211; Thiers &#8211; Bo\u00ebn &#8211; Saint Etienne &#8211; Lyon : SNCF R\u00e9seau continue le sabotage pour rendre la r\u00e9ouverture plus co\u00fbteuse"},"content":{"rendered":"<p>On ne dicte pas \u00e0 SNCF R\u00e9seau ce qu&rsquo;elle doit faire et surtout pas les \u00e9lus et la population : c&rsquo;est le message que nous avons d\u00e9cel\u00e9 depuis des dizaines d&rsquo;ann\u00e9es au travers de ses actes. Si l&rsquo;entreprise veut fermer une ligne elle le fera en agissant en cachette sur l&rsquo;infrastructure, en la d\u00e9gradant. C&rsquo;est ce que l&rsquo;on appelle ailleurs du sabotage. A force de veiller sur ses agissements nous y sommes habitu\u00e9s.<br \/>\n&nbsp;<br \/>\nCe qui se passe entre Bo\u00ebn et Thiers est grave : deux jours apr\u00e8s le premier rassemblement \u00e0 Noir\u00e9table du Collectif de d\u00e9fense de la ligne Thiers Bo\u00ebn, <a href=\"https:\/\/letrain634269.org\"><em>Le Train 634269<\/em><\/a>, SNCF R\u00e9seau envoyait ses agents pour scier les rails en 5 endroits alors qu&rsquo;elle n&rsquo;en avait pas le droit, sur des passages \u00e0 niveau, afin de rendre la ligne inutilisable, et maintenant apr\u00e8s le succ\u00e8s sans faille de la manifestation de Bo\u00ean il y a une semaine elle programme pour ces prochains jours la suppression des batteries des barri\u00e8res de passage \u00e0 niveaux et leur blocage en position ouverte rendant ainsi toute circulation future impossible.<br \/>\n&nbsp;<br \/>\n<strong> <em>Le comit\u00e9 de vigilance du collectif vient d&rsquo;alerter les \u00e9lus que SNCF R\u00e9seau AURA a programm\u00e9 la d\u00e9sactivation des batteries et le blocage des barri\u00e8res en position ouverture les 16 et 19 f\u00e9vrier 2021<\/em> : gageons qu&rsquo;\u00e0 son habitude la soci\u00e9t\u00e9 dite ferroviaire va tout faire pour op\u00e9rer avant la date annonc\u00e9e. Nous serons vigilants. <\/strong><br \/>\n&nbsp;<br \/>\nOn n&rsquo;en attendait pas moins de cette entreprise \u00e0 qui a \u00e9t\u00e9 confi\u00e9 le r\u00e9seau ferroviaire public national et qui l&rsquo;a dilapid\u00e9 depuis des d\u00e9cennies \u00e0 d\u00e9faut de le maintenir. La prochaine \u00e9tape est pr\u00e9visible : on leur sugg\u00e8re le retrait de tous les \u00e9l\u00e9ments de signalisation le long des voies. C&rsquo;est dans la continuit\u00e9 de leurs m\u00e9faits. L&rsquo;objectif on l&rsquo;a tous compris est de gonfler la facture de r\u00e9ouverture de la ligne pour la rendre encore plus difficile pour les collectivit\u00e9s.<br \/>\n&nbsp;<br \/>\nScandaleux ces agissements de SNCF et de fait de la direction r\u00e9gionale de Lyon qui a toute la confiance du PDG Monsieur Farandou  (ex SNCF R\u00e9seau), puisque ce dernier a bott\u00e9 en touche vers son directeur Auvergne Rh\u00f4ne Alpes, Monsieur Thauvette, et R\u00e9seau Monsieur Allary lors de sa derni\u00e8re r\u00e9ponse au d\u00e9put\u00e9 Chassaigne cet automne.<br \/>\n&nbsp;<br \/>\n<img loading=\"lazy\" decoding=\"async\" class=\" aligncenter size-full wp-image-3192\" src=\"http:\/\/5.45.101.177\/haut-allier\/usagers-transportse\/wp-content\/uploads\/2021\/02\/lettre-farandou-a-chassaigne-a.jpg\" alt=\"lettre-farandou-a-chassaigne-a.jpg\" align=\"center\" width=\"1207\" height=\"1687\" srcset=\"https:\/\/usagers-transports.haut-allier.eu\/wp-content\/uploads\/2021\/02\/lettre-farandou-a-chassaigne-a.jpg 1207w, https:\/\/usagers-transports.haut-allier.eu\/wp-content\/uploads\/2021\/02\/lettre-farandou-a-chassaigne-a-215x300.jpg 215w, https:\/\/usagers-transports.haut-allier.eu\/wp-content\/uploads\/2021\/02\/lettre-farandou-a-chassaigne-a-733x1024.jpg 733w, https:\/\/usagers-transports.haut-allier.eu\/wp-content\/uploads\/2021\/02\/lettre-farandou-a-chassaigne-a-768x1073.jpg 768w, https:\/\/usagers-transports.haut-allier.eu\/wp-content\/uploads\/2021\/02\/lettre-farandou-a-chassaigne-a-1099x1536.jpg 1099w\" sizes=\"auto, (max-width: 1207px) 100vw, 1207px\" \/><\/p>\n<p><img loading=\"lazy\" decoding=\"async\" class=\" aligncenter size-full wp-image-3193\" src=\"http:\/\/5.45.101.177\/haut-allier\/usagers-transportse\/wp-content\/uploads\/2021\/02\/lettre-farandou-a-chassaigne-b.jpg\" alt=\"lettre-farandou-a-chassaigne-b.jpg\" align=\"center\" width=\"1115\" height=\"881\" srcset=\"https:\/\/usagers-transports.haut-allier.eu\/wp-content\/uploads\/2021\/02\/lettre-farandou-a-chassaigne-b.jpg 1115w, https:\/\/usagers-transports.haut-allier.eu\/wp-content\/uploads\/2021\/02\/lettre-farandou-a-chassaigne-b-300x237.jpg 300w, https:\/\/usagers-transports.haut-allier.eu\/wp-content\/uploads\/2021\/02\/lettre-farandou-a-chassaigne-b-1024x809.jpg 1024w, https:\/\/usagers-transports.haut-allier.eu\/wp-content\/uploads\/2021\/02\/lettre-farandou-a-chassaigne-b-768x607.jpg 768w\" sizes=\"auto, (max-width: 1115px) 100vw, 1115px\" \/><br \/>\n&nbsp;<br \/>\nScandaleux les propos mensongers tenus verbalement aux \u00e9lus, aux d\u00e9put\u00e9s, r\u00e9cemment pour rassurer, gagner du temps et FERMER. <strong>\u00ab\u00a0Non la fermeture de la ligne n&rsquo;est pas du tout \u00e0 l&rsquo;ordre du jour\u00a0\u00bb<\/strong> a-t-il \u00e9t\u00e9 r\u00e9pondu ces derni\u00e8res semaines encore au d\u00e9put\u00e9 Chassaigne et certainement \u00e0 d&rsquo;autres. Menteurs.<br \/>\n&nbsp;<br \/>\n[fond noir][blanc]<strong>Appel \u00e0 la vigilance et \u00e0 l&rsquo;action !<\/strong>[\/blanc][\/fond noir]<br \/>\n&nbsp;<br \/>\nNous demandons aux habitants concern\u00e9s de la Loire, du Forez, du Livradois, du Puy de D\u00f4me de se tenir inform\u00e9s et de se mobiliser dans les jours \u00e0 venir pour la d\u00e9fense et la r\u00e9ouverture urgente, avant l&rsquo;\u00e9t\u00e9, de l&rsquo;axe Clermont Thiers St-Etienne Lyon, c&rsquo;est le trajet de loin le plus court entre ces m\u00e9tropoles. Le mieux \u00e0 faire est de se rendre sur le site <a href=\"https:\/\/letrain634269.org\"><em>letrain634269<\/em><\/a> o\u00f9 tout est d\u00e9taill\u00e9. Merci \u00e0 tous et toutes.<br \/>\n&nbsp; <\/p>\n","protected":false},"excerpt":{"rendered":"<p>On ne dicte pas \u00e0 SNCF R\u00e9seau ce qu&rsquo;elle doit faire et surtout pas les \u00e9lus et la<\/p>\n","protected":false},"author":1,"featured_media":3191,"comment_status":"open","ping_status":"open","sticky":false,"template":"","format":"standard","meta":{"footnotes":""},"categories":[2],"tags":[],"class_list":["post-737","post","type-post","status-publish","format-standard","has-post-thumbnail","hentry","category-infos"],"_links":{"self":[{"href":"https:\/\/usagers-transports.haut-allier.eu\/index.php\/wp-json\/wp\/v2\/posts\/737","targetHints":{"allow":["GET"]}}],"collection":[{"href":"https:\/\/usagers-transports.haut-allier.eu\/index.php\/wp-json\/wp\/v2\/posts"}],"about":[{"href":"https:\/\/usagers-transports.haut-allier.eu\/index.php\/wp-json\/wp\/v2\/types\/post"}],"author":[{"embeddable":true,"href":"https:\/\/usagers-transports.haut-allier.eu\/index.php\/wp-json\/wp\/v2\/users\/1"}],"replies":[{"embeddable":true,"href":"https:\/\/usagers-transports.haut-allier.eu\/index.php\/wp-json\/wp\/v2\/comments?post=737"}],"version-history":[{"count":0,"href":"https:\/\/usagers-transports.haut-allier.eu\/index.php\/wp-json\/wp\/v2\/posts\/737\/revisions"}],"wp:featuredmedia":[{"embeddable":true,"href":"https:\/\/usagers-transports.haut-allier.eu\/index.php\/wp-json\/wp\/v2\/media\/3191"}],"wp:attachment":[{"href":"https:\/\/usagers-transports.haut-allier.eu\/index.php\/wp-json\/wp\/v2\/media?parent=737"}],"wp:term":[{"taxonomy":"category","embeddable":true,"href":"https:\/\/usagers-transports.haut-allier.eu\/index.php\/wp-json\/wp\/v2\/categories?post=737"},{"taxonomy":"post_tag","embeddable":true,"href":"https:\/\/usagers-transports.haut-allier.eu\/index.php\/wp-json\/wp\/v2\/tags?post=737"}],"curies":[{"name":"wp","href":"https:\/\/api.w.org\/{rel}","templated":true}]}}