{"id":738,"date":"2021-02-11T07:40:58","date_gmt":"2021-02-11T06:40:58","guid":{"rendered":"http:\/\/5.45.101.177\/haut-allier\/usagers-transportse\/index.php\/2021\/02\/11\/retour-des-trains-de-nuit-et738\/"},"modified":"2021-02-11T07:40:58","modified_gmt":"2021-02-11T06:40:58","slug":"retour-des-trains-de-nuit-et738","status":"publish","type":"post","link":"https:\/\/usagers-transports.haut-allier.eu\/index.php\/2021\/02\/11\/retour-des-trains-de-nuit-et738\/","title":{"rendered":"Retour des trains de nuit et renouvellement des lignes du Massif central : la d\u00e9put\u00e9e du Puy-de-D\u00f4me Christine Pires-Beaune interpelle le ministre"},"content":{"rendered":"<p>Apr\u00e8s l&rsquo;avoir rencontr\u00e9 accompagn\u00e9s du Collectif Oui au Train de nuit C\u00e9vennes Auvergne, des groupes de d\u00e9fense d&rsquo;usagers du Train Aubrac, du Collectif pour la d\u00e9fense de la gare de Villefort, du Comit\u00e9 de d\u00e9fense des services publics en Hautes-C\u00e9vennes et de l&rsquo;association de d\u00e9fense des usagers SNCF du Gard et des d\u00e9partements limitrophes, la d\u00e9put\u00e9e Christine Pir\u00e8s-Beaune vient de poser une question \u00e9crite au ministre des transports Jean-Baptiste Djebarri concernant le retour des trains de nuit dans le Massif central, absent des 10 projets gouvernementaux pr\u00e9sent\u00e9s ces derniers jours, et aussi au sujet du lamentable \u00e9tat des infrastructures ferroviaires en Auvergne et C\u00e9vennes. Elle en demande avec nous la r\u00e9g\u00e9n\u00e9ration, le renouvellement complet rails, traverses et ballast. Voici le texte de sa question :<br \/>\n&nbsp;<br \/>\n<img loading=\"lazy\" decoding=\"async\" class=\" aligncenter size-full wp-image-3195\" src=\"http:\/\/5.45.101.177\/haut-allier\/usagers-transportse\/wp-content\/uploads\/2021\/02\/question-ecrite-pires-beaune-fevrier-2021.jpg\" alt=\"question-ecrite-pires-beaune-fevrier-2021.jpg\" align=\"center\" width=\"1199\" height=\"1794\" srcset=\"https:\/\/usagers-transports.haut-allier.eu\/wp-content\/uploads\/2021\/02\/question-ecrite-pires-beaune-fevrier-2021.jpg 1199w, https:\/\/usagers-transports.haut-allier.eu\/wp-content\/uploads\/2021\/02\/question-ecrite-pires-beaune-fevrier-2021-201x300.jpg 201w, https:\/\/usagers-transports.haut-allier.eu\/wp-content\/uploads\/2021\/02\/question-ecrite-pires-beaune-fevrier-2021-684x1024.jpg 684w, https:\/\/usagers-transports.haut-allier.eu\/wp-content\/uploads\/2021\/02\/question-ecrite-pires-beaune-fevrier-2021-768x1149.jpg 768w, https:\/\/usagers-transports.haut-allier.eu\/wp-content\/uploads\/2021\/02\/question-ecrite-pires-beaune-fevrier-2021-1027x1536.jpg 1027w\" sizes=\"auto, (max-width: 1199px) 100vw, 1199px\" \/><\/p>\n","protected":false},"excerpt":{"rendered":"<p>Apr\u00e8s l&rsquo;avoir rencontr\u00e9 accompagn\u00e9s du Collectif Oui au Train de nuit C\u00e9vennes Auvergne, des groupes de d\u00e9fense d&rsquo;usagers<\/p>\n","protected":false},"author":1,"featured_media":3194,"comment_status":"open","ping_status":"open","sticky":false,"template":"","format":"standard","meta":{"footnotes":""},"categories":[8],"tags":[],"class_list":["post-738","post","type-post","status-publish","format-standard","has-post-thumbnail","hentry","category-communiques"],"_links":{"self":[{"href":"https:\/\/usagers-transports.haut-allier.eu\/index.php\/wp-json\/wp\/v2\/posts\/738","targetHints":{"allow":["GET"]}}],"collection":[{"href":"https:\/\/usagers-transports.haut-allier.eu\/index.php\/wp-json\/wp\/v2\/posts"}],"about":[{"href":"https:\/\/usagers-transports.haut-allier.eu\/index.php\/wp-json\/wp\/v2\/types\/post"}],"author":[{"embeddable":true,"href":"https:\/\/usagers-transports.haut-allier.eu\/index.php\/wp-json\/wp\/v2\/users\/1"}],"replies":[{"embeddable":true,"href":"https:\/\/usagers-transports.haut-allier.eu\/index.php\/wp-json\/wp\/v2\/comments?post=738"}],"version-history":[{"count":0,"href":"https:\/\/usagers-transports.haut-allier.eu\/index.php\/wp-json\/wp\/v2\/posts\/738\/revisions"}],"wp:featuredmedia":[{"embeddable":true,"href":"https:\/\/usagers-transports.haut-allier.eu\/index.php\/wp-json\/wp\/v2\/media\/3194"}],"wp:attachment":[{"href":"https:\/\/usagers-transports.haut-allier.eu\/index.php\/wp-json\/wp\/v2\/media?parent=738"}],"wp:term":[{"taxonomy":"category","embeddable":true,"href":"https:\/\/usagers-transports.haut-allier.eu\/index.php\/wp-json\/wp\/v2\/categories?post=738"},{"taxonomy":"post_tag","embeddable":true,"href":"https:\/\/usagers-transports.haut-allier.eu\/index.php\/wp-json\/wp\/v2\/tags?post=738"}],"curies":[{"name":"wp","href":"https:\/\/api.w.org\/{rel}","templated":true}]}}