{"id":739,"date":"2021-02-15T08:42:02","date_gmt":"2021-02-15T07:42:02","guid":{"rendered":"http:\/\/5.45.101.177\/haut-allier\/usagers-transportse\/index.php\/2021\/02\/15\/ligne-clermont-thiers-st-etienne739\/"},"modified":"2021-02-15T08:42:02","modified_gmt":"2021-02-15T07:42:02","slug":"ligne-clermont-thiers-st-etienne739","status":"publish","type":"post","link":"https:\/\/usagers-transports.haut-allier.eu\/index.php\/2021\/02\/15\/ligne-clermont-thiers-st-etienne739\/","title":{"rendered":"LIgne Clermont Thiers St-Etienne : SNCF et la r\u00e9gion AURA mentent-elles aux auvergnats et aux lig\u00e9riens ?"},"content":{"rendered":"<p>C&rsquo;est avec stup\u00e9faction que le collectif pour la r\u00e9ouverture de la ligne Clermont-Ferrand Thiers Bo\u00ebn Saint-Etienne vient de constater qu&rsquo;aucun budget pour la r\u00e9novation n&rsquo;\u00e9tait pr\u00e9vu dans le Contrat de plan Etat R\u00e9gion qui va \u00eatre sign\u00e9 la semaine prochaine, alors que la Vice-pr\u00e9sidente charg\u00e9e des transports Martine Guibert l&rsquo;avait promis depuis plusieurs mois.<br \/>\n&nbsp;<br \/>\n[fond noir][blanc]<strong>SNCF AuRA ment-elle aux auvergnats et aux lig\u00e9riens ainsi qu&rsquo;\u00e0 leurs \u00e9lus ?<\/strong>[\/blanc][\/fond noir]<br \/>\n&nbsp;<br \/>\nD\u00e8s le lendemain de notre premi\u00e8re manifestation gare de Noir\u00e9table \u00e0 grands renforts de d\u00e9clarations dans la presse et de r\u00e9ponses aux \u00e9lus qui l&rsquo;interrogeaient la SNCF r\u00e9gionale et ses directeurs Alain Thauvette et Franck Lacroix r\u00e9pondaient qu&rsquo;une r\u00e9union de travail rassemblant les \u00e9lus, le collectif, les acteurs \u00e9conomiques et eux-m\u00eame allait se tenir et qu&rsquo;aucune fermeture n&rsquo;\u00e9tait pr\u00e9vue en 2021. C&rsquo;\u00e9tait fin octobre. Quatre mois apr\u00e8s toujours rien, personne n&rsquo;a \u00e9t\u00e9 approch\u00e9 pour une telle r\u00e9union. Du pur bluff de SNCF.<br \/>\n&nbsp;<br \/>\nEn ce qui concerne l&rsquo;affirmation qu&rsquo;aucun projet de fermeture de ligne est \u00e0 l&rsquo;ordre du jour, d\u00e9claration renouvel\u00e9e il y a quelque jours dans le quotidien <a href=\"https:\/\/www.lamontagne.fr\/thiers-63300\/actualites\/sncf-reseau-infirme-les-travaux-denonces-par-un-collectif-concernant-la-ligne-entre-thiers-puy-de-dome-et-boen-sur-lignon-loire_13915099\"><em>la Montagne<\/em><\/a><br \/>\n&nbsp;<br \/>\n<img loading=\"lazy\" decoding=\"async\" class=\" aligncenter size-full wp-image-3197\" src=\"http:\/\/5.45.101.177\/haut-allier\/usagers-transportse\/wp-content\/uploads\/2021\/02\/screenshot-www.lamontagne.fr-2021.02.15-07_26_07.jpg\" alt=\"screenshot-www.lamontagne.fr-2021.02.15-07_26_07.jpg\" align=\"center\" width=\"620\" height=\"164\" srcset=\"https:\/\/usagers-transports.haut-allier.eu\/wp-content\/uploads\/2021\/02\/screenshot-www.lamontagne.fr-2021.02.15-07_26_07.jpg 620w, https:\/\/usagers-transports.haut-allier.eu\/wp-content\/uploads\/2021\/02\/screenshot-www.lamontagne.fr-2021.02.15-07_26_07-300x79.jpg 300w\" sizes=\"auto, (max-width: 620px) 100vw, 620px\" \/><br \/>\n&nbsp;<br \/>\n&#8230;il est bien \u00e9vident que venant de cette soci\u00e9t\u00e9 le Collectif et les \u00e9lus n&rsquo;y croient pas une seconde.<br \/>\n&nbsp;<br \/>\n[fond noir][blanc]<strong>Laurent Wauquiez refuserait la proposition de sa Vice-pr\u00e9sidente charg\u00e9e des transports<\/strong>[\/blanc][\/fond noir]<br \/>\n&nbsp;<br \/>\nLe toujours pr\u00e9sident de la r\u00e9gion Auvergne Rh\u00f4ne Alpes fait-il la sourde oreille aux sollicitations de Martine Guibert charg\u00e9e des mobilit\u00e9s \u00e0 la r\u00e9gion ? Elle a su pourtant \u00e9couter les demandes des habitants mais elle d\u00e9fend des objectifs de d\u00e9placements sans doute hors des plans de son pr\u00e9sident.<br \/>\n&nbsp;<br \/>\n[fond noir][blanc]<strong>Wauquiez d\u00e8s son arriv\u00e9e a voulu isoler l&rsquo;Auvergne et Clermont-Ferrand<\/strong>[\/blanc][\/fond noir]<br \/>\n&nbsp;<br \/>\nD\u00e8s juin 2016, son \u00e9lection \u00e0 la r\u00e9gion, Wauquiez refusait de financer le plan de r\u00e9g\u00e9n\u00e9ration de cette ligne, pr\u00e9vu et vot\u00e9 par l&rsquo;\u00e9quipe pr\u00e9c\u00e9dente, ce qui provoquait la \u00ab\u00a0suspension\u00a0\u00bb imm\u00e9diate de l&rsquo;axe ferroviaire le plus court (une heure et quelque) entre Clermont et Saint-Etienne, rendant ainsi plus difficile l&rsquo;acc\u00e8s vers l&rsquo;Auvergne \u00e0 tous les voyageurs. SNCF R\u00e9seau s&rsquo;en frottait d\u00e9j\u00e0 les mains.<br \/>\n&nbsp;<br \/>\nPourquoi ? Par parti pris et par pur copinage. On est l\u00e0 loin de l&rsquo;int\u00e9r\u00eat g\u00e9n\u00e9ral : la ville de Clermont Ferrand est g\u00e9r\u00e9e par un maire socialiste d&rsquo;o\u00f9 la HAINE. Alors il va imaginer par tous les moyens l&rsquo;isolement de l&rsquo;ancienne capitale. Ce sera tout b\u00e9n\u00e9fice ! Dor\u00e9navant les trains Clermont Lyon passeront par&#8230; Vichy, le pays de l&rsquo;ami Hortefeux, lui aussi pr\u00e9sident de la commission transports \u00e0 la r\u00e9gion. Le trajet vers Saint-Etienne est possible via Roanne, temps de trajet : deux heures et quelques, une heure de plus que le trajet direct par Thiers.<br \/>\n&nbsp;<br \/>\nEt au cas o\u00f9 m\u00eame cet axe par Vichy serait boud\u00e9 et bien il reste le trajet par&#8230; le Puy en Velay ! Sa ville, son fief, sa principaut\u00e9. Et l\u00e0 c&rsquo;est le pactole, avec certes un trajet de plus de 3 heures, mais peu importe, le pr\u00e9sident n&rsquo;a jamais du prendre le train. Et cela explique pas mal de choses :<br \/>\n&nbsp;<br \/>\n&#8211; une de ses premi\u00e8res actions a \u00e9t\u00e9 la r\u00e9fection compl\u00e8te de la voie entre Le Puy et Saint-Etienne. Caressait-il le doux espoir d&rsquo;accueillir dans sa capitale velave les TGV de Saint-Etienne ?<br \/>\n&#8211; une de ses derni\u00e8res d\u00e9cisions est le renouvellement total de la voie entre Le Puy et Saint-Georges d&rsquo;Aurac cette ann\u00e9e 2021 en direction de&#8230; Clermont Ferrand. La boucle est boucl\u00e9e.<br \/>\n&nbsp;<br \/>\n<strong>Wauquiez voudrait donc d\u00e9tourner le trafic des auvergnats vers Saint-Etienne et Lyon par le Velay&#8230; ou vers le territoire de son ami Hortefeux ? Ca marche comme \u00e7a le f\u00e9odalisme en Velay et c&rsquo;est typique de la gouvernance \u00e0 tous les niveaux des collectivit\u00e9s de Haute-Loire. Qui s&rsquo;y est frott\u00e9 sait de quoi nous parlons.<\/strong><br \/>\n&nbsp;<br \/>\n[fond noir][blanc]<strong>En pleine pol\u00e9mique sur son financement du contour inutile du Perthus sur la RN88<\/strong>[\/blanc][\/fond noir]<br \/>\n&nbsp;<br \/>\n<em>Trains C\u00e9vennes Auvergne<\/em> r\u00e9sumait parfaitement la situation sur Twitter :<br \/>\n&nbsp;<br \/>\n<img loading=\"lazy\" decoding=\"async\" class=\" aligncenter size-full wp-image-3198\" src=\"http:\/\/5.45.101.177\/haut-allier\/usagers-transportse\/wp-content\/uploads\/2021\/02\/screenshot-tweetdeck.twitter.com-2021.02.15-08_36_14.jpg\" alt=\"screenshot-tweetdeck.twitter.com-2021.02.15-08_36_14.jpg\" align=\"center\" width=\"257\" height=\"575\" srcset=\"https:\/\/usagers-transports.haut-allier.eu\/wp-content\/uploads\/2021\/02\/screenshot-tweetdeck.twitter.com-2021.02.15-08_36_14.jpg 257w, https:\/\/usagers-transports.haut-allier.eu\/wp-content\/uploads\/2021\/02\/screenshot-tweetdeck.twitter.com-2021.02.15-08_36_14-134x300.jpg 134w\" sizes=\"auto, (max-width: 257px) 100vw, 257px\" \/><br \/>\n&nbsp;<br \/>\n[fond noir][blanc]<strong>Wauquiez ? Du bluff ? De la mauvaise com ?<\/strong>[\/blanc][\/fond noir]<br \/>\n&nbsp;<br \/>\nSouvenons nous de ses d\u00e9clarations dans la presse :<br \/>\n&nbsp;<br \/>\n<em>\u00ab\u00a0J&rsquo;ai refus\u00e9 qu&rsquo;on ferme les petites lignes (&#8230;)\u00a0\u00bb<\/em> Laurent WAUQUIEZ (4 D\u00e9cembre 2020 sur PUBLIC SENAT)<br \/>\n&nbsp;<br \/>\n<em>\u00ab\u00a0Je ne peux pas me satisfaire que le Chemin de Fer soit abandonn\u00e9 chez nous (&#8230;), je peux pas accepter \u00e7a.\u00a0\u00bb<\/em> Laurent WAUQUIEZ (4 D\u00e9cembre 2020 sur PUBLIC SENAT)<br \/>\n&nbsp;<br \/>\n<em>\u00ab\u00a0On a une r\u00e9gion qui est forte, qui a des moyens importants, c&rsquo;est une des r\u00e9gions les plus puissantes de France, c&rsquo;est pour qu&rsquo;il y ait de la solidarit\u00e9.\u00a0\u00bb<\/em> Laurent WAUQUIEZ (4 D\u00e9cembre 2020 sur PUBLIC SENAT).<br \/>\n&nbsp;<br \/>\n<em>\u00ab\u00a0En Auvergne, les services publics, \u00e7a a une importance, parce que c&rsquo;est un territoire rural.\u00a0\u00bb<\/em> Laurent WAUQUIEZ (4 D\u00e9cembre 2020 sur PUBLIC SENAT).<br \/>\n&nbsp;<br \/>\n<em>\u00ab\u00a0Les services publics, c&rsquo;est souvent ce qui permet de tenir les choses debout, pour moi c&rsquo;est tr\u00e8s important.\u00a0\u00bb<\/em> Laurent WAUQUIEZ (4 D\u00e9cembre 2020 sur PUBLIC SENAT).<br \/>\n&nbsp;<br \/>\n<em>\u00ab\u00a0En mettant de l&rsquo;argent sur la table j&rsquo;oblige le gouvernement\u00a0\u00e0 bouger, j&rsquo;y vais, sans aucun \u00e9tat d&rsquo;\u00e2me.\u00a0\u00bb<\/em> Laurent WAUQUIEZ (4 D\u00e9cembre 2020 sur PUBLIC SENAT).<br \/>\n&nbsp;<br \/>\nSans commentaire.<br \/>\n&nbsp;<br \/>\n[fond noir][blanc]<strong>Un document interm\u00e9diaire pour le Contrat de Plan Etat R\u00e9gion pour 2021 &#8211; 2027 va \u00eatre sign\u00e9 la semaine prochaine<\/strong>[\/blanc][\/fond noir]<br \/>\n&nbsp;<br \/>\n<strong>Ce contrat de plan est le seul espoir du <a href=\"https:\/\/letrain634269.org\"><em>Collectif letrain634269<\/em><\/a> pour le retour de ce grand axe qui relie trois grandes m\u00e9tropoles et ses 3 millions d&rsquo;habitants. Et rien n&rsquo;y figure pour le moment. On apprend que sa signature d\u00e9finitive aura lieu \u00e0 partir de mai MAIS \u00e0 partir du document interm\u00e9diaire d\u00e9cid\u00e9 les 23 et 24 f\u00e9vrier en commission. <\/strong><br \/>\n&nbsp;<br \/>\nVoici son communiqu\u00e9 envoy\u00e9 \u00e0 la presse aujourd&rsquo;hui :<br \/>\n&nbsp;<br \/>\n<a href=\"http:\/\/5.45.101.177\/haut-allier\/usagers-transportse\/wp-content\/uploads\/2021\/02\/communique_de_presse_cper_2021-2027_sans_contact.pdf\">communique_de_presse_cper_2021-2027_sans_contact.pdf<\/a><br \/>\n&nbsp;<br \/>\n<img loading=\"lazy\" decoding=\"async\" class=\" aligncenter size-full wp-image-3200\" src=\"http:\/\/5.45.101.177\/haut-allier\/usagers-transportse\/wp-content\/uploads\/2021\/02\/compressethiers-b.jpg\" alt=\"compressethiers-b.jpg\" align=\"center\" width=\"1222\" height=\"1446\" srcset=\"https:\/\/usagers-transports.haut-allier.eu\/wp-content\/uploads\/2021\/02\/compressethiers-b.jpg 1222w, https:\/\/usagers-transports.haut-allier.eu\/wp-content\/uploads\/2021\/02\/compressethiers-b-254x300.jpg 254w, https:\/\/usagers-transports.haut-allier.eu\/wp-content\/uploads\/2021\/02\/compressethiers-b-865x1024.jpg 865w, https:\/\/usagers-transports.haut-allier.eu\/wp-content\/uploads\/2021\/02\/compressethiers-b-768x909.jpg 768w\" sizes=\"auto, (max-width: 1222px) 100vw, 1222px\" \/><br \/>\n&nbsp;<\/p>\n","protected":false},"excerpt":{"rendered":"<p>C&rsquo;est avec stup\u00e9faction que le collectif pour la r\u00e9ouverture de la ligne Clermont-Ferrand Thiers Bo\u00ebn Saint-Etienne vient de<\/p>\n","protected":false},"author":1,"featured_media":3196,"comment_status":"open","ping_status":"open","sticky":false,"template":"","format":"standard","meta":{"footnotes":""},"categories":[8],"tags":[],"class_list":["post-739","post","type-post","status-publish","format-standard","has-post-thumbnail","hentry","category-communiques"],"_links":{"self":[{"href":"https:\/\/usagers-transports.haut-allier.eu\/index.php\/wp-json\/wp\/v2\/posts\/739","targetHints":{"allow":["GET"]}}],"collection":[{"href":"https:\/\/usagers-transports.haut-allier.eu\/index.php\/wp-json\/wp\/v2\/posts"}],"about":[{"href":"https:\/\/usagers-transports.haut-allier.eu\/index.php\/wp-json\/wp\/v2\/types\/post"}],"author":[{"embeddable":true,"href":"https:\/\/usagers-transports.haut-allier.eu\/index.php\/wp-json\/wp\/v2\/users\/1"}],"replies":[{"embeddable":true,"href":"https:\/\/usagers-transports.haut-allier.eu\/index.php\/wp-json\/wp\/v2\/comments?post=739"}],"version-history":[{"count":0,"href":"https:\/\/usagers-transports.haut-allier.eu\/index.php\/wp-json\/wp\/v2\/posts\/739\/revisions"}],"wp:featuredmedia":[{"embeddable":true,"href":"https:\/\/usagers-transports.haut-allier.eu\/index.php\/wp-json\/wp\/v2\/media\/3196"}],"wp:attachment":[{"href":"https:\/\/usagers-transports.haut-allier.eu\/index.php\/wp-json\/wp\/v2\/media?parent=739"}],"wp:term":[{"taxonomy":"category","embeddable":true,"href":"https:\/\/usagers-transports.haut-allier.eu\/index.php\/wp-json\/wp\/v2\/categories?post=739"},{"taxonomy":"post_tag","embeddable":true,"href":"https:\/\/usagers-transports.haut-allier.eu\/index.php\/wp-json\/wp\/v2\/tags?post=739"}],"curies":[{"name":"wp","href":"https:\/\/api.w.org\/{rel}","templated":true}]}}