{"id":74,"date":"2013-09-18T18:11:00","date_gmt":"2013-09-18T16:11:00","guid":{"rendered":"http:\/\/5.45.101.177\/haut-allier\/usagers-transportse\/index.php\/2013\/09\/18\/ter-auvergne-le-billet-retour-a-un074\/"},"modified":"2013-09-18T18:11:00","modified_gmt":"2013-09-18T16:11:00","slug":"ter-auvergne-le-billet-retour-a-un074","status":"publish","type":"post","link":"https:\/\/usagers-transports.haut-allier.eu\/index.php\/2013\/09\/18\/ter-auvergne-le-billet-retour-a-un074\/","title":{"rendered":"TER Auvergne : le billet retour \u00e0 un euro jusqu&rsquo;au 22\/09\/2013"},"content":{"rendered":"<p>Semaine europ\u00e9enne de la mobilit\u00e9 : la r\u00e9gion Auvergne propose le \u00ab\u00a0retour TER \u00e0 1\u20ac\u00a0\u00bb en partenariat avec la SNCF. L&rsquo;an denrier 1300 personnes ont pu b\u00e9n\u00e9ficier de cette offre. <\/p>\n<p>Pour tout achat d&rsquo;un billet aller pour un d\u00e9placement sur le r\u00e9seau TER Auvergne, le retour, dans la m\u00eame journ\u00e9e, est \u00e0 1 \u20ac pour tous.<\/p>\n<p>Les voyageurs des gorges de l&rsquo;Allier pour qui toute circulation ferroviaire est supprim\u00e9e jusqu&rsquo;\u00e0 d\u00e9but novembre appr\u00e9cieront.<\/p>\n<p>Rien de tout \u00e7a en r\u00e9gion Languedoc &#8211; Roussillon. Il faut dire que toute l&rsquo;ann\u00e9e les trajets sur quelques lignes, une par d\u00e9partement, sont au co\u00fbt d&rsquo;un euro le billet.<\/p>\n<p>Le site <a href=\"http:\/\/www.ter-sncf.com\/Regions\/auvergne\/Fr\/Se_deplacer_en_TER\/Avant_mon_voyage\/Flash_actus\/DetailsFlash_actus.aspx?URI=tcm%3a13-92649\">TER Auvergne<\/a>.<\/p>\n","protected":false},"excerpt":{"rendered":"<p>Semaine europ\u00e9enne de la mobilit\u00e9 : la r\u00e9gion Auvergne propose le \u00ab\u00a0retour TER \u00e0 1\u20ac\u00a0\u00bb en partenariat avec<\/p>\n","protected":false},"author":1,"featured_media":1465,"comment_status":"closed","ping_status":"open","sticky":false,"template":"","format":"standard","meta":{"footnotes":""},"categories":[2],"tags":[],"class_list":["post-74","post","type-post","status-publish","format-standard","has-post-thumbnail","hentry","category-infos"],"_links":{"self":[{"href":"https:\/\/usagers-transports.haut-allier.eu\/index.php\/wp-json\/wp\/v2\/posts\/74","targetHints":{"allow":["GET"]}}],"collection":[{"href":"https:\/\/usagers-transports.haut-allier.eu\/index.php\/wp-json\/wp\/v2\/posts"}],"about":[{"href":"https:\/\/usagers-transports.haut-allier.eu\/index.php\/wp-json\/wp\/v2\/types\/post"}],"author":[{"embeddable":true,"href":"https:\/\/usagers-transports.haut-allier.eu\/index.php\/wp-json\/wp\/v2\/users\/1"}],"replies":[{"embeddable":true,"href":"https:\/\/usagers-transports.haut-allier.eu\/index.php\/wp-json\/wp\/v2\/comments?post=74"}],"version-history":[{"count":0,"href":"https:\/\/usagers-transports.haut-allier.eu\/index.php\/wp-json\/wp\/v2\/posts\/74\/revisions"}],"wp:featuredmedia":[{"embeddable":true,"href":"https:\/\/usagers-transports.haut-allier.eu\/index.php\/wp-json\/wp\/v2\/media\/1465"}],"wp:attachment":[{"href":"https:\/\/usagers-transports.haut-allier.eu\/index.php\/wp-json\/wp\/v2\/media?parent=74"}],"wp:term":[{"taxonomy":"category","embeddable":true,"href":"https:\/\/usagers-transports.haut-allier.eu\/index.php\/wp-json\/wp\/v2\/categories?post=74"},{"taxonomy":"post_tag","embeddable":true,"href":"https:\/\/usagers-transports.haut-allier.eu\/index.php\/wp-json\/wp\/v2\/tags?post=74"}],"curies":[{"name":"wp","href":"https:\/\/api.w.org\/{rel}","templated":true}]}}