{"id":740,"date":"2021-02-17T16:08:28","date_gmt":"2021-02-17T15:08:28","guid":{"rendered":"http:\/\/5.45.101.177\/haut-allier\/usagers-transportse\/index.php\/2021\/02\/17\/la-ville-de-nimes-et-25-autres740\/"},"modified":"2021-02-17T16:08:28","modified_gmt":"2021-02-17T15:08:28","slug":"la-ville-de-nimes-et-25-autres740","status":"publish","type":"post","link":"https:\/\/usagers-transports.haut-allier.eu\/index.php\/2021\/02\/17\/la-ville-de-nimes-et-25-autres740\/","title":{"rendered":"La ville de N\u00eemes et 25 autres communes demandent le retour du train de nuit sur la ligne des C\u00e9vennes ainsi que sa r\u00e9g\u00e9n\u00e9ration"},"content":{"rendered":"<p>De notre discussion avec le maire de N\u00eemes Jean-Paul Fournier il y a dix jours est ressorti la d\u00e9cision \u00e0 l&rsquo;unanimit\u00e9 du conseil municipal de demander le retour du train de nuit N\u00eemes Clermont-Ferrand Paris ainsi que la r\u00e9g\u00e9n\u00e9ration de la ligne des C\u00e9vennes.<br \/>\n&nbsp;<br \/>\n<a href=\"https:\/\/www.lagazettedenimes.fr\/live\/602bd4993b9bd4002bb702d9\/train-la-ville-de-nimes-soutient-le-cevenol\"><img loading=\"lazy\" decoding=\"async\" class=\" aligncenter size-full wp-image-3202\" src=\"http:\/\/5.45.101.177\/haut-allier\/usagers-transportse\/wp-content\/uploads\/2021\/02\/nimes-gazette-2021.02.16-17_59_30.jpg\" alt=\"nimes-gazette-2021.02.16-17_59_30.jpg\" align=\"center\" width=\"651\" height=\"1316\" srcset=\"https:\/\/usagers-transports.haut-allier.eu\/wp-content\/uploads\/2021\/02\/nimes-gazette-2021.02.16-17_59_30.jpg 651w, https:\/\/usagers-transports.haut-allier.eu\/wp-content\/uploads\/2021\/02\/nimes-gazette-2021.02.16-17_59_30-148x300.jpg 148w, https:\/\/usagers-transports.haut-allier.eu\/wp-content\/uploads\/2021\/02\/nimes-gazette-2021.02.16-17_59_30-507x1024.jpg 507w\" sizes=\"auto, (max-width: 651px) 100vw, 651px\" \/><\/a><br \/>\n&nbsp;<br \/>\nC&rsquo;est d\u00e9sormais 26 communes du sud de la ligne, communes &#8211; gares et communes \u00e0 sa proximit\u00e9 imm\u00e9diate, toutes des C\u00e9vennes et du Massif central, du Puy-de-D\u00f4me au Gard en passant par la Haute-Loire et la Loz\u00e8re a porter officiellement le voeu de ce retour, un train de nuit absent du rapport qui va \u00eatre remis aux d\u00e9put\u00e9s bient\u00f4t mais qui a fuit\u00e9 largement dans la presse et donc on connait le contenu.<br \/>\n&nbsp;<br \/>\nIl ne reste plus d\u00e9sormais que Clermont-Ferrand \u00e0 prendre la m\u00eame d\u00e9lib\u00e9ration pour pouvoir proclamer que le voeu est port\u00e9 par la globalit\u00e9 des gares de la ligne du train C\u00e9venol.<br \/>\n&nbsp;<\/p>\n","protected":false},"excerpt":{"rendered":"<p>De notre discussion avec le maire de N\u00eemes Jean-Paul Fournier il y a dix jours est ressorti la<\/p>\n","protected":false},"author":1,"featured_media":3201,"comment_status":"open","ping_status":"open","sticky":false,"template":"","format":"standard","meta":{"footnotes":""},"categories":[8],"tags":[],"class_list":["post-740","post","type-post","status-publish","format-standard","has-post-thumbnail","hentry","category-communiques"],"_links":{"self":[{"href":"https:\/\/usagers-transports.haut-allier.eu\/index.php\/wp-json\/wp\/v2\/posts\/740","targetHints":{"allow":["GET"]}}],"collection":[{"href":"https:\/\/usagers-transports.haut-allier.eu\/index.php\/wp-json\/wp\/v2\/posts"}],"about":[{"href":"https:\/\/usagers-transports.haut-allier.eu\/index.php\/wp-json\/wp\/v2\/types\/post"}],"author":[{"embeddable":true,"href":"https:\/\/usagers-transports.haut-allier.eu\/index.php\/wp-json\/wp\/v2\/users\/1"}],"replies":[{"embeddable":true,"href":"https:\/\/usagers-transports.haut-allier.eu\/index.php\/wp-json\/wp\/v2\/comments?post=740"}],"version-history":[{"count":0,"href":"https:\/\/usagers-transports.haut-allier.eu\/index.php\/wp-json\/wp\/v2\/posts\/740\/revisions"}],"wp:featuredmedia":[{"embeddable":true,"href":"https:\/\/usagers-transports.haut-allier.eu\/index.php\/wp-json\/wp\/v2\/media\/3201"}],"wp:attachment":[{"href":"https:\/\/usagers-transports.haut-allier.eu\/index.php\/wp-json\/wp\/v2\/media?parent=740"}],"wp:term":[{"taxonomy":"category","embeddable":true,"href":"https:\/\/usagers-transports.haut-allier.eu\/index.php\/wp-json\/wp\/v2\/categories?post=740"},{"taxonomy":"post_tag","embeddable":true,"href":"https:\/\/usagers-transports.haut-allier.eu\/index.php\/wp-json\/wp\/v2\/tags?post=740"}],"curies":[{"name":"wp","href":"https:\/\/api.w.org\/{rel}","templated":true}]}}