{"id":741,"date":"2021-02-18T17:53:59","date_gmt":"2021-02-18T16:53:59","guid":{"rendered":"http:\/\/5.45.101.177\/haut-allier\/usagers-transportse\/index.php\/2021\/02\/18\/ligne-du-train-cevenol-pendant-les741\/"},"modified":"2021-02-18T17:53:59","modified_gmt":"2021-02-18T16:53:59","slug":"ligne-du-train-cevenol-pendant-les741","status":"publish","type":"post","link":"https:\/\/usagers-transports.haut-allier.eu\/index.php\/2021\/02\/18\/ligne-du-train-cevenol-pendant-les741\/","title":{"rendered":"Ligne du train C\u00e9venol : pendant les 3 prochains mois de travaux des minibus pr\u00e9vus dans les gorges de l&rsquo;Allier [MAJ]"},"content":{"rendered":"<p>Durant la coupure de ligne et les travaux du 29 mars au 2 juillet 2021, Raoul Pera de SNCF TER AuRA Clermont-Ferrand nous a confirm\u00e9 de visu il y a une semaine que pour palier \u00e0 la r\u00e9cente suppression des TAD, taxis \u00e0 la demande, dans les gorges de l&rsquo;Allier, puisque les bus de substitution entre N\u00eemes et Clermont restent sur la RN88 et n&rsquo;y descendent pas, <strong>des minibus allaient desservir les gares de Chapeauroux, Alleyras et Monistrol d&rsquo;Allier.<\/strong><br \/>\n&nbsp;<br \/>\nLe probl\u00e8me de non synchronisation sur le syst\u00e8me TAD entre les r\u00e9gion Occitanie et Auvergne Rh\u00f4ne Alpes, proviendrait du fait que les deux conventions SNCF \/ R\u00e9gion ne sont pas r\u00e9dig\u00e9es de la m\u00eame fa\u00e7on, nous a-t-il expliqu\u00e9.<br \/>\n&nbsp;<br \/>\nUne solution devrait \u00eatre trouv\u00e9e pour les prochaines ann\u00e9es. De m\u00eame que les travaux devraient \u00eatre avanc\u00e9s pour ne pas empi\u00e9ter sur la saison estivale et printani\u00e8re propices aux randonn\u00e9es et le tourisme dans le Massif central.<br \/>\n&nbsp;<br \/>\nUne petite am\u00e9lioration donc. Les modalit\u00e9s seront indiqu\u00e9es sur les prochains horaires TER SNCF AuRA.<br \/>\n&nbsp;<br \/>\n[fond rouge][blanc]<strong>[MAJ du 2 Mars]<\/strong>[\/blanc][\/fond rouge]<br \/>\n&nbsp;<br \/>\n[(Monsieur PERA nous pr\u00e9cise que :<br \/>\n&#8211; <strong>le TER du matin sera sera remplac\u00e9 par une navette minibus<\/strong> qui reliera Chapeauroux, Alleyras et Monistrol \u00e0 Langeac et \u00e0 Langogne, dans les deux sens.<br \/>\n&#8211; <strong>pour l&rsquo;ex train C\u00e9venol g\u00e9r\u00e9 par la r\u00e9gion Occitanie il y aura encore des TAD<\/strong> taxi \u00e0 la demande avec r\u00e9servation la veille, num\u00e9ro \u00e0 appeler ici tr\u00e8s bient\u00f4t.<br \/>\n&#8211; <strong>que rien n&rsquo;est pr\u00e9vu pour la substitution concernant le TER du soir<\/strong>.<br \/>\n&nbsp;<br \/>\nC&rsquo;est toujours mieux que rien mais \u00e7a devient compliqu\u00e9&#8230;<br \/>\n&nbsp;)]<\/p>\n","protected":false},"excerpt":{"rendered":"<p>Durant la coupure de ligne et les travaux du 29 mars au 2 juillet 2021, Raoul Pera de<\/p>\n","protected":false},"author":1,"featured_media":3203,"comment_status":"open","ping_status":"open","sticky":false,"template":"","format":"standard","meta":{"footnotes":""},"categories":[8],"tags":[],"class_list":["post-741","post","type-post","status-publish","format-standard","has-post-thumbnail","hentry","category-communiques"],"_links":{"self":[{"href":"https:\/\/usagers-transports.haut-allier.eu\/index.php\/wp-json\/wp\/v2\/posts\/741","targetHints":{"allow":["GET"]}}],"collection":[{"href":"https:\/\/usagers-transports.haut-allier.eu\/index.php\/wp-json\/wp\/v2\/posts"}],"about":[{"href":"https:\/\/usagers-transports.haut-allier.eu\/index.php\/wp-json\/wp\/v2\/types\/post"}],"author":[{"embeddable":true,"href":"https:\/\/usagers-transports.haut-allier.eu\/index.php\/wp-json\/wp\/v2\/users\/1"}],"replies":[{"embeddable":true,"href":"https:\/\/usagers-transports.haut-allier.eu\/index.php\/wp-json\/wp\/v2\/comments?post=741"}],"version-history":[{"count":0,"href":"https:\/\/usagers-transports.haut-allier.eu\/index.php\/wp-json\/wp\/v2\/posts\/741\/revisions"}],"wp:featuredmedia":[{"embeddable":true,"href":"https:\/\/usagers-transports.haut-allier.eu\/index.php\/wp-json\/wp\/v2\/media\/3203"}],"wp:attachment":[{"href":"https:\/\/usagers-transports.haut-allier.eu\/index.php\/wp-json\/wp\/v2\/media?parent=741"}],"wp:term":[{"taxonomy":"category","embeddable":true,"href":"https:\/\/usagers-transports.haut-allier.eu\/index.php\/wp-json\/wp\/v2\/categories?post=741"},{"taxonomy":"post_tag","embeddable":true,"href":"https:\/\/usagers-transports.haut-allier.eu\/index.php\/wp-json\/wp\/v2\/tags?post=741"}],"curies":[{"name":"wp","href":"https:\/\/api.w.org\/{rel}","templated":true}]}}