{"id":742,"date":"2021-02-19T18:28:23","date_gmt":"2021-02-19T17:28:23","guid":{"rendered":"http:\/\/5.45.101.177\/haut-allier\/usagers-transportse\/index.php\/2021\/02\/19\/reouverture-de-la-ligne-clermont742\/"},"modified":"2021-02-19T18:28:23","modified_gmt":"2021-02-19T17:28:23","slug":"reouverture-de-la-ligne-clermont742","status":"publish","type":"post","link":"https:\/\/usagers-transports.haut-allier.eu\/index.php\/2021\/02\/19\/reouverture-de-la-ligne-clermont742\/","title":{"rendered":"R\u00e9ouverture de la ligne Clermont-Fd Thiers Bo\u00ebn St-Etienne Lyon : Laurent Wauquiez passe \u00e0 l&rsquo;offensive"},"content":{"rendered":"<p>La r\u00e9gion Auvergne Rh\u00f4ne Alpes \u00e9tait la seule \u00e0 pouvoir d\u00e9bloquer la situation et son pr\u00e9sident y a \u00e9t\u00e9 sensible nous apprend l&rsquo;<a href=\"https:\/\/www.lamontagne.fr\/thiers-63300\/actualites\/laurent-wauquiez-passe-a-l-offensive-pour-sauver-la-ligne-thiers-boen-entre-puy-de-dome-et-loire-un-troncon-ferroviaire-ferme-depuis-2016_13917831\/\"><em> <strong>article de la Montagne<\/strong> <\/em><\/a> ce soir.<br \/>\n&nbsp;<br \/>\nNous adressons un grand bravo au travail soutenu de tout le <a href=\"https:\/\/letrain634269.org\"><strong>Collectif du train 634269<\/strong><\/a> qui a obtenu \u00e0 l&rsquo;arrach\u00e9e cette action salvatrice de Laurent Wauquiez.<br \/>\n&nbsp;<br \/>\nEt nous vous laissons lire l&rsquo;article ci-dessous. La r\u00e9action officielle du Collectif fera l&rsquo;objet d&rsquo;un communiqu\u00e9 de presse dans la soir\u00e9e ou demain. Si tout n&rsquo;est pas parfait et notamment la longueur de remise de l&rsquo;\u00e9tude annonc\u00e9e financ\u00e9e par la r\u00e9gion, alors que des cabinets avec qui le Collectif est en contact peuvent l&rsquo;effectuer dans un d\u00e9lai d&rsquo;un \u00e0 quelques mois, nous appr\u00e9cions les annonces de Laurent Wauquiez.<br \/>\n&nbsp;<br \/>\nNous notons aussi avec amusement que le pr\u00e9sident de r\u00e9gion a obtenu de SNCF R\u00e9seau l&rsquo;arr\u00eat du d\u00e9mant\u00e8lement des passage \u00e0 niveaux, sabotage que la soci\u00e9t\u00e9 dite ferroviaire refusait de reconna\u00eetre dans un article r\u00e9cent de la Montagne :<a href=\"https:\/\/www.lamontagne.fr\/thiers-63300\/actualites\/sncf-reseau-infirme-les-travaux-denonces-par-un-collectif-concernant-la-ligne-entre-thiers-puy-de-dome-et-boen-sur-lignon-loire_13915099\/\"> <em>SNCF R\u00e9seau infirme les travaux d\u00e9nonc\u00e9s par un collectif concernant la ligne entre Thiers (Puy-de-D\u00f4me) et Bo\u00ebn-sur-Lignon (Loire)<\/em> <\/a>. Pan sur les doigts !<br \/>\n&nbsp;<br \/>\n<img loading=\"lazy\" decoding=\"async\" class=\" aligncenter size-full wp-image-3205\" src=\"http:\/\/5.45.101.177\/haut-allier\/usagers-transportse\/wp-content\/uploads\/2021\/02\/screenshot-www.lamontagne.fr-2021.02.19-18_14_31-scaled.jpg\" alt=\"screenshot-www.lamontagne.fr-2021.02.19-18_14_31.jpg\" align=\"center\" width=\"518\" height=\"2560\" srcset=\"https:\/\/usagers-transports.haut-allier.eu\/wp-content\/uploads\/2021\/02\/screenshot-www.lamontagne.fr-2021.02.19-18_14_31-scaled.jpg 518w, https:\/\/usagers-transports.haut-allier.eu\/wp-content\/uploads\/2021\/02\/screenshot-www.lamontagne.fr-2021.02.19-18_14_31-61x300.jpg 61w, https:\/\/usagers-transports.haut-allier.eu\/wp-content\/uploads\/2021\/02\/screenshot-www.lamontagne.fr-2021.02.19-18_14_31-207x1024.jpg 207w, https:\/\/usagers-transports.haut-allier.eu\/wp-content\/uploads\/2021\/02\/screenshot-www.lamontagne.fr-2021.02.19-18_14_31-311x1536.jpg 311w\" sizes=\"auto, (max-width: 518px) 100vw, 518px\" \/><br \/>\n&nbsp;<br \/>\nEt sur le Progr\u00e8s du 21 f\u00e9vrier : <a href=\"https:\/\/www.leprogres.fr\/economie\/2021\/02\/21\/une-etude-sur-le-cout-des-travaux-de-la-ligne-ferroviaire-boen-thiers-train-loire-forez-puy-de-dome\"><em>Une \u00e9tude sur le co\u00fbt des travaux de la ligne ferroviaire Bo\u00ebn-Thiers<\/em><\/a><br \/>\n&nbsp;<br \/>\n<img loading=\"lazy\" decoding=\"async\" class=\" aligncenter size-full wp-image-3206\" src=\"http:\/\/5.45.101.177\/haut-allier\/usagers-transportse\/wp-content\/uploads\/2021\/02\/screenshot-www.leprogres.fr-2021.02.21-14_13_06-scaled.jpg\" alt=\"screenshot-www.leprogres.fr-2021.02.21-14_13_06.jpg\" align=\"center\" width=\"1024\" height=\"2560\" srcset=\"https:\/\/usagers-transports.haut-allier.eu\/wp-content\/uploads\/2021\/02\/screenshot-www.leprogres.fr-2021.02.21-14_13_06-scaled.jpg 1024w, https:\/\/usagers-transports.haut-allier.eu\/wp-content\/uploads\/2021\/02\/screenshot-www.leprogres.fr-2021.02.21-14_13_06-120x300.jpg 120w, https:\/\/usagers-transports.haut-allier.eu\/wp-content\/uploads\/2021\/02\/screenshot-www.leprogres.fr-2021.02.21-14_13_06-409x1024.jpg 409w, https:\/\/usagers-transports.haut-allier.eu\/wp-content\/uploads\/2021\/02\/screenshot-www.leprogres.fr-2021.02.21-14_13_06-768x1921.jpg 768w, https:\/\/usagers-transports.haut-allier.eu\/wp-content\/uploads\/2021\/02\/screenshot-www.leprogres.fr-2021.02.21-14_13_06-614x1536.jpg 614w, https:\/\/usagers-transports.haut-allier.eu\/wp-content\/uploads\/2021\/02\/screenshot-www.leprogres.fr-2021.02.21-14_13_06-819x2048.jpg 819w\" sizes=\"auto, (max-width: 1024px) 100vw, 1024px\" \/><br \/>\n&nbsp;<\/p>\n","protected":false},"excerpt":{"rendered":"<p>La r\u00e9gion Auvergne Rh\u00f4ne Alpes \u00e9tait la seule \u00e0 pouvoir d\u00e9bloquer la situation et son pr\u00e9sident y a<\/p>\n","protected":false},"author":1,"featured_media":3204,"comment_status":"open","ping_status":"open","sticky":false,"template":"","format":"standard","meta":{"footnotes":""},"categories":[2],"tags":[],"class_list":["post-742","post","type-post","status-publish","format-standard","has-post-thumbnail","hentry","category-infos"],"_links":{"self":[{"href":"https:\/\/usagers-transports.haut-allier.eu\/index.php\/wp-json\/wp\/v2\/posts\/742","targetHints":{"allow":["GET"]}}],"collection":[{"href":"https:\/\/usagers-transports.haut-allier.eu\/index.php\/wp-json\/wp\/v2\/posts"}],"about":[{"href":"https:\/\/usagers-transports.haut-allier.eu\/index.php\/wp-json\/wp\/v2\/types\/post"}],"author":[{"embeddable":true,"href":"https:\/\/usagers-transports.haut-allier.eu\/index.php\/wp-json\/wp\/v2\/users\/1"}],"replies":[{"embeddable":true,"href":"https:\/\/usagers-transports.haut-allier.eu\/index.php\/wp-json\/wp\/v2\/comments?post=742"}],"version-history":[{"count":0,"href":"https:\/\/usagers-transports.haut-allier.eu\/index.php\/wp-json\/wp\/v2\/posts\/742\/revisions"}],"wp:featuredmedia":[{"embeddable":true,"href":"https:\/\/usagers-transports.haut-allier.eu\/index.php\/wp-json\/wp\/v2\/media\/3204"}],"wp:attachment":[{"href":"https:\/\/usagers-transports.haut-allier.eu\/index.php\/wp-json\/wp\/v2\/media?parent=742"}],"wp:term":[{"taxonomy":"category","embeddable":true,"href":"https:\/\/usagers-transports.haut-allier.eu\/index.php\/wp-json\/wp\/v2\/categories?post=742"},{"taxonomy":"post_tag","embeddable":true,"href":"https:\/\/usagers-transports.haut-allier.eu\/index.php\/wp-json\/wp\/v2\/tags?post=742"}],"curies":[{"name":"wp","href":"https:\/\/api.w.org\/{rel}","templated":true}]}}